{"id":777,"date":"2026-04-10T09:30:00","date_gmt":"2026-04-10T12:30:00","guid":{"rendered":"https:\/\/lojaintegrada.com.br/hub\/\/?p=777"},"modified":"2026-04-01T10:33:30","modified_gmt":"2026-04-01T13:33:30","slug":"fotos-de-produtos","status":"publish","type":"post","link":"https:\/\/lojaintegrada.com.br/hub\/fotos-de-produtos\/","title":{"rendered":"Fotos de produtos para e-commerce: otimiza\u00e7\u00e3o e IA"},"content":{"rendered":"\n<p>Investir em <strong>fotos de produtos para e-commerce<\/strong> \u00e9 uma das decis\u00f5es mais importantes para quem quer vender melhor no ambiente digital. Como o cliente n\u00e3o pode tocar, testar ou ver o item de perto, a imagem assume parte do papel que a vitrine e o contato f\u00edsico teriam em uma loja presencial.&nbsp;<\/p>\n\n\n\n<p>Por isso, quando as fotos s\u00e3o claras, consistentes e bem produzidas, a confian\u00e7a na compra tende a aumentar.<\/p>\n\n\n\n<p>Al\u00e9m disso,&nbsp; as fotos impactam diretamente a percep\u00e7\u00e3o de profissionalismo da loja e a qualidade da navega\u00e7\u00e3o. Se as imagens estiverem mal enquadradas, pesadas ou pouco n\u00edtidas, o produto perde for\u00e7a e a experi\u00eancia do usu\u00e1rio tamb\u00e9m piora. Dessa forma, cuidar bem das imagens n\u00e3o \u00e9 apenas uma decis\u00e3o visual, mas uma a\u00e7\u00e3o que influencia convers\u00e3o, desempenho e credibilidade.<\/p>\n\n\n\n<p>Ao mesmo tempo, a otimiza\u00e7\u00e3o com IA e automa\u00e7\u00e3o ajuda a tornar esse processo mais r\u00e1pido e mais escal\u00e1vel. Em vez de depender de ajustes manuais em cada arquivo, a loja pode padronizar imagens, remover fundo, comprimir arquivos e organizar o cat\u00e1logo com mais efici\u00eancia.<\/p>\n\n\n\n<h2 class=\"wp-block-heading\">O que s\u00e3o fotos de produtos para e-commerce?<\/h2>\n\n\n\n<p>As <strong>fotos de produtos para e-commerce<\/strong> s\u00e3o imagens pensadas para apresentar um item com clareza, fidelidade e apelo visual dentro da loja online. Diferente de uma foto mais publicit\u00e1ria ou institucional, esse tipo de imagem precisa ajudar o cliente a entender exatamente o que est\u00e1 sendo vendido. Portanto, o foco est\u00e1 em mostrar detalhes, reduzir d\u00favidas e facilitar a decis\u00e3o de compra.<\/p>\n\n\n\n<p>Al\u00e9m disso, essas imagens precisam manter consist\u00eancia entre si para que o cat\u00e1logo da loja pare\u00e7a organizado e confi\u00e1vel. Quando o enquadramento, ilumina\u00e7\u00e3o, fundo e estilo variam demais, a navega\u00e7\u00e3o perde qualidade e o cliente pode perceber a loja como menos profissional. Por isso, trabalhar bem tamb\u00e9m significa cuidar da padroniza\u00e7\u00e3o visual ao longo de diferentes categorias e p\u00e1ginas.<\/p>\n\n\n\n<p>Outro ponto importante \u00e9 que essas fotos n\u00e3o se limitam \u00e0 imagem principal do produto. Tamb\u00e9m fazem parte desse conjunto imagens de detalhe, \u00e2ngulos complementares, textura, escala e contexto de uso, quando isso ajudar o cliente a entender melhor o item.<\/p>\n\n\n\n<p>Investir nesse tipo de imagem \u00e9 investir em confian\u00e7a. Quando o cliente percebe que a loja mostra o produto com clareza e sem esconder detalhes, a decis\u00e3o tende a acontecer com mais seguran\u00e7a. Assim, boas imagens fortalecem a percep\u00e7\u00e3o da marca e ajudam a transformar a visita em venda de forma mais natural.<\/p>\n\n\n\n<h2 class=\"wp-block-heading\">Por que fotos de produtos de qualidade s\u00e3o essenciais<\/h2>\n\n\n\n<p>A qualidade das imagens influencia diretamente a forma como o cliente percebe o produto e a pr\u00f3pria loja. Quando as <strong>fotos de produtos para e-commerce<\/strong> s\u00e3o n\u00edtidas, bem iluminadas e coerentes com o que est\u00e1 sendo vendido, a experi\u00eancia fica mais clara e a chance de o visitante confiar na compra aumenta. Portanto, a imagem n\u00e3o atua apenas como apoio visual, mas como parte da argumenta\u00e7\u00e3o de venda.<\/p>\n\n\n\n<p>Al\u00e9m disso, fotos melhores ajudam a destacar detalhes que fariam diferen\u00e7a na decis\u00e3o de compra, como textura, acabamento, cor e propor\u00e7\u00e3o. Em muitos casos, \u00e9 justamente a imagem que elimina a d\u00favida que ainda separa o cliente do clique final. Dessa forma, trabalhar bem as <strong>fotos de produtos para e-commerce<\/strong> ajuda a reduzir barreiras e melhora a leitura do cat\u00e1logo como um todo.<\/p>\n\n\n\n<p>Outro ponto importante est\u00e1 no desempenho da p\u00e1gina. Imagens pesadas, mal dimensionadas ou mal otimizadas podem afetar o tempo de carregamento e prejudicar m\u00e9tricas importantes, como Core Web Vitals e taxa de rejei\u00e7\u00e3o. Assim, quando a loja cuida da qualidade e da leveza das <strong>fotos de produtos para e-commerce<\/strong>, melhora n\u00e3o s\u00f3 a apresenta\u00e7\u00e3o do produto, mas tamb\u00e9m a navega\u00e7\u00e3o e a performance do site.<\/p>\n\n\n\n<p>Por fim, imagens consistentes refor\u00e7am identidade visual e profissionalismo. Quando o cat\u00e1logo segue um padr\u00e3o, a loja transmite mais organiza\u00e7\u00e3o e cuidado em cada detalhe. Isso ajuda o cliente a navegar com mais confian\u00e7a e torna a experi\u00eancia mais agrad\u00e1vel do come\u00e7o ao fim.<\/p>\n\n\n<div class=\"wp-block-image\">\n<figure class=\"aligncenter size-large\"><img fetchpriority=\"high\" decoding=\"async\" width=\"1024\" height=\"683\" src=\"https:\/\/lojaintegrada.com.br/hub\/wp-content\/uploads\/2021\/07\/side-view-woman-working-photography-studio-1024x683.webp\" alt=\"fotos de produtos para e-commerce\" class=\"wp-image-50441\" srcset=\"https:\/\/lojaintegrada.com.br/hub\/wp-content\/uploads\/2021\/07\/side-view-woman-working-photography-studio-1024x683.webp 1024w, https:\/\/lojaintegrada.com.br/hub\/wp-content\/uploads\/2021\/07\/side-view-woman-working-photography-studio-300x200.webp 300w, https:\/\/lojaintegrada.com.br/hub\/wp-content\/uploads\/2021\/07\/side-view-woman-working-photography-studio-768x512.webp 768w, https:\/\/lojaintegrada.com.br/hub\/wp-content\/uploads\/2021\/07\/side-view-woman-working-photography-studio-600x400.webp 600w, https:\/\/lojaintegrada.com.br/hub\/wp-content\/uploads\/2021\/07\/side-view-woman-working-photography-studio.webp 1200w\" sizes=\"(max-width: 1024px) 100vw, 1024px\" \/><figcaption class=\"wp-element-caption\">Fonte: Freepik.<\/figcaption><\/figure>\n<\/div>\n\n\n<h2 class=\"wp-block-heading\"><strong>Dicas para tirar fotos de produtos para vender<\/strong><\/h2>\n\n\n\n<p>Tirar boas <strong>fotos de produtos para e-commerce<\/strong> exige mais organiza\u00e7\u00e3o do que um equipamento caro. O ponto principal \u00e9 preparar o item corretamente, escolher um fundo que n\u00e3o distraia e garantir ilumina\u00e7\u00e3o suficiente para mostrar o produto com fidelidade.&nbsp;<\/p>\n\n\n\n<p>Por isso, antes mesmo de fotografar, vale limpar o item, ajustar pequenos detalhes visuais e pensar no melhor \u00e2ngulo para destacar o que realmente importa.<\/p>\n\n\n\n<p>Al\u00e9m disso, \u00e9 importante manter consist\u00eancia entre as imagens para que o cat\u00e1logo da loja fique mais claro e mais profissional. Quando cada produto parece seguir uma l\u00f3gica diferente de enquadramento, luz ou estilo, a navega\u00e7\u00e3o perde qualidade e o cliente pode sentir que falta cuidado na apresenta\u00e7\u00e3o.<\/p>\n\n\n\n<p>Alguns pontos merecem aten\u00e7\u00e3o logo no in\u00edcio:<\/p>\n\n\n\n<ul class=\"wp-block-list\">\n<li>Preparar bem o produto antes da foto.<\/li>\n\n\n\n<li>Usar fundo limpo e sem distra\u00e7\u00e3o.<\/li>\n\n\n\n<li>Priorizar boa ilumina\u00e7\u00e3o.<\/li>\n\n\n\n<li>Mostrar \u00e2ngulos importantes.<\/li>\n\n\n\n<li>Incluir contexto de uso quando fizer sentido.<\/li>\n<\/ul>\n\n\n\n<p>O equipamento ajuda, mas n\u00e3o precisa ser sofisticado para que o resultado seja bom. Um smartphone com boa c\u00e2mera, um trip\u00e9 simples e uma fonte de luz bem posicionada j\u00e1 resolvem bastante coisa em muitos cat\u00e1logos. Assim, as <strong>fotos de produtos para e-commerce<\/strong> podem ganhar qualidade de forma acess\u00edvel, desde que a loja cuide da prepara\u00e7\u00e3o, da composi\u00e7\u00e3o e da repeti\u00e7\u00e3o de um mesmo padr\u00e3o entre os produtos.<\/p>\n\n\n\n<p>Tamb\u00e9m vale pensar em imagens complementares, como kits montados, embalagem, escala de tamanho ou modo de uso. Esse tipo de foto pode reduzir d\u00favida e melhorar a percep\u00e7\u00e3o sobre o que o cliente vai receber. Portanto, quanto mais clara for a apresenta\u00e7\u00e3o visual, maior tende a ser a seguran\u00e7a na compra.<\/p>\n\n\n\n<h2 class=\"wp-block-heading\"><strong>Gera\u00e7\u00e3o de imagens em lote com IA<\/strong><\/h2>\n\n\n\n<p>A gera\u00e7\u00e3o e o tratamento em lote com IA ajudam bastante quando a loja precisa lidar com muitas imagens ao mesmo tempo. Em vez de editar arquivo por arquivo, o lojista consegue remover fundos, ajustar enquadramento, padronizar ilumina\u00e7\u00e3o e aplicar corre\u00e7\u00f5es em v\u00e1rias imagens de uma s\u00f3 vez. Dessa forma, as <strong>fotos de produtos para e-commerce<\/strong> ganham consist\u00eancia com muito menos retrabalho manual na rotina.<\/p>\n\n\n\n<p>Al\u00e9m disso, esse tipo de automa\u00e7\u00e3o \u00e9 \u00fatil para cat\u00e1logos grandes, opera\u00e7\u00f5es com atualiza\u00e7\u00e3o frequente e equipes mais enxutas. Quando a loja precisa subir muitos produtos ou revisar imagens em escala, a IA ajuda a manter um padr\u00e3o visual sem comprometer tanto o tempo da opera\u00e7\u00e3o. Por isso, o uso dessas ferramentas faz sentido principalmente quando o desafio n\u00e3o \u00e9 s\u00f3 criar a foto, mas manter qualidade ao longo de todo o cat\u00e1logo.<\/p>\n\n\n\n<p>Outro ganho importante est\u00e1 na padroniza\u00e7\u00e3o. Em muitos casos, as <strong>fotos<\/strong> chegam com varia\u00e7\u00f5es de fundo, brilho, corte e alinhamento que deixam a vitrine irregular. Com IA, a loja consegue tratar esses arquivos com mais rapidez e criar uma apar\u00eancia mais uniforme entre produtos da mesma categoria. Assim, a apresenta\u00e7\u00e3o fica mais organizada e a navega\u00e7\u00e3o se torna mais agrad\u00e1vel para o cliente.<\/p>\n\n\n\n<p>Ainda assim, a automa\u00e7\u00e3o funciona melhor quando a base das imagens j\u00e1 \u00e9 razoavelmente boa. A IA ajuda muito a otimizar e padronizar, mas n\u00e3o substitui completamente uma foto mal feita ou um produto mal apresentado. Portanto, o melhor resultado costuma aparecer quando a loja combina boa captura com automa\u00e7\u00e3o inteligente na etapa de tratamento.<\/p>\n\n\n\n<h2 class=\"wp-block-heading\"><strong>Otimiza\u00e7\u00e3o de fotos para e-commerce<\/strong><\/h2>\n\n\n\n<p>Otimizar <strong>fotos de produtos para e-commerce<\/strong> \u00e9 essencial para equilibrar qualidade visual e velocidade de carregamento. Se a imagem est\u00e1 pesada demais, a p\u00e1gina fica lenta e a experi\u00eancia do usu\u00e1rio piora. Se a compress\u00e3o \u00e9 excessiva, o produto perde detalhe e passa menos confian\u00e7a. Por isso, a otimiza\u00e7\u00e3o precisa encontrar um meio-termo entre fidelidade visual e desempenho t\u00e9cnico.<\/p>\n\n\n\n<p>Al\u00e9m disso, escolher o formato certo faz diferen\u00e7a no resultado. Em muitos casos, JPEG e WebP funcionam bem para manter leveza e boa qualidade, enquanto PNG faz mais sentido em situa\u00e7\u00f5es espec\u00edficas, como imagens com transpar\u00eancia. Dessa forma, trabalhar corretamente as <strong>fotos de produtos para e-commerce<\/strong> tamb\u00e9m envolve decis\u00f5es t\u00e9cnicas que afetam tanto o SEO quanto a usabilidade da loja.<\/p>\n\n\n\n<p>Os principais pontos s\u00e3o estes:<\/p>\n\n\n\n<ul class=\"wp-block-list\">\n<li>Escolher formatos adequados, como JPEG ou WebP.<\/li>\n\n\n\n<li>Comprimir sem perder qualidade percept\u00edvel.<\/li>\n\n\n\n<li>Redimensionar para o uso real na p\u00e1gina.<\/li>\n\n\n\n<li>Nomear arquivos com l\u00f3gica descritiva.<\/li>\n\n\n\n<li>Preencher alt text com clareza.<\/li>\n<\/ul>\n\n\n\n<p>Outro cuidado importante \u00e9 n\u00e3o subir imagens maiores do que o necess\u00e1rio para a \u00e1rea em que ser\u00e3o exibidas. Muitas lojas publicam arquivos pesados pensando em qualidade, mas acabam s\u00f3 prejudicando a performance sem ganho visual real para o usu\u00e1rio.&nbsp;<\/p>\n\n\n\n<p>Al\u00e9m disso, otimiza\u00e7\u00e3o de imagem tamb\u00e9m ajuda na busca org\u00e2nica quando o arquivo recebe nome descritivo e alt text relevante. Isso melhora a compreens\u00e3o do conte\u00fado pelo Google e refor\u00e7a a organiza\u00e7\u00e3o do cat\u00e1logo. Portanto, tratar bem essa etapa ajuda a loja tanto em performance quanto em SEO.<\/p>\n\n\n<div class=\"wp-block-image\">\n<figure class=\"aligncenter size-large\"><img decoding=\"async\" width=\"1024\" height=\"683\" src=\"https:\/\/lojaintegrada.com.br/hub\/wp-content\/uploads\/2021\/07\/medium-shot-specialized-photographer-taking-photos-1024x683.webp\" alt=\"fotos de produtos para e-commerce\" class=\"wp-image-50443\" srcset=\"https:\/\/lojaintegrada.com.br/hub\/wp-content\/uploads\/2021\/07\/medium-shot-specialized-photographer-taking-photos-1024x683.webp 1024w, https:\/\/lojaintegrada.com.br/hub\/wp-content\/uploads\/2021\/07\/medium-shot-specialized-photographer-taking-photos-300x200.webp 300w, https:\/\/lojaintegrada.com.br/hub\/wp-content\/uploads\/2021\/07\/medium-shot-specialized-photographer-taking-photos-768x512.webp 768w, https:\/\/lojaintegrada.com.br/hub\/wp-content\/uploads\/2021\/07\/medium-shot-specialized-photographer-taking-photos-600x400.webp 600w, https:\/\/lojaintegrada.com.br/hub\/wp-content\/uploads\/2021\/07\/medium-shot-specialized-photographer-taking-photos.webp 1200w\" sizes=\"(max-width: 1024px) 100vw, 1024px\" \/><figcaption class=\"wp-element-caption\">Fonte: Freepik.<\/figcaption><\/figure>\n<\/div>\n\n\n<h2 class=\"wp-block-heading\"><strong>Como automatizar o fluxo de fotos do seu e-commerce<\/strong><\/h2>\n\n\n\n<p>Automatizar o fluxo de <strong>fotos de produtos para e-commerce<\/strong> \u00e9 uma maneira eficiente de reduzir tarefas repetitivas e manter o cat\u00e1logo mais organizado. Em vez de redimensionar, comprimir e revisar imagens manualmente a cada novo produto, a loja pode criar um processo com regras claras para que boa parte dessas etapas aconte\u00e7a de forma autom\u00e1tica. Assim, a rotina ganha agilidade sem perder consist\u00eancia visual.<\/p>\n\n\n\n<p>Al\u00e9m disso, a automa\u00e7\u00e3o ajuda a reduzir erros que costumam surgir quando o processo depende demais de a\u00e7\u00e3o manual. Fundos diferentes, imagens fora do padr\u00e3o, arquivos pesados ou fotos publicadas no tamanho errado podem prejudicar a experi\u00eancia de compra e aumentar o retrabalho. Dessa forma, estruturar o fluxo das <strong>fotos <\/strong>ajuda a melhorar tanto a organiza\u00e7\u00e3o interna quanto a apresenta\u00e7\u00e3o final da loja.<\/p>\n\n\n\n<p>Outro ponto importante \u00e9 que esse fluxo pode ser adaptado por categoria, tipo de produto ou canal de publica\u00e7\u00e3o. Em alguns casos, a loja pode definir padr\u00f5es diferentes para produtos t\u00e9cnicos, itens de moda ou kits promocionais.<\/p>\n\n\n\n<p>Quando esse processo conversa bem com a plataforma da loja, tudo fica ainda mais simples. Na Loja Integrada, por exemplo, a organiza\u00e7\u00e3o do cat\u00e1logo pode ficar mais pr\u00e1tica quando as imagens j\u00e1 chegam tratadas, padronizadas e prontas para publica\u00e7\u00e3o.&nbsp;<\/p>\n\n\n\n<p>Portanto, automatizar o fluxo n\u00e3o significa apenas ganhar tempo, mas criar uma base mais confi\u00e1vel para manter o cat\u00e1logo profissional ao longo do crescimento da opera\u00e7\u00e3o.<\/p>\n\n\n\n<h2 class=\"wp-block-heading\"><strong>Boas pr\u00e1ticas adicionais para fotos de produtos para e-commerce<\/strong><\/h2>\n\n\n\n<p>Depois de acertar o b\u00e1sico, vale refinar a consist\u00eancia visual do cat\u00e1logo com algumas rotinas adicionais. Pequenos detalhes de enquadramento, contraste, repeti\u00e7\u00e3o de \u00e2ngulo e fidelidade de cor ajudam a loja a parecer mais organizada e facilitam a navega\u00e7\u00e3o do cliente entre produtos da mesma categoria. Por isso, boas pr\u00e1ticas complementares fazem diferen\u00e7a mesmo quando a base das imagens j\u00e1 est\u00e1 bem resolvida.<\/p>\n\n\n\n<p>Al\u00e9m disso, testar diferentes abordagens em produtos estrat\u00e9gicos pode trazer aprendizados valiosos. Em alguns casos, uma imagem de contexto funciona melhor do que uma composi\u00e7\u00e3o totalmente neutra. Em outros, um detalhe de textura ou uma foto mais pr\u00f3xima faz mais diferen\u00e7a do que uma foto geral. Dessa maneira, trabalhar bem as <strong>fotos de produtos para e-commerce<\/strong> tamb\u00e9m envolve observar o que gera mais engajamento e mais convers\u00e3o dentro da pr\u00f3pria loja.<\/p>\n\n\n\n<p>Entre as pr\u00e1ticas mais \u00fateis, vale destacar:<\/p>\n\n\n\n<ul class=\"wp-block-list\">\n<li>Padronizar \u00e2ngulos e enquadramentos.<\/li>\n\n\n\n<li>Manter identidade visual entre categorias.<\/li>\n\n\n\n<li>Testar imagens diferentes em produtos estrat\u00e9gicos.<\/li>\n\n\n\n<li>Reaproveitar fotos em outros canais.<\/li>\n\n\n\n<li>Revisar foco, brilho e fidelidade de cor.<\/li>\n<\/ul>\n\n\n\n<p>Tamb\u00e9m vale pensar no reaproveitamento dessas imagens em redes sociais, marketplaces e pe\u00e7as de divulga\u00e7\u00e3o. Quando a loja j\u00e1 trabalha com padr\u00e3o visual e arquivos bem organizados, fica mais f\u00e1cil usar as <strong>fotos de produtos para e-commerce<\/strong> em diferentes canais sem precisar refazer tudo a cada campanha. Assim, o cat\u00e1logo passa a render mais e a marca ganha consist\u00eancia ao longo da comunica\u00e7\u00e3o digital.<\/p>\n\n\n\n<h2 class=\"wp-block-heading\"><strong>Erros comuns em fotos de produtos para e-commerce<\/strong><\/h2>\n\n\n\n<p>Muitos problemas nas <strong>fotos de produtos para e-commerce<\/strong> n\u00e3o aparecem por falta de equipamento, mas por aus\u00eancia de padr\u00e3o e de revis\u00e3o. Quando a loja publica imagens com fundo bagun\u00e7ado, pouca nitidez, filtro exagerado ou tamanhos muito diferentes entre si, o cat\u00e1logo perde for\u00e7a e a navega\u00e7\u00e3o se torna menos confi\u00e1vel. Portanto, evitar esses erros j\u00e1 melhora bastante a percep\u00e7\u00e3o de profissionalismo da loja.<\/p>\n\n\n\n<p>Outro ponto comum \u00e9 subir imagens pesadas demais ou sem adapta\u00e7\u00e3o ao espa\u00e7o real da p\u00e1gina. Nesse caso, o produto pode at\u00e9 parecer bonito, mas o carregamento piora e a experi\u00eancia do usu\u00e1rio sofre. Al\u00e9m disso, cores alteradas artificialmente podem frustrar o cliente depois da compra e aumentar devolu\u00e7\u00f5es. Por isso, cuidar bem das <strong>fotos <\/strong>tamb\u00e9m significa ser fiel ao item real e respeitar o contexto da navega\u00e7\u00e3o.<\/p>\n\n\n\n<p>Os erros mais comuns costumam ser estes:<\/p>\n\n\n\n<ul class=\"wp-block-list\">\n<li>Fundo bagun\u00e7ado ou inconsistente.<\/li>\n\n\n\n<li>Foto desfocada ou com baixa resolu\u00e7\u00e3o.<\/li>\n\n\n\n<li>Excesso de filtro ou edi\u00e7\u00e3o artificial.<\/li>\n\n\n\n<li>Arquivo pesado demais.<\/li>\n\n\n\n<li>Falta de padr\u00e3o entre os produtos.<\/li>\n<\/ul>\n\n\n\n<p>Evitar esses pontos ajuda a loja a ganhar clareza visual e a reduzir atrito logo na primeira intera\u00e7\u00e3o com o produto. Assim, as <strong>fotos de produtos para e-commerce<\/strong> deixam de ser um ponto fraco da opera\u00e7\u00e3o e passam a refor\u00e7ar confian\u00e7a, leitura do cat\u00e1logo e qualidade percebida da marca.<\/p>\n\n\n\n<h2 class=\"wp-block-heading\"><strong>Ferramentas e recursos \u00fateis<\/strong><\/h2>\n\n\n\n<p>As ferramentas certas ajudam bastante a produzir, revisar e otimizar <strong>fotos de produtos para e-commerce<\/strong> sem transformar esse processo em uma rotina manual pesada. O ideal \u00e9 escolher recursos que resolvam problemas reais do cat\u00e1logo, como remo\u00e7\u00e3o de fundo, compress\u00e3o em lote, redimensionamento autom\u00e1tico e padroniza\u00e7\u00e3o visual. Dessa forma, a loja ganha tempo e mant\u00e9m mais controle sobre a apresenta\u00e7\u00e3o dos produtos.<\/p>\n\n\n\n<p>Al\u00e9m disso, vale separar essas ferramentas por fun\u00e7\u00e3o para que o uso fa\u00e7a sentido no dia a dia. H\u00e1 solu\u00e7\u00f5es voltadas para edi\u00e7\u00e3o, outras para automa\u00e7\u00e3o e outras para integra\u00e7\u00e3o com a plataforma da loja. Os grupos mais \u00fateis geralmente s\u00e3o estes:<\/p>\n\n\n\n<ul class=\"wp-block-list\">\n<li>Editores de imagem.<\/li>\n\n\n\n<li>Removedores de fundo com IA.<\/li>\n\n\n\n<li>Ferramentas de compress\u00e3o em lote.<\/li>\n\n\n\n<li>Recursos para redimensionamento autom\u00e1tico.<\/li>\n\n\n\n<li>Integra\u00e7\u00f5es com a plataforma da loja.<\/li>\n<\/ul>\n\n\n\n<p>Quando esses recursos entram com objetivo claro, a gest\u00e3o das <strong>fotos de produtos para e-commerce<\/strong> fica mais leve e mais consistente. Na Loja Integrada, esse processo tende a ficar mais simples para quem precisa organizar cat\u00e1logo, manter padr\u00e3o visual e publicar imagens de forma mais \u00e1gil. Portanto, o ganho real aparece quando a ferramenta escolhida ajuda a resolver gargalos concretos da opera\u00e7\u00e3o, e n\u00e3o apenas quando adiciona mais uma etapa ao fluxo.<\/p>\n\n\n<div class=\"wp-block-image\">\n<figure class=\"aligncenter size-large\"><img decoding=\"async\" width=\"1024\" height=\"683\" src=\"https:\/\/lojaintegrada.com.br/hub\/wp-content\/uploads\/2021\/07\/woman-taking-photos-ceramic-kitchenware-1024x683.webp\" alt=\"fotos de produtos para e-commerce\" class=\"wp-image-50442\" srcset=\"https:\/\/lojaintegrada.com.br/hub\/wp-content\/uploads\/2021\/07\/woman-taking-photos-ceramic-kitchenware-1024x683.webp 1024w, https:\/\/lojaintegrada.com.br/hub\/wp-content\/uploads\/2021\/07\/woman-taking-photos-ceramic-kitchenware-300x200.webp 300w, https:\/\/lojaintegrada.com.br/hub\/wp-content\/uploads\/2021\/07\/woman-taking-photos-ceramic-kitchenware-768x512.webp 768w, https:\/\/lojaintegrada.com.br/hub\/wp-content\/uploads\/2021\/07\/woman-taking-photos-ceramic-kitchenware-600x400.webp 600w, https:\/\/lojaintegrada.com.br/hub\/wp-content\/uploads\/2021\/07\/woman-taking-photos-ceramic-kitchenware.webp 1200w\" sizes=\"(max-width: 1024px) 100vw, 1024px\" \/><figcaption class=\"wp-element-caption\">Fonte: Freepik.<\/figcaption><\/figure>\n<\/div>\n\n\n<h2 class=\"wp-block-heading\"><strong>Transforme suas fotos em vendas: finalize sua estrat\u00e9gia visual<\/strong><\/h2>\n\n\n\n<p>Cuidar bem das <strong>fotos de produtos para e-commerce<\/strong> \u00e9 uma forma direta de melhorar a apresenta\u00e7\u00e3o, confian\u00e7a e experi\u00eancia de compra dentro da loja. Quando as imagens mostram o produto com clareza, carregam r\u00e1pido e seguem um padr\u00e3o coerente, o cat\u00e1logo fica mais f\u00e1cil de navegar e o cliente entende melhor o que est\u00e1 comprando. Por isso, trabalhar esse ponto com aten\u00e7\u00e3o traz impacto real tanto na percep\u00e7\u00e3o da marca quanto na convers\u00e3o.<\/p>\n\n\n\n<p>Al\u00e9m disso, a combina\u00e7\u00e3o entre boa capta\u00e7\u00e3o, otimiza\u00e7\u00e3o t\u00e9cnica e automa\u00e7\u00e3o inteligente ajuda a tornar o processo mais escal\u00e1vel. A loja consegue manter as <strong>fotos de produtos para e-commerce<\/strong> mais organizadas, reduzir retrabalho e adaptar o cat\u00e1logo ao crescimento da opera\u00e7\u00e3o sem perder qualidade visual. Dessa forma, a estrat\u00e9gia de imagem deixa de ser apenas uma frente est\u00e9tica e passa a fazer parte da estrutura de vendas do e-commerce.<\/p>\n\n\n\n<p>Esse tipo de l\u00f3gica conversa diretamente com a proposta da <a href=\"https:\/\/lojaintegrada.com.br\/home\/\">Loja Integrada<\/a> de ajudar lojistas a vender online com mais praticidade e mais organiza\u00e7\u00e3o. Quando o cat\u00e1logo est\u00e1 bem montado, as imagens seguem um padr\u00e3o e a plataforma apoia a gest\u00e3o da loja, tudo fica mais simples de manter.&nbsp;<\/p>\n\n\n\n<p>Portanto, vale conhecer o <a href=\"https:\/\/lojaintegrada.com.br/hub\/\">blog da Loja Integrada<\/a> e explorar outros conte\u00fados \u00fateis sobre cat\u00e1logo, performance e experi\u00eancia de compra no e-commerce.<\/p>\n","protected":false},"excerpt":{"rendered":"<p>Investir em fotos de produtos para e-commerce \u00e9 uma das decis\u00f5es mais importantes para quem quer vender melhor no ambiente digital. Como o cliente n\u00e3o pode tocar, testar ou ver o item de perto, a imagem assume parte do papel que a vitrine e o contato f\u00edsico teriam em uma loja presencial.&nbsp; Por isso, quando [&hellip;]<\/p>\n","protected":false},"author":108,"featured_media":34781,"comment_status":"open","ping_status":"open","sticky":false,"template":"","format":"standard","meta":{"content-type":"","two_page_speed":[],"footnotes":""},"categories":[2814],"tags":[324,114],"class_list":["post-777","post","type-post","status-publish","format-standard","has-post-thumbnail","hentry","category-marketing-e-vendas","tag-artigo","tag-fotografia-para-ecommerce"],"yoast_head":"<!-- This site is optimized with the Yoast SEO plugin v23.9 - https:\/\/yoast.com\/wordpress\/plugins\/seo\/ -->\n<title>Fotos de produtos para e-commerce: dicas e otimiza\u00e7\u00e3o<\/title>\n<meta name=\"description\" content=\"Aprenda a criar e otimizar fotos de produtos para e-commerce, aumentando vendas e melhorando a experi\u00eancia do cliente no seu site.\" \/>\n<meta name=\"robots\" content=\"index, follow, max-snippet:-1, max-image-preview:large, max-video-preview:-1\" \/>\n<link rel=\"canonical\" href=\"https:\/\/lojaintegrada.com.br/hub\/fotos-de-produtos\/\" \/>\n<meta property=\"og:locale\" content=\"pt_BR\" \/>\n<meta property=\"og:type\" content=\"article\" \/>\n<meta property=\"og:title\" content=\"Fotos de produtos para e-commerce: dicas e otimiza\u00e7\u00e3o\" \/>\n<meta property=\"og:description\" content=\"Aprenda a criar e otimizar fotos de produtos para e-commerce, aumentando vendas e melhorando a experi\u00eancia do cliente no seu site.\" \/>\n<meta property=\"og:url\" content=\"https:\/\/lojaintegrada.com.br/hub\/fotos-de-produtos\/\" \/>\n<meta property=\"og:site_name\" content=\"Blog da Loja Integrada\" \/>\n<meta property=\"article:published_time\" content=\"2026-04-10T12:30:00+00:00\" \/>\n<meta property=\"article:modified_time\" content=\"2026-04-01T13:33:30+00:00\" \/>\n<meta property=\"og:image\" content=\"https:\/\/lojaintegrada.com.br/hub\/wp-content\/uploads\/2014\/07\/Dicas-de-como-tirar-boas-fotos-de-produtos-scaled-1.jpg\" \/>\n\t<meta property=\"og:image:width\" content=\"1920\" \/>\n\t<meta property=\"og:image:height\" content=\"1280\" \/>\n\t<meta property=\"og:image:type\" content=\"image\/jpeg\" \/>\n<meta name=\"author\" content=\"Aretha Marshall\" \/>\n<meta name=\"twitter:card\" content=\"summary_large_image\" \/>\n<meta name=\"twitter:label1\" content=\"Escrito por\" \/>\n\t<meta name=\"twitter:data1\" content=\"Aretha Marshall\" \/>\n\t<meta name=\"twitter:label2\" content=\"Est. tempo de leitura\" \/>\n\t<meta name=\"twitter:data2\" content=\"6 minutos\" \/>\n<script type=\"application\/ld+json\" class=\"yoast-schema-graph\">{\"@context\":\"https:\/\/schema.org\",\"@graph\":[{\"@type\":[\"Article\",\"BlogPosting\"],\"@id\":\"https:\/\/lojaintegrada.com.br/hub\/fotos-de-produtos\/#article\",\"isPartOf\":{\"@id\":\"https:\/\/lojaintegrada.com.br/hub\/fotos-de-produtos\/\"},\"author\":{\"name\":\"Aretha Marshall\",\"@id\":\"https:\/\/lojaintegrada.com.br/hub\/#\/schema\/person\/df5db1be046da68f23dbfd04274573e8\"},\"headline\":\"Fotos de produtos para e-commerce: otimiza\u00e7\u00e3o e IA\",\"datePublished\":\"2026-04-10T12:30:00+00:00\",\"dateModified\":\"2026-04-01T13:33:30+00:00\",\"mainEntityOfPage\":{\"@id\":\"https:\/\/lojaintegrada.com.br/hub\/fotos-de-produtos\/\"},\"wordCount\":2838,\"commentCount\":26,\"publisher\":{\"@id\":\"https:\/\/lojaintegrada.com.br/hub\/#organization\"},\"image\":{\"@id\":\"https:\/\/lojaintegrada.com.br/hub\/fotos-de-produtos\/#primaryimage\"},\"thumbnailUrl\":\"https:\/\/lojaintegrada.com.br/hub\/wp-content\/uploads\/2014\/07\/Dicas-de-como-tirar-boas-fotos-de-produtos-scaled-1.jpg\",\"keywords\":[\"Artigo\",\"fotografia para ecommerce\"],\"articleSection\":[\"Marketing e Vendas\"],\"inLanguage\":\"pt-BR\",\"potentialAction\":[{\"@type\":\"CommentAction\",\"name\":\"Comment\",\"target\":[\"https:\/\/lojaintegrada.com.br/hub\/fotos-de-produtos\/#respond\"]}]},{\"@type\":\"WebPage\",\"@id\":\"https:\/\/lojaintegrada.com.br/hub\/fotos-de-produtos\/\",\"url\":\"https:\/\/lojaintegrada.com.br/hub\/fotos-de-produtos\/\",\"name\":\"Fotos de produtos para e-commerce: dicas e otimiza\u00e7\u00e3o\",\"isPartOf\":{\"@id\":\"https:\/\/lojaintegrada.com.br/hub\/#website\"},\"primaryImageOfPage\":{\"@id\":\"https:\/\/lojaintegrada.com.br/hub\/fotos-de-produtos\/#primaryimage\"},\"image\":{\"@id\":\"https:\/\/lojaintegrada.com.br/hub\/fotos-de-produtos\/#primaryimage\"},\"thumbnailUrl\":\"https:\/\/lojaintegrada.com.br/hub\/wp-content\/uploads\/2014\/07\/Dicas-de-como-tirar-boas-fotos-de-produtos-scaled-1.jpg\",\"datePublished\":\"2026-04-10T12:30:00+00:00\",\"dateModified\":\"2026-04-01T13:33:30+00:00\",\"description\":\"Aprenda a criar e otimizar fotos de produtos para e-commerce, aumentando vendas e melhorando a experi\u00eancia do cliente no seu site.\",\"breadcrumb\":{\"@id\":\"https:\/\/lojaintegrada.com.br/hub\/fotos-de-produtos\/#breadcrumb\"},\"inLanguage\":\"pt-BR\",\"potentialAction\":[{\"@type\":\"ReadAction\",\"target\":[\"https:\/\/lojaintegrada.com.br/hub\/fotos-de-produtos\/\"]}]},{\"@type\":\"ImageObject\",\"inLanguage\":\"pt-BR\",\"@id\":\"https:\/\/lojaintegrada.com.br/hub\/fotos-de-produtos\/#primaryimage\",\"url\":\"https:\/\/lojaintegrada.com.br/hub\/wp-content\/uploads\/2014\/07\/Dicas-de-como-tirar-boas-fotos-de-produtos-scaled-1.jpg\",\"contentUrl\":\"https:\/\/lojaintegrada.com.br/hub\/wp-content\/uploads\/2014\/07\/Dicas-de-como-tirar-boas-fotos-de-produtos-scaled-1.jpg\",\"width\":1920,\"height\":1280,\"caption\":\"Dicas de como tirar boas fotos de produtos\"},{\"@type\":\"BreadcrumbList\",\"@id\":\"https:\/\/lojaintegrada.com.br/hub\/fotos-de-produtos\/#breadcrumb\",\"itemListElement\":[{\"@type\":\"ListItem\",\"position\":1,\"name\":\"In\u00edcio\",\"item\":\"https:\/\/lojaintegrada.com.br/hub\/\"},{\"@type\":\"ListItem\",\"position\":2,\"name\":\"Fotos de produtos para e-commerce: otimiza\u00e7\u00e3o e IA\"}]},{\"@type\":\"WebSite\",\"@id\":\"https:\/\/lojaintegrada.com.br/hub\/#website\",\"url\":\"https:\/\/lojaintegrada.com.br/hub\/\",\"name\":\"Blog da Loja Integrada\",\"description\":\"Conte\u00fado para ecommerce\",\"publisher\":{\"@id\":\"https:\/\/lojaintegrada.com.br/hub\/#organization\"},\"potentialAction\":[{\"@type\":\"SearchAction\",\"target\":{\"@type\":\"EntryPoint\",\"urlTemplate\":\"https:\/\/lojaintegrada.com.br/hub\/?s={search_term_string}\"},\"query-input\":{\"@type\":\"PropertyValueSpecification\",\"valueRequired\":true,\"valueName\":\"search_term_string\"}}],\"inLanguage\":\"pt-BR\"},{\"@type\":\"Organization\",\"@id\":\"https:\/\/lojaintegrada.com.br/hub\/#organization\",\"name\":\"Loja Integrada\",\"url\":\"https:\/\/lojaintegrada.com.br/hub\/\",\"logo\":{\"@type\":\"ImageObject\",\"inLanguage\":\"pt-BR\",\"@id\":\"https:\/\/lojaintegrada.com.br/hub\/#\/schema\/logo\/image\/\",\"url\":\"https:\/\/lojaintegrada.com.br/hub\/wp-content\/uploads\/2022\/05\/Loja-Integrada-RGB-Flat-Fundo-Branco-LOGO.png\",\"contentUrl\":\"https:\/\/lojaintegrada.com.br/hub\/wp-content\/uploads\/2022\/05\/Loja-Integrada-RGB-Flat-Fundo-Branco-LOGO.png\",\"width\":1394,\"height\":209,\"caption\":\"Loja Integrada\"},\"image\":{\"@id\":\"https:\/\/lojaintegrada.com.br/hub\/#\/schema\/logo\/image\/\"}},{\"@type\":\"Person\",\"@id\":\"https:\/\/lojaintegrada.com.br/hub\/#\/schema\/person\/df5db1be046da68f23dbfd04274573e8\",\"name\":\"Aretha Marshall\",\"image\":{\"@type\":\"ImageObject\",\"inLanguage\":\"pt-BR\",\"@id\":\"https:\/\/lojaintegrada.com.br/hub\/#\/schema\/person\/image\/\",\"url\":\"https:\/\/secure.gravatar.com\/avatar\/f255e0d30534160354475b8b43db8c54104728b724d3ac12f1521dd62dcb59d7?s=96&d=mm&r=g\",\"contentUrl\":\"https:\/\/secure.gravatar.com\/avatar\/f255e0d30534160354475b8b43db8c54104728b724d3ac12f1521dd62dcb59d7?s=96&d=mm&r=g\",\"caption\":\"Aretha Marshall\"}}]}<\/script>\n<!-- \/ Yoast SEO plugin. -->","yoast_head_json":{"title":"Fotos de produtos para e-commerce: dicas e otimiza\u00e7\u00e3o","description":"Aprenda a criar e otimizar fotos de produtos para e-commerce, aumentando vendas e melhorando a experi\u00eancia do cliente no seu site.","robots":{"index":"index","follow":"follow","max-snippet":"max-snippet:-1","max-image-preview":"max-image-preview:large","max-video-preview":"max-video-preview:-1"},"canonical":"https:\/\/lojaintegrada.com.br/hub\/fotos-de-produtos\/","og_locale":"pt_BR","og_type":"article","og_title":"Fotos de produtos para e-commerce: dicas e otimiza\u00e7\u00e3o","og_description":"Aprenda a criar e otimizar fotos de produtos para e-commerce, aumentando vendas e melhorando a experi\u00eancia do cliente no seu site.","og_url":"https:\/\/lojaintegrada.com.br/hub\/fotos-de-produtos\/","og_site_name":"Blog da Loja Integrada","article_published_time":"2026-04-10T12:30:00+00:00","article_modified_time":"2026-04-01T13:33:30+00:00","og_image":[{"width":1920,"height":1280,"url":"https:\/\/lojaintegrada.com.br/hub\/wp-content\/uploads\/2014\/07\/Dicas-de-como-tirar-boas-fotos-de-produtos-scaled-1.jpg","type":"image\/jpeg"}],"author":"Aretha Marshall","twitter_card":"summary_large_image","twitter_misc":{"Escrito por":"Aretha Marshall","Est. tempo de leitura":"6 minutos"},"schema":{"@context":"https:\/\/schema.org","@graph":[{"@type":["Article","BlogPosting"],"@id":"https:\/\/lojaintegrada.com.br/hub\/fotos-de-produtos\/#article","isPartOf":{"@id":"https:\/\/lojaintegrada.com.br/hub\/fotos-de-produtos\/"},"author":{"name":"Aretha Marshall","@id":"https:\/\/lojaintegrada.com.br/hub\/#\/schema\/person\/df5db1be046da68f23dbfd04274573e8"},"headline":"Fotos de produtos para e-commerce: otimiza\u00e7\u00e3o e IA","datePublished":"2026-04-10T12:30:00+00:00","dateModified":"2026-04-01T13:33:30+00:00","mainEntityOfPage":{"@id":"https:\/\/lojaintegrada.com.br/hub\/fotos-de-produtos\/"},"wordCount":2838,"commentCount":26,"publisher":{"@id":"https:\/\/lojaintegrada.com.br/hub\/#organization"},"image":{"@id":"https:\/\/lojaintegrada.com.br/hub\/fotos-de-produtos\/#primaryimage"},"thumbnailUrl":"https:\/\/lojaintegrada.com.br/hub\/wp-content\/uploads\/2014\/07\/Dicas-de-como-tirar-boas-fotos-de-produtos-scaled-1.jpg","keywords":["Artigo","fotografia para ecommerce"],"articleSection":["Marketing e Vendas"],"inLanguage":"pt-BR","potentialAction":[{"@type":"CommentAction","name":"Comment","target":["https:\/\/lojaintegrada.com.br/hub\/fotos-de-produtos\/#respond"]}]},{"@type":"WebPage","@id":"https:\/\/lojaintegrada.com.br/hub\/fotos-de-produtos\/","url":"https:\/\/lojaintegrada.com.br/hub\/fotos-de-produtos\/","name":"Fotos de produtos para e-commerce: dicas e otimiza\u00e7\u00e3o","isPartOf":{"@id":"https:\/\/lojaintegrada.com.br/hub\/#website"},"primaryImageOfPage":{"@id":"https:\/\/lojaintegrada.com.br/hub\/fotos-de-produtos\/#primaryimage"},"image":{"@id":"https:\/\/lojaintegrada.com.br/hub\/fotos-de-produtos\/#primaryimage"},"thumbnailUrl":"https:\/\/lojaintegrada.com.br/hub\/wp-content\/uploads\/2014\/07\/Dicas-de-como-tirar-boas-fotos-de-produtos-scaled-1.jpg","datePublished":"2026-04-10T12:30:00+00:00","dateModified":"2026-04-01T13:33:30+00:00","description":"Aprenda a criar e otimizar fotos de produtos para e-commerce, aumentando vendas e melhorando a experi\u00eancia do cliente no seu site.","breadcrumb":{"@id":"https:\/\/lojaintegrada.com.br/hub\/fotos-de-produtos\/#breadcrumb"},"inLanguage":"pt-BR","potentialAction":[{"@type":"ReadAction","target":["https:\/\/lojaintegrada.com.br/hub\/fotos-de-produtos\/"]}]},{"@type":"ImageObject","inLanguage":"pt-BR","@id":"https:\/\/lojaintegrada.com.br/hub\/fotos-de-produtos\/#primaryimage","url":"https:\/\/lojaintegrada.com.br/hub\/wp-content\/uploads\/2014\/07\/Dicas-de-como-tirar-boas-fotos-de-produtos-scaled-1.jpg","contentUrl":"https:\/\/lojaintegrada.com.br/hub\/wp-content\/uploads\/2014\/07\/Dicas-de-como-tirar-boas-fotos-de-produtos-scaled-1.jpg","width":1920,"height":1280,"caption":"Dicas de como tirar boas fotos de produtos"},{"@type":"BreadcrumbList","@id":"https:\/\/lojaintegrada.com.br/hub\/fotos-de-produtos\/#breadcrumb","itemListElement":[{"@type":"ListItem","position":1,"name":"In\u00edcio","item":"https:\/\/lojaintegrada.com.br/hub\/"},{"@type":"ListItem","position":2,"name":"Fotos de produtos para e-commerce: otimiza\u00e7\u00e3o e IA"}]},{"@type":"WebSite","@id":"https:\/\/lojaintegrada.com.br/hub\/#website","url":"https:\/\/lojaintegrada.com.br/hub\/","name":"Blog da Loja Integrada","description":"Conte\u00fado para ecommerce","publisher":{"@id":"https:\/\/lojaintegrada.com.br/hub\/#organization"},"potentialAction":[{"@type":"SearchAction","target":{"@type":"EntryPoint","urlTemplate":"https:\/\/lojaintegrada.com.br/hub\/?s={search_term_string}"},"query-input":{"@type":"PropertyValueSpecification","valueRequired":true,"valueName":"search_term_string"}}],"inLanguage":"pt-BR"},{"@type":"Organization","@id":"https:\/\/lojaintegrada.com.br/hub\/#organization","name":"Loja Integrada","url":"https:\/\/lojaintegrada.com.br/hub\/","logo":{"@type":"ImageObject","inLanguage":"pt-BR","@id":"https:\/\/lojaintegrada.com.br/hub\/#\/schema\/logo\/image\/","url":"https:\/\/lojaintegrada.com.br/hub\/wp-content\/uploads\/2022\/05\/Loja-Integrada-RGB-Flat-Fundo-Branco-LOGO.png","contentUrl":"https:\/\/lojaintegrada.com.br/hub\/wp-content\/uploads\/2022\/05\/Loja-Integrada-RGB-Flat-Fundo-Branco-LOGO.png","width":1394,"height":209,"caption":"Loja Integrada"},"image":{"@id":"https:\/\/lojaintegrada.com.br/hub\/#\/schema\/logo\/image\/"}},{"@type":"Person","@id":"https:\/\/lojaintegrada.com.br/hub\/#\/schema\/person\/df5db1be046da68f23dbfd04274573e8","name":"Aretha Marshall","image":{"@type":"ImageObject","inLanguage":"pt-BR","@id":"https:\/\/lojaintegrada.com.br/hub\/#\/schema\/person\/image\/","url":"https:\/\/secure.gravatar.com\/avatar\/f255e0d30534160354475b8b43db8c54104728b724d3ac12f1521dd62dcb59d7?s=96&d=mm&r=g","contentUrl":"https:\/\/secure.gravatar.com\/avatar\/f255e0d30534160354475b8b43db8c54104728b724d3ac12f1521dd62dcb59d7?s=96&d=mm&r=g","caption":"Aretha Marshall"}}]}},"_links":{"self":[{"href":"https:\/\/lojaintegrada.com.br/hub\/wp-json\/wp\/v2\/posts\/777","targetHints":{"allow":["GET"]}}],"collection":[{"href":"https:\/\/lojaintegrada.com.br/hub\/wp-json\/wp\/v2\/posts"}],"about":[{"href":"https:\/\/lojaintegrada.com.br/hub\/wp-json\/wp\/v2\/types\/post"}],"author":[{"embeddable":true,"href":"https:\/\/lojaintegrada.com.br/hub\/wp-json\/wp\/v2\/users\/108"}],"replies":[{"embeddable":true,"href":"https:\/\/lojaintegrada.com.br/hub\/wp-json\/wp\/v2\/comments?post=777"}],"version-history":[{"count":1,"href":"https:\/\/lojaintegrada.com.br/hub\/wp-json\/wp\/v2\/posts\/777\/revisions"}],"predecessor-version":[{"id":50444,"href":"https:\/\/lojaintegrada.com.br/hub\/wp-json\/wp\/v2\/posts\/777\/revisions\/50444"}],"wp:featuredmedia":[{"embeddable":true,"href":"https:\/\/lojaintegrada.com.br/hub\/wp-json\/wp\/v2\/media\/34781"}],"wp:attachment":[{"href":"https:\/\/lojaintegrada.com.br/hub\/wp-json\/wp\/v2\/media?parent=777"}],"wp:term":[{"taxonomy":"category","embeddable":true,"href":"https:\/\/lojaintegrada.com.br/hub\/wp-json\/wp\/v2\/categories?post=777"},{"taxonomy":"post_tag","embeddable":true,"href":"https:\/\/lojaintegrada.com.br/hub\/wp-json\/wp\/v2\/tags?post=777"}],"curies":[{"name":"wp","href":"https:\/\/api.w.org\/{rel}","templated":true}]}}