{"id":46329,"date":"2025-10-28T11:43:00","date_gmt":"2025-10-28T14:43:00","guid":{"rendered":"https:\/\/lojaintegrada.com.br/hub\/?p=46329"},"modified":"2025-10-21T07:58:43","modified_gmt":"2025-10-21T10:58:43","slug":"vendas-black-friday","status":"publish","type":"post","link":"https:\/\/lojaintegrada.com.br/hub\/vendas-black-friday\/","title":{"rendered":"Como aumentar suas vendas na Black Friday com dados e automa\u00e7\u00e3o"},"content":{"rendered":"\n<p>A Black Friday \u00e9 o momento mais esperado do ano para quem vende online e tamb\u00e9m o mais desafiador. Com tantos concorrentes disputando aten\u00e7\u00e3o, entender o comportamento do cliente e usar tecnologia a favor das <strong>vendas na Black Friday<\/strong> \u00e9 o que separa bons resultados de grandes conquistas.<\/p>\n\n\n\n<p>Usar dados e automa\u00e7\u00e3o permite enxergar padr\u00f5es, prever demandas e agir com precis\u00e3o. Em vez de depender da sorte, o lojista toma decis\u00f5es baseadas em informa\u00e7\u00f5es reais, cria campanhas inteligentes e oferece experi\u00eancias personalizadas.<\/p>\n\n\n\n<p>Para quem quer crescer de forma estrat\u00e9gica, esse \u00e9 o caminho: unir criatividade e tecnologia para transformar o aumento de tr\u00e1fego em aumento de faturamento.<\/p>\n\n\n\n<h2 class=\"wp-block-heading\">Por que a Black Friday \u00e9 uma das datas mais importantes do e-commerce<\/h2>\n\n\n\n<p>A Black Friday movimenta milh\u00f5es em poucos dias e muda o ritmo de todo o com\u00e9rcio eletr\u00f4nico. \u00c9 o per\u00edodo em que o consumidor est\u00e1 mais disposto a comprar e o lojista tem a chance de impulsionar suas <strong>vendas na Black Friday<\/strong> com estrat\u00e9gias inteligentes.<\/p>\n\n\n\n<p>Nos \u00faltimos anos, o evento se consolidou como o maior do varejo online brasileiro. Mesmo ap\u00f3s per\u00edodos de instabilidade econ\u00f4mica, o volume de compras continua crescendo, impulsionado por promo\u00e7\u00f5es reais e experi\u00eancias de compra mais seguras.<\/p>\n\n\n\n<p>O consumidor moderno pesquisa, compara e planeja antes de clicar em \u201ccomprar\u201d. Por isso, quem entende esse comportamento sai na frente. A Black Friday n\u00e3o \u00e9 s\u00f3 sobre descontos \u2014 \u00e9 sobre oferecer valor, confian\u00e7a e conveni\u00eancia no momento em que o cliente mais quer comprar.<\/p>\n\n\n\n<p>Quando bem planejada, ela n\u00e3o representa apenas um pico de faturamento, mas tamb\u00e9m uma porta de entrada para novos clientes e relacionamentos de longo prazo.<\/p>\n\n\n\n<h2 class=\"wp-block-heading\">O que mais vende na Black Friday e como aproveitar essas tend\u00eancias<\/h2>\n\n\n\n<p>Saber <strong>o que mais vende na Black Friday<\/strong> \u00e9 essencial para quem quer planejar campanhas com resultado e aproveitar o maior evento de consumo do ano.&nbsp;<\/p>\n\n\n\n<p>As tend\u00eancias mostram que o p\u00fablico est\u00e1 mais exigente e diversificado, buscando pre\u00e7o, praticidade e valor real dos produtos. Veja os principais pontos para ficar de olho:<\/p>\n\n\n\n<ul class=\"wp-block-list\">\n<li><strong>Categorias em alta:<\/strong> eletr\u00f4nicos continuam liderando, mas <strong>moda, beleza, decora\u00e7\u00e3o e utilidades dom\u00e9sticas<\/strong> v\u00eam crescendo r\u00e1pido nas buscas e nas vendas.<br><\/li>\n\n\n\n<li><strong>Comportamento do consumidor:<\/strong> hoje, o foco n\u00e3o \u00e9 s\u00f3 o desconto. O cliente quer <strong>experi\u00eancias personalizadas<\/strong>, conveni\u00eancia e exclusividade, mesmo nas compras online.<br><\/li>\n\n\n\n<li><strong>Espa\u00e7o para pequenos lojistas:<\/strong> quem trabalha com <strong>nichos espec\u00edficos<\/strong> ou produtos de valor percebido tem cada vez mais chance de se destacar entre os grandes.<br><\/li>\n\n\n\n<li><strong>Uso inteligente de dados:<\/strong> analisar <strong>hist\u00f3rico de vendas, itens mais visitados e taxas de convers\u00e3o<\/strong> ajuda a identificar os produtos com maior potencial de destaque.<br><\/li>\n\n\n\n<li><strong>Campanhas personalizadas:<\/strong> combine dados e comportamento de consumo para criar <strong>ofertas segmentadas<\/strong>, que falem direto com o p\u00fablico e aumentem as convers\u00f5es.<\/li>\n<\/ul>\n\n\n\n<p>Entender e aplicar essas tend\u00eancias \u00e9 o que transforma estrat\u00e9gia em resultado. A Black Friday n\u00e3o \u00e9 s\u00f3 sobre vender mais, mas sobre <strong>vender melhor<\/strong> com foco, planejamento e ofertas que realmente conectam com o que o cliente procura.<\/p>\n\n\n<div class=\"wp-block-image\">\n<figure class=\"aligncenter size-large\"><img fetchpriority=\"high\" decoding=\"async\" width=\"1024\" height=\"683\" src=\"https:\/\/lojaintegrada.com.br/hub\/wp-content\/uploads\/2024\/11\/representacao-da-experiencia-utilizador-e-design-da-interface-1024x683.webp\" alt=\"vendas-na-black-friday\" class=\"wp-image-49555\" srcset=\"https:\/\/lojaintegrada.com.br/hub\/wp-content\/uploads\/2024\/11\/representacao-da-experiencia-utilizador-e-design-da-interface-1024x683.webp 1024w, https:\/\/lojaintegrada.com.br/hub\/wp-content\/uploads\/2024\/11\/representacao-da-experiencia-utilizador-e-design-da-interface-300x200.webp 300w, https:\/\/lojaintegrada.com.br/hub\/wp-content\/uploads\/2024\/11\/representacao-da-experiencia-utilizador-e-design-da-interface-768x512.webp 768w, https:\/\/lojaintegrada.com.br/hub\/wp-content\/uploads\/2024\/11\/representacao-da-experiencia-utilizador-e-design-da-interface-600x400.webp 600w, https:\/\/lojaintegrada.com.br/hub\/wp-content\/uploads\/2024\/11\/representacao-da-experiencia-utilizador-e-design-da-interface.webp 1200w\" sizes=\"(max-width: 1024px) 100vw, 1024px\" \/><figcaption class=\"wp-element-caption\">Fonte: Freepik.<\/figcaption><\/figure>\n<\/div>\n\n\n<h2 class=\"wp-block-heading\">Como planejar suas vendas na Black Friday com base em dados<\/h2>\n\n\n\n<p>A prepara\u00e7\u00e3o \u00e9 o que define o sucesso das <strong>vendas na Black Friday<\/strong>. Em vez de agir por instinto, o lojista que se apoia em dados tem mais clareza para decidir o que promover, quanto investir e como precificar sem comprometer o lucro.<\/p>\n\n\n\n<p>O primeiro passo \u00e9 analisar o <strong>hist\u00f3rico de vendas<\/strong>. Entenda quais produtos tiveram mais sa\u00edda, quais ficaram encalhados e como o comportamento dos clientes variou ao longo do tempo. Isso ajuda a prever demanda e ajustar estoques com precis\u00e3o.<\/p>\n\n\n\n<p>Outro ponto essencial \u00e9 a <strong>precifica\u00e7\u00e3o estrat\u00e9gica<\/strong>. Utilize planilhas ou ferramentas de BI para calcular margens reais e criar descontos que sejam atraentes, mas sustent\u00e1veis. Descontos exagerados podem gerar volume, mas n\u00e3o necessariamente lucro.<\/p>\n\n\n\n<p>Por fim, acompanhe m\u00e9tricas em tempo real, como taxa de convers\u00e3o, ticket m\u00e9dio e produtos mais clicados. Esses dados permitem fazer ajustes r\u00e1pidos e garantir que cada decis\u00e3o durante a Black Friday seja guiada por resultados, n\u00e3o por achismo.<\/p>\n\n\n\n<h2 class=\"wp-block-heading\">Estrat\u00e9gias de marketing digital para impulsionar as vendas<\/h2>\n\n\n\n<p>A Black Friday \u00e9 o momento perfeito para colocar as estrat\u00e9gias de marketing digital em a\u00e7\u00e3o. Quando bem planejadas, elas aumentam o alcance, fortalecem a marca e potencializam as <strong>vendas na Black Friday<\/strong>, mesmo com or\u00e7amentos mais enxutos.<\/p>\n\n\n\n<p>Uma das t\u00e1ticas mais eficazes \u00e9 o <strong>e-mail marketing segmentado<\/strong>. Envie mensagens personalizadas com base no interesse e comportamento de cada cliente. Isso melhora as taxas de abertura e cria conex\u00e3o antes das ofertas come\u00e7arem.<\/p>\n\n\n\n<p>Outra ferramenta poderosa \u00e9 o <strong>tr\u00e1fego pago<\/strong>. An\u00fancios bem direcionados no Google e nas redes sociais ajudam a atingir p\u00fablicos espec\u00edficos, otimizando o investimento e ampliando o retorno.<\/p>\n\n\n\n<p>O <strong>remarketing<\/strong> tamb\u00e9m merece destaque: ele impacta visitantes que n\u00e3o compraram, lembrando-os de produtos vistos ou deixados no carrinho. Essa simples a\u00e7\u00e3o costuma gerar um excelente custo-benef\u00edcio.<\/p>\n\n\n\n<p>E n\u00e3o d\u00e1 para esquecer do <strong>conte\u00fado estrat\u00e9gico<\/strong>. Publicar dicas, comparativos e guias de compra melhora o SEO e posiciona sua loja como refer\u00eancia no nicho. Somadas, essas estrat\u00e9gias criam um ciclo completo de atra\u00e7\u00e3o, engajamento e convers\u00e3o durante a Black Friday.<\/p>\n\n\n\n<h2 class=\"wp-block-heading\">Como usar automa\u00e7\u00e3o para vender mais e gastar menos<\/h2>\n\n\n\n<p>A automa\u00e7\u00e3o \u00e9 a grande aliada de quem quer aumentar as <strong>vendas na Black Friday<\/strong> sem perder tempo com processos manuais. Ela permite criar campanhas inteligentes, personalizadas e em escala \u2014 tudo de forma pr\u00e1tica e com \u00f3timo custo-benef\u00edcio.<\/p>\n\n\n\n<p>Outra aplica\u00e7\u00e3o poderosa est\u00e1 no <strong>WhatsApp e nas redes sociais<\/strong>. Chatbots e respostas autom\u00e1ticas ajudam a manter o atendimento \u00e1gil e dispon\u00edvel, mesmo nos dias de maior movimento. Isso melhora a experi\u00eancia do cliente e evita perda de oportunidades.<\/p>\n\n\n\n<p>Al\u00e9m disso, acompanhe os <strong>resultados em tempo real<\/strong>. A automa\u00e7\u00e3o permite analisar cliques, convers\u00f5es e taxas de engajamento, ajustando campanhas com rapidez. Assim, o lojista vende mais, gasta menos e tem tempo para focar no que realmente importa: o relacionamento com o cliente.<\/p>\n\n\n<div class=\"wp-block-image\">\n<figure class=\"aligncenter size-large\"><img decoding=\"async\" width=\"1024\" height=\"683\" src=\"https:\/\/lojaintegrada.com.br/hub\/wp-content\/uploads\/2024\/11\/sorridente-jovem-empresaria-asiatica-feliz-recebendo-telefonema-para-nova-ordem-de-venda-entre-caixas-de-produto-com-computador-portatil-1024x683.webp\" alt=\"vendas-na-black-friday\" class=\"wp-image-49557\" srcset=\"https:\/\/lojaintegrada.com.br/hub\/wp-content\/uploads\/2024\/11\/sorridente-jovem-empresaria-asiatica-feliz-recebendo-telefonema-para-nova-ordem-de-venda-entre-caixas-de-produto-com-computador-portatil-1024x683.webp 1024w, https:\/\/lojaintegrada.com.br/hub\/wp-content\/uploads\/2024\/11\/sorridente-jovem-empresaria-asiatica-feliz-recebendo-telefonema-para-nova-ordem-de-venda-entre-caixas-de-produto-com-computador-portatil-300x200.webp 300w, https:\/\/lojaintegrada.com.br/hub\/wp-content\/uploads\/2024\/11\/sorridente-jovem-empresaria-asiatica-feliz-recebendo-telefonema-para-nova-ordem-de-venda-entre-caixas-de-produto-com-computador-portatil-768x512.webp 768w, https:\/\/lojaintegrada.com.br/hub\/wp-content\/uploads\/2024\/11\/sorridente-jovem-empresaria-asiatica-feliz-recebendo-telefonema-para-nova-ordem-de-venda-entre-caixas-de-produto-com-computador-portatil-600x400.webp 600w, https:\/\/lojaintegrada.com.br/hub\/wp-content\/uploads\/2024\/11\/sorridente-jovem-empresaria-asiatica-feliz-recebendo-telefonema-para-nova-ordem-de-venda-entre-caixas-de-produto-com-computador-portatil.webp 1200w\" sizes=\"(max-width: 1024px) 100vw, 1024px\" \/><figcaption class=\"wp-element-caption\">Fonte: Freepik.<\/figcaption><\/figure>\n<\/div>\n\n\n<h2 class=\"wp-block-heading\">A import\u00e2ncia da experi\u00eancia do cliente no aumento das vendas<\/h2>\n\n\n\n<p>No meio da correria da Black Friday, muitos esquecem um detalhe essencial: o cliente. Focar na <strong>experi\u00eancia de compra<\/strong> \u00e9 o que realmente sustenta as <strong>vendas na Black Friday<\/strong> e transforma visitantes em f\u00e3s da marca.<\/p>\n\n\n\n<p>Um <strong>site r\u00e1pido, seguro e responsivo<\/strong> \u00e9 o primeiro passo. Ningu\u00e9m quer esperar uma p\u00e1gina carregar ou enfrentar erros no pagamento. Por isso, cuide da performance e da navegabilidade, principalmente em dispositivos m\u00f3veis, j\u00e1 que a maioria das compras \u00e9 feita pelo celular.<\/p>\n\n\n\n<p>O <strong>atendimento humanizado<\/strong> tamb\u00e9m faz diferen\u00e7a. Assim, responder com empatia, clareza e agilidade aumenta a confian\u00e7a do consumidor e pode ser o fator decisivo entre comprar com voc\u00ea ou com o concorrente.<\/p>\n\n\n\n<p>Depois da venda, o <strong>p\u00f3s-venda estrat\u00e9gico<\/strong> fecha o ciclo com chave de ouro. Envie mensagens de agradecimento, ofere\u00e7a vantagens nas pr\u00f3ximas compras e pe\u00e7a feedback. Isso demonstra cuidado, refor\u00e7a a credibilidade e mant\u00e9m o relacionamento vivo, muito al\u00e9m da Black Friday.<\/p>\n\n\n\n<h2 class=\"wp-block-heading\">Boas pr\u00e1ticas para vender com responsabilidade na Black Friday<\/h2>\n\n\n\n<p>A <strong>Black Friday<\/strong> \u00e9 o momento certo para impulsionar as vendas, mas tamb\u00e9m para refor\u00e7ar a <strong>confian\u00e7a e a credibilidade da marca<\/strong>. Assim, agir com transpar\u00eancia e \u00e9tica \u00e9 o que diferencia quem s\u00f3 quer vender de quem quer construir relacionamento duradouro com o cliente.\u00a0<\/p>\n\n\n\n<p>Ent\u00e3o, confira algumas boas pr\u00e1ticas para vender com responsabilidade:<\/p>\n\n\n\n<ul class=\"wp-block-list\">\n<li>Nada de \u201cmetade do dobro\u201d;<\/li>\n\n\n\n<li>Divulgue pol\u00edticas com clareza;<\/li>\n\n\n\n<li>Comunique-se com transpar\u00eancia;<\/li>\n\n\n\n<li>Acompanhe avalia\u00e7\u00f5es e coment\u00e1rios;<\/li>\n\n\n\n<li>Pense no p\u00f3s-venda.<\/li>\n<\/ul>\n\n\n\n<p>Com responsabilidade e transpar\u00eancia, a Black Friday deixa de ser apenas uma campanha de descontos e vira uma <strong>vitrine de confian\u00e7a<\/strong>. Afinal, neg\u00f3cios que jogam limpo n\u00e3o s\u00f3 vendem mais, como conquistam clientes que voltam o ano todo e esse \u00e9 o verdadeiro lucro.<\/p>\n\n\n\n<h2 class=\"wp-block-heading\">Como a Loja Integrada ajuda voc\u00ea a vender mais na Black Friday<\/h2>\n\n\n\n<p>A <strong>Black Friday<\/strong> \u00e9 o momento mais competitivo do e-commerce e quem tem estrutura e automa\u00e7\u00e3o sai na frente. Com a <strong>Loja Integrada<\/strong>, o lojista consegue unir simplicidade, dados e tecnologia para transformar oportunidades em vendas reais.&nbsp;<\/p>\n\n\n\n<p>A plataforma foi criada para quem quer vender com autonomia, agilidade e controle total do neg\u00f3cio, especialmente em per\u00edodos de alto tr\u00e1fego.<\/p>\n\n\n\n<ul class=\"wp-block-list\">\n<li><strong>Cria\u00e7\u00e3o r\u00e1pida e intuitiva:<\/strong> monte sua loja virtual em poucos minutos, sem precisar de conhecimento t\u00e9cnico. Assim, a plataforma oferece <strong>modelos personaliz\u00e1veis<\/strong>, integra\u00e7\u00e3o com meios de pagamento e <a href=\"https:\/\/landing.lojaintegrada.com.br\/venda-mais\">sistemas de marketing digital<\/a>, tudo em um s\u00f3 lugar.<br><\/li>\n\n\n\n<li><a href=\"https:\/\/lojaintegrada.com.br\/hub\/dados-e-automacao-no-e-commerce\/\"><strong>Dados e automa\u00e7\u00e3o<\/strong><\/a><strong> a seu favor:<\/strong> a <strong>Loja Integrada<\/strong> permite conectar ferramentas que otimizam campanhas e melhoram a experi\u00eancia do cliente. Com automa\u00e7\u00f5es de e-mail, recupera\u00e7\u00e3o de carrinho e segmenta\u00e7\u00e3o inteligente, voc\u00ea aumenta convers\u00f5es sem esfor\u00e7o.<br><\/li>\n\n\n\n<li><strong>Estabilidade na Black Friday:<\/strong> os servidores e integra\u00e7\u00f5es da plataforma garantem <strong>performance mesmo com picos de acesso<\/strong>, mantendo sua loja r\u00e1pida e segura no momento em que mais importa.<br><\/li>\n\n\n\n<li><strong>Integra\u00e7\u00e3o com a <\/strong><a href=\"https:\/\/www.komea.com.br\/\"><strong>Komea<\/strong><\/a><strong>: <\/strong>ela oferece um app completo para <strong>gerenciar pedidos, estoque e atendimento diretamente do celular<\/strong>. Com ele, o lojista acompanha o desempenho das vendas em tempo real e toma decis\u00f5es mais r\u00e1pidas, ideal para quem precisa de agilidade durante a Black Friday.<br><\/li>\n\n\n\n<li><strong>Planos flex\u00edveis e sem taxas por venda:<\/strong> cres\u00e7a no seu ritmo, com custos previs\u00edveis e total controle financeiro.<\/li>\n<\/ul>\n\n\n\n<p>Com a <strong><a href=\"https:\/\/lojaintegrada.com.br/hub\/\">Loja Integrada<\/a> e a Komea<\/strong>, o e-commerce ganha for\u00e7a total para encarar a Black Friday com estrutura, automa\u00e7\u00e3o e intelig\u00eancia de dados. Por isso, enquanto a concorr\u00eancia se preocupa com o volume, voc\u00ea foca no que realmente importa: <strong>vender mais, com efici\u00eancia e confian\u00e7a.<\/strong><\/p>\n\n\n<div class=\"wp-block-image\">\n<figure class=\"aligncenter size-large\"><img decoding=\"async\" width=\"1024\" height=\"683\" src=\"https:\/\/lojaintegrada.com.br/hub\/wp-content\/uploads\/2024\/11\/lider-ambicioso-trabalha-no-escritorio-em-relatorios-infograficos-e-estabelecendo-objetivos-1024x683.webp\" alt=\"vendas-na-black-friday\" class=\"wp-image-49556\" srcset=\"https:\/\/lojaintegrada.com.br/hub\/wp-content\/uploads\/2024\/11\/lider-ambicioso-trabalha-no-escritorio-em-relatorios-infograficos-e-estabelecendo-objetivos-1024x683.webp 1024w, https:\/\/lojaintegrada.com.br/hub\/wp-content\/uploads\/2024\/11\/lider-ambicioso-trabalha-no-escritorio-em-relatorios-infograficos-e-estabelecendo-objetivos-300x200.webp 300w, https:\/\/lojaintegrada.com.br/hub\/wp-content\/uploads\/2024\/11\/lider-ambicioso-trabalha-no-escritorio-em-relatorios-infograficos-e-estabelecendo-objetivos-768x512.webp 768w, https:\/\/lojaintegrada.com.br/hub\/wp-content\/uploads\/2024\/11\/lider-ambicioso-trabalha-no-escritorio-em-relatorios-infograficos-e-estabelecendo-objetivos-600x400.webp 600w, https:\/\/lojaintegrada.com.br/hub\/wp-content\/uploads\/2024\/11\/lider-ambicioso-trabalha-no-escritorio-em-relatorios-infograficos-e-estabelecendo-objetivos.webp 1200w\" sizes=\"(max-width: 1024px) 100vw, 1024px\" \/><figcaption class=\"wp-element-caption\">Fonte: Freepik.<\/figcaption><\/figure>\n<\/div>\n\n\n<h2 class=\"wp-block-heading\">Transforme a Black Friday no ponto de virada do seu neg\u00f3cio<\/h2>\n\n\n\n<p>A <strong>Black Friday<\/strong> \u00e9 o grande palco do e-commerce, mas o verdadeiro sucesso vem de quem transforma aprendizado em rotina.&nbsp;<\/p>\n\n\n\n<p>Ao unir <strong>dados, automa\u00e7\u00e3o e experi\u00eancia<\/strong>, o lojista n\u00e3o depende da sorte, ele cria oportunidades consistentes para aumentar suas <strong>vendas na Black Friday<\/strong> e em qualquer \u00e9poca do ano.<\/p>\n\n\n\n<p>Com planejamento e tecnologia, \u00e9 poss\u00edvel entender o cliente, prever comportamentos e agir no momento certo. Assim, cada venda deixa um rastro de informa\u00e7\u00e3o valiosa que, quando bem usada, se transforma em crescimento sustent\u00e1vel.<\/p>\n\n\n\n<p>Se voc\u00ea ainda n\u00e3o tem sua loja online, \u00e9 hora de dar o primeiro passo. Ent\u00e3o, <a href=\"https:\/\/lojaintegrada.com.br\/\"><strong>crie sua loja gr\u00e1tis na Loja Integrada<\/strong><\/a> e descubra como transformar dados em decis\u00f5es, campanhas em resultados e clientes em verdadeiros f\u00e3s da sua marca.<\/p>\n","protected":false},"excerpt":{"rendered":"<p>A Black Friday \u00e9 o momento mais esperado do ano para quem vende online e tamb\u00e9m o mais desafiador. Com tantos concorrentes disputando aten\u00e7\u00e3o, entender o comportamento do cliente e usar tecnologia a favor das vendas na Black Friday \u00e9 o que separa bons resultados de grandes conquistas. Usar dados e automa\u00e7\u00e3o permite enxergar padr\u00f5es, [&hellip;]<\/p>\n","protected":false},"author":96,"featured_media":46331,"comment_status":"open","ping_status":"open","sticky":false,"template":"","format":"standard","meta":{"content-type":"","two_page_speed":[],"footnotes":""},"categories":[2814],"tags":[68,2770,92,1426],"class_list":["post-46329","post","type-post","status-publish","format-standard","has-post-thumbnail","hentry","category-marketing-e-vendas","tag-black-friday","tag-dados-e-automacao","tag-dicas-para-ecommerce","tag-vender-mais"],"yoast_head":"<!-- This site is optimized with the Yoast SEO plugin v23.9 - https:\/\/yoast.com\/wordpress\/plugins\/seo\/ -->\n<title>Vendas na Black Friday: como aumentar o lucro com automa\u00e7\u00e3o<\/title>\n<meta name=\"description\" content=\"Descubra como alavancar suas vendas na Black Friday com dados e automa\u00e7\u00e3o. Aproveite ferramentas da Loja Integrada e impulsione resultados!\" \/>\n<meta name=\"robots\" content=\"index, follow, max-snippet:-1, max-image-preview:large, max-video-preview:-1\" \/>\n<link rel=\"canonical\" href=\"https:\/\/lojaintegrada.com.br/hub\/vendas-black-friday\/\" \/>\n<meta property=\"og:locale\" content=\"pt_BR\" \/>\n<meta property=\"og:type\" content=\"article\" \/>\n<meta property=\"og:title\" content=\"Vendas na Black Friday: como aumentar o lucro com automa\u00e7\u00e3o\" \/>\n<meta property=\"og:description\" content=\"Descubra como alavancar suas vendas na Black Friday com dados e automa\u00e7\u00e3o. Aproveite ferramentas da Loja Integrada e impulsione resultados!\" \/>\n<meta property=\"og:url\" content=\"https:\/\/lojaintegrada.com.br/hub\/vendas-black-friday\/\" \/>\n<meta property=\"og:site_name\" content=\"Blog da Loja Integrada\" \/>\n<meta property=\"article:published_time\" content=\"2025-10-28T14:43:00+00:00\" \/>\n<meta property=\"article:modified_time\" content=\"2025-10-21T10:58:43+00:00\" \/>\n<meta property=\"og:image\" content=\"https:\/\/lojaintegrada.com.br/hub\/wp-content\/uploads\/2024\/11\/vendas-black-friday-1.webp\" \/>\n\t<meta property=\"og:image:width\" content=\"1200\" \/>\n\t<meta property=\"og:image:height\" content=\"800\" \/>\n\t<meta property=\"og:image:type\" content=\"image\/webp\" \/>\n<meta name=\"author\" content=\"Raphael Spagnuolo\" \/>\n<meta name=\"twitter:card\" content=\"summary_large_image\" \/>\n<meta name=\"twitter:label1\" content=\"Escrito por\" \/>\n\t<meta name=\"twitter:data1\" content=\"Raphael Spagnuolo\" \/>\n\t<meta name=\"twitter:label2\" content=\"Est. tempo de leitura\" \/>\n\t<meta name=\"twitter:data2\" content=\"9 minutos\" \/>\n<script type=\"application\/ld+json\" class=\"yoast-schema-graph\">{\"@context\":\"https:\/\/schema.org\",\"@graph\":[{\"@type\":[\"Article\",\"BlogPosting\"],\"@id\":\"https:\/\/lojaintegrada.com.br/hub\/vendas-black-friday\/#article\",\"isPartOf\":{\"@id\":\"https:\/\/lojaintegrada.com.br/hub\/vendas-black-friday\/\"},\"author\":{\"name\":\"Raphael Spagnuolo\",\"@id\":\"https:\/\/lojaintegrada.com.br/hub\/#\/schema\/person\/c4c7b9ba18e7d609a360ade001a7e889\"},\"headline\":\"Como aumentar suas vendas na Black Friday com dados e automa\u00e7\u00e3o\",\"datePublished\":\"2025-10-28T14:43:00+00:00\",\"dateModified\":\"2025-10-21T10:58:43+00:00\",\"mainEntityOfPage\":{\"@id\":\"https:\/\/lojaintegrada.com.br/hub\/vendas-black-friday\/\"},\"wordCount\":1832,\"commentCount\":0,\"publisher\":{\"@id\":\"https:\/\/lojaintegrada.com.br/hub\/#organization\"},\"image\":{\"@id\":\"https:\/\/lojaintegrada.com.br/hub\/vendas-black-friday\/#primaryimage\"},\"thumbnailUrl\":\"https:\/\/lojaintegrada.com.br/hub\/wp-content\/uploads\/2024\/11\/vendas-black-friday-1.webp\",\"keywords\":[\"Black Friday\",\"dados e automa\u00e7\u00e3o\",\"Dicas para ecommerce\",\"vender mais\"],\"articleSection\":[\"Marketing e Vendas\"],\"inLanguage\":\"pt-BR\",\"potentialAction\":[{\"@type\":\"CommentAction\",\"name\":\"Comment\",\"target\":[\"https:\/\/lojaintegrada.com.br/hub\/vendas-black-friday\/#respond\"]}]},{\"@type\":\"WebPage\",\"@id\":\"https:\/\/lojaintegrada.com.br/hub\/vendas-black-friday\/\",\"url\":\"https:\/\/lojaintegrada.com.br/hub\/vendas-black-friday\/\",\"name\":\"Vendas na Black Friday: como aumentar o lucro com automa\u00e7\u00e3o\",\"isPartOf\":{\"@id\":\"https:\/\/lojaintegrada.com.br/hub\/#website\"},\"primaryImageOfPage\":{\"@id\":\"https:\/\/lojaintegrada.com.br/hub\/vendas-black-friday\/#primaryimage\"},\"image\":{\"@id\":\"https:\/\/lojaintegrada.com.br/hub\/vendas-black-friday\/#primaryimage\"},\"thumbnailUrl\":\"https:\/\/lojaintegrada.com.br/hub\/wp-content\/uploads\/2024\/11\/vendas-black-friday-1.webp\",\"datePublished\":\"2025-10-28T14:43:00+00:00\",\"dateModified\":\"2025-10-21T10:58:43+00:00\",\"description\":\"Descubra como alavancar suas vendas na Black Friday com dados e automa\u00e7\u00e3o. Aproveite ferramentas da Loja Integrada e impulsione resultados!\",\"breadcrumb\":{\"@id\":\"https:\/\/lojaintegrada.com.br/hub\/vendas-black-friday\/#breadcrumb\"},\"inLanguage\":\"pt-BR\",\"potentialAction\":[{\"@type\":\"ReadAction\",\"target\":[\"https:\/\/lojaintegrada.com.br/hub\/vendas-black-friday\/\"]}]},{\"@type\":\"ImageObject\",\"inLanguage\":\"pt-BR\",\"@id\":\"https:\/\/lojaintegrada.com.br/hub\/vendas-black-friday\/#primaryimage\",\"url\":\"https:\/\/lojaintegrada.com.br/hub\/wp-content\/uploads\/2024\/11\/vendas-black-friday-1.webp\",\"contentUrl\":\"https:\/\/lojaintegrada.com.br/hub\/wp-content\/uploads\/2024\/11\/vendas-black-friday-1.webp\",\"width\":1200,\"height\":800,\"caption\":\"vendas black friday\"},{\"@type\":\"BreadcrumbList\",\"@id\":\"https:\/\/lojaintegrada.com.br/hub\/vendas-black-friday\/#breadcrumb\",\"itemListElement\":[{\"@type\":\"ListItem\",\"position\":1,\"name\":\"In\u00edcio\",\"item\":\"https:\/\/lojaintegrada.com.br/hub\/\"},{\"@type\":\"ListItem\",\"position\":2,\"name\":\"Como aumentar suas vendas na Black Friday com dados e automa\u00e7\u00e3o\"}]},{\"@type\":\"WebSite\",\"@id\":\"https:\/\/lojaintegrada.com.br/hub\/#website\",\"url\":\"https:\/\/lojaintegrada.com.br/hub\/\",\"name\":\"Blog da Loja Integrada\",\"description\":\"Conte\u00fado para ecommerce\",\"publisher\":{\"@id\":\"https:\/\/lojaintegrada.com.br/hub\/#organization\"},\"potentialAction\":[{\"@type\":\"SearchAction\",\"target\":{\"@type\":\"EntryPoint\",\"urlTemplate\":\"https:\/\/lojaintegrada.com.br/hub\/?s={search_term_string}\"},\"query-input\":{\"@type\":\"PropertyValueSpecification\",\"valueRequired\":true,\"valueName\":\"search_term_string\"}}],\"inLanguage\":\"pt-BR\"},{\"@type\":\"Organization\",\"@id\":\"https:\/\/lojaintegrada.com.br/hub\/#organization\",\"name\":\"Loja Integrada\",\"url\":\"https:\/\/lojaintegrada.com.br/hub\/\",\"logo\":{\"@type\":\"ImageObject\",\"inLanguage\":\"pt-BR\",\"@id\":\"https:\/\/lojaintegrada.com.br/hub\/#\/schema\/logo\/image\/\",\"url\":\"https:\/\/lojaintegrada.com.br/hub\/wp-content\/uploads\/2022\/05\/Loja-Integrada-RGB-Flat-Fundo-Branco-LOGO.png\",\"contentUrl\":\"https:\/\/lojaintegrada.com.br/hub\/wp-content\/uploads\/2022\/05\/Loja-Integrada-RGB-Flat-Fundo-Branco-LOGO.png\",\"width\":1394,\"height\":209,\"caption\":\"Loja Integrada\"},\"image\":{\"@id\":\"https:\/\/lojaintegrada.com.br/hub\/#\/schema\/logo\/image\/\"}},{\"@type\":\"Person\",\"@id\":\"https:\/\/lojaintegrada.com.br/hub\/#\/schema\/person\/c4c7b9ba18e7d609a360ade001a7e889\",\"name\":\"Raphael Spagnuolo\",\"image\":{\"@type\":\"ImageObject\",\"inLanguage\":\"pt-BR\",\"@id\":\"https:\/\/lojaintegrada.com.br/hub\/#\/schema\/person\/image\/\",\"url\":\"https:\/\/lojaintegrada.com.br/hub\/wp-content\/uploads\/2023\/03\/299484235_8240765175948434_2124469046896124149_n.jpg\",\"contentUrl\":\"https:\/\/lojaintegrada.com.br/hub\/wp-content\/uploads\/2023\/03\/299484235_8240765175948434_2124469046896124149_n.jpg\",\"caption\":\"Raphael Spagnuolo\"},\"description\":\"Sou um entusiasta de tecnologia, ecommerce e jogos digitais. Minha paix\u00e3o por esses temas me levou a anos de estudos e pesquisa para entender tudo sobre eles. Adoro compartilhar meus conhecimentos com outros apaixonados por tecnologia e neg\u00f3cios online. Mal posso esperar para ajudar voc\u00eas a dominar o mundo dos ecommerces!\"}]}<\/script>\n<!-- \/ Yoast SEO plugin. -->","yoast_head_json":{"title":"Vendas na Black Friday: como aumentar o lucro com automa\u00e7\u00e3o","description":"Descubra como alavancar suas vendas na Black Friday com dados e automa\u00e7\u00e3o. Aproveite ferramentas da Loja Integrada e impulsione resultados!","robots":{"index":"index","follow":"follow","max-snippet":"max-snippet:-1","max-image-preview":"max-image-preview:large","max-video-preview":"max-video-preview:-1"},"canonical":"https:\/\/lojaintegrada.com.br/hub\/vendas-black-friday\/","og_locale":"pt_BR","og_type":"article","og_title":"Vendas na Black Friday: como aumentar o lucro com automa\u00e7\u00e3o","og_description":"Descubra como alavancar suas vendas na Black Friday com dados e automa\u00e7\u00e3o. Aproveite ferramentas da Loja Integrada e impulsione resultados!","og_url":"https:\/\/lojaintegrada.com.br/hub\/vendas-black-friday\/","og_site_name":"Blog da Loja Integrada","article_published_time":"2025-10-28T14:43:00+00:00","article_modified_time":"2025-10-21T10:58:43+00:00","og_image":[{"width":1200,"height":800,"url":"https:\/\/lojaintegrada.com.br/hub\/wp-content\/uploads\/2024\/11\/vendas-black-friday-1.webp","type":"image\/webp"}],"author":"Raphael Spagnuolo","twitter_card":"summary_large_image","twitter_misc":{"Escrito por":"Raphael Spagnuolo","Est. tempo de leitura":"9 minutos"},"schema":{"@context":"https:\/\/schema.org","@graph":[{"@type":["Article","BlogPosting"],"@id":"https:\/\/lojaintegrada.com.br/hub\/vendas-black-friday\/#article","isPartOf":{"@id":"https:\/\/lojaintegrada.com.br/hub\/vendas-black-friday\/"},"author":{"name":"Raphael Spagnuolo","@id":"https:\/\/lojaintegrada.com.br/hub\/#\/schema\/person\/c4c7b9ba18e7d609a360ade001a7e889"},"headline":"Como aumentar suas vendas na Black Friday com dados e automa\u00e7\u00e3o","datePublished":"2025-10-28T14:43:00+00:00","dateModified":"2025-10-21T10:58:43+00:00","mainEntityOfPage":{"@id":"https:\/\/lojaintegrada.com.br/hub\/vendas-black-friday\/"},"wordCount":1832,"commentCount":0,"publisher":{"@id":"https:\/\/lojaintegrada.com.br/hub\/#organization"},"image":{"@id":"https:\/\/lojaintegrada.com.br/hub\/vendas-black-friday\/#primaryimage"},"thumbnailUrl":"https:\/\/lojaintegrada.com.br/hub\/wp-content\/uploads\/2024\/11\/vendas-black-friday-1.webp","keywords":["Black Friday","dados e automa\u00e7\u00e3o","Dicas para ecommerce","vender mais"],"articleSection":["Marketing e Vendas"],"inLanguage":"pt-BR","potentialAction":[{"@type":"CommentAction","name":"Comment","target":["https:\/\/lojaintegrada.com.br/hub\/vendas-black-friday\/#respond"]}]},{"@type":"WebPage","@id":"https:\/\/lojaintegrada.com.br/hub\/vendas-black-friday\/","url":"https:\/\/lojaintegrada.com.br/hub\/vendas-black-friday\/","name":"Vendas na Black Friday: como aumentar o lucro com automa\u00e7\u00e3o","isPartOf":{"@id":"https:\/\/lojaintegrada.com.br/hub\/#website"},"primaryImageOfPage":{"@id":"https:\/\/lojaintegrada.com.br/hub\/vendas-black-friday\/#primaryimage"},"image":{"@id":"https:\/\/lojaintegrada.com.br/hub\/vendas-black-friday\/#primaryimage"},"thumbnailUrl":"https:\/\/lojaintegrada.com.br/hub\/wp-content\/uploads\/2024\/11\/vendas-black-friday-1.webp","datePublished":"2025-10-28T14:43:00+00:00","dateModified":"2025-10-21T10:58:43+00:00","description":"Descubra como alavancar suas vendas na Black Friday com dados e automa\u00e7\u00e3o. Aproveite ferramentas da Loja Integrada e impulsione resultados!","breadcrumb":{"@id":"https:\/\/lojaintegrada.com.br/hub\/vendas-black-friday\/#breadcrumb"},"inLanguage":"pt-BR","potentialAction":[{"@type":"ReadAction","target":["https:\/\/lojaintegrada.com.br/hub\/vendas-black-friday\/"]}]},{"@type":"ImageObject","inLanguage":"pt-BR","@id":"https:\/\/lojaintegrada.com.br/hub\/vendas-black-friday\/#primaryimage","url":"https:\/\/lojaintegrada.com.br/hub\/wp-content\/uploads\/2024\/11\/vendas-black-friday-1.webp","contentUrl":"https:\/\/lojaintegrada.com.br/hub\/wp-content\/uploads\/2024\/11\/vendas-black-friday-1.webp","width":1200,"height":800,"caption":"vendas black friday"},{"@type":"BreadcrumbList","@id":"https:\/\/lojaintegrada.com.br/hub\/vendas-black-friday\/#breadcrumb","itemListElement":[{"@type":"ListItem","position":1,"name":"In\u00edcio","item":"https:\/\/lojaintegrada.com.br/hub\/"},{"@type":"ListItem","position":2,"name":"Como aumentar suas vendas na Black Friday com dados e automa\u00e7\u00e3o"}]},{"@type":"WebSite","@id":"https:\/\/lojaintegrada.com.br/hub\/#website","url":"https:\/\/lojaintegrada.com.br/hub\/","name":"Blog da Loja Integrada","description":"Conte\u00fado para ecommerce","publisher":{"@id":"https:\/\/lojaintegrada.com.br/hub\/#organization"},"potentialAction":[{"@type":"SearchAction","target":{"@type":"EntryPoint","urlTemplate":"https:\/\/lojaintegrada.com.br/hub\/?s={search_term_string}"},"query-input":{"@type":"PropertyValueSpecification","valueRequired":true,"valueName":"search_term_string"}}],"inLanguage":"pt-BR"},{"@type":"Organization","@id":"https:\/\/lojaintegrada.com.br/hub\/#organization","name":"Loja Integrada","url":"https:\/\/lojaintegrada.com.br/hub\/","logo":{"@type":"ImageObject","inLanguage":"pt-BR","@id":"https:\/\/lojaintegrada.com.br/hub\/#\/schema\/logo\/image\/","url":"https:\/\/lojaintegrada.com.br/hub\/wp-content\/uploads\/2022\/05\/Loja-Integrada-RGB-Flat-Fundo-Branco-LOGO.png","contentUrl":"https:\/\/lojaintegrada.com.br/hub\/wp-content\/uploads\/2022\/05\/Loja-Integrada-RGB-Flat-Fundo-Branco-LOGO.png","width":1394,"height":209,"caption":"Loja Integrada"},"image":{"@id":"https:\/\/lojaintegrada.com.br/hub\/#\/schema\/logo\/image\/"}},{"@type":"Person","@id":"https:\/\/lojaintegrada.com.br/hub\/#\/schema\/person\/c4c7b9ba18e7d609a360ade001a7e889","name":"Raphael Spagnuolo","image":{"@type":"ImageObject","inLanguage":"pt-BR","@id":"https:\/\/lojaintegrada.com.br/hub\/#\/schema\/person\/image\/","url":"https:\/\/lojaintegrada.com.br/hub\/wp-content\/uploads\/2023\/03\/299484235_8240765175948434_2124469046896124149_n.jpg","contentUrl":"https:\/\/lojaintegrada.com.br/hub\/wp-content\/uploads\/2023\/03\/299484235_8240765175948434_2124469046896124149_n.jpg","caption":"Raphael Spagnuolo"},"description":"Sou um entusiasta de tecnologia, ecommerce e jogos digitais. Minha paix\u00e3o por esses temas me levou a anos de estudos e pesquisa para entender tudo sobre eles. Adoro compartilhar meus conhecimentos com outros apaixonados por tecnologia e neg\u00f3cios online. Mal posso esperar para ajudar voc\u00eas a dominar o mundo dos ecommerces!"}]}},"_links":{"self":[{"href":"https:\/\/lojaintegrada.com.br/hub\/wp-json\/wp\/v2\/posts\/46329","targetHints":{"allow":["GET"]}}],"collection":[{"href":"https:\/\/lojaintegrada.com.br/hub\/wp-json\/wp\/v2\/posts"}],"about":[{"href":"https:\/\/lojaintegrada.com.br/hub\/wp-json\/wp\/v2\/types\/post"}],"author":[{"embeddable":true,"href":"https:\/\/lojaintegrada.com.br/hub\/wp-json\/wp\/v2\/users\/96"}],"replies":[{"embeddable":true,"href":"https:\/\/lojaintegrada.com.br/hub\/wp-json\/wp\/v2\/comments?post=46329"}],"version-history":[{"count":0,"href":"https:\/\/lojaintegrada.com.br/hub\/wp-json\/wp\/v2\/posts\/46329\/revisions"}],"wp:featuredmedia":[{"embeddable":true,"href":"https:\/\/lojaintegrada.com.br/hub\/wp-json\/wp\/v2\/media\/46331"}],"wp:attachment":[{"href":"https:\/\/lojaintegrada.com.br/hub\/wp-json\/wp\/v2\/media?parent=46329"}],"wp:term":[{"taxonomy":"category","embeddable":true,"href":"https:\/\/lojaintegrada.com.br/hub\/wp-json\/wp\/v2\/categories?post=46329"},{"taxonomy":"post_tag","embeddable":true,"href":"https:\/\/lojaintegrada.com.br/hub\/wp-json\/wp\/v2\/tags?post=46329"}],"curies":[{"name":"wp","href":"https:\/\/api.w.org\/{rel}","templated":true}]}}