{"id":45861,"date":"2024-10-11T10:58:15","date_gmt":"2024-10-11T13:58:15","guid":{"rendered":"https:\/\/lojaintegrada.com.br/hub\/?p=45861"},"modified":"2024-11-19T14:42:56","modified_gmt":"2024-11-19T17:42:56","slug":"dados-e-automacao-no-e-commerce","status":"publish","type":"post","link":"https:\/\/lojaintegrada.com.br/hub\/dados-e-automacao-no-e-commerce\/","title":{"rendered":"Dados e Automa\u00e7\u00e3o no e-commerce: confira 8 novidades da Loja Integrada"},"content":{"rendered":"\n<p>O evento Vozes do E-commerce 2024, organizado pela Loja Integrada, aconteceu em S\u00e3o Paulo nos dias 25 e 26 de setembro, trazendo conte\u00fado de alta qualidade sobre inova\u00e7\u00e3o, tend\u00eancias e intelig\u00eancia artificial para empreendedores digitais.<\/p>\n\n\n\n<p>Estiveram presentes grandes nomes do e-commerce, como Fred Trajano (CEO da Magalu), Alfredo Soares (G4 Educa\u00e7\u00e3o), Martha Gabriel e Camila Renaux. Al\u00e9m de promover conhecimento e networking, o Vozes foi palco para o lan\u00e7amento de grandes novidades da Loja Integrada na \u00e1rea de <strong>dados e automa\u00e7\u00e3o<\/strong> para e-commerce.<\/p>\n\n\n\n<p>A Loja Integrada n\u00e3o s\u00f3 se prepara para o futuro, mas est\u00e1 moldando ativamente o caminho para que o com\u00e9rcio digital seja mais <strong>inteligente<\/strong>, <strong>conectado<\/strong> e <strong>automatizado<\/strong>. Com as novas funcionalidades, os lojistas ter\u00e3o acesso ao que h\u00e1 de mais moderno em automa\u00e7\u00e3o e intelig\u00eancia artificial, tornando suas opera\u00e7\u00f5es mais eficientes e otimizando a gest\u00e3o do tempo.<\/p>\n\n\n\n<p>Se voc\u00ea perdeu alguma coisa, n\u00e3o se preocupe! Aqui vamos detalhar as principais atualiza\u00e7\u00f5es anunciadas, que far\u00e3o toda a diferen\u00e7a no seu neg\u00f3cio.<\/p>\n\n\n\n<h2 class=\"wp-block-heading\">Gest\u00e3o de dados e gera\u00e7\u00e3o de valor no e-commerce<\/h2>\n\n\n\n<p>Em um cen\u00e1rio de alta densidade de dados dispon\u00edveis no e-commerce, o grande desafio est\u00e1 em extrair valor dessas informa\u00e7\u00f5es. Se um lojista n\u00e3o estiver bem posicionado para lidar com o volume e a fragmenta\u00e7\u00e3o dos dados hoje, essa situa\u00e7\u00e3o tende a se agravar nos pr\u00f3ximos dois anos, comprometendo o desempenho do neg\u00f3cio.<\/p>\n\n\n\n<p>Para se ter uma ideia, 80% das vendas em 2024 ocorreram em marketplaces (<a href=\"https:\/\/vareseretail.com.br\/2024\/04\/26\/varejo-digital-e-marketplaces-no-brasil\/\">Varese Retail<\/a>) e 10% das vendas em 2025 ocorrer\u00e3o em redes sociais (<a href=\"https:\/\/capitaloneshopping.com\/research\/\">Capital One Shopping Research<\/a>). Esses n\u00fameros mostram que o comportamento de navega\u00e7\u00e3o e consumo est\u00e1 cada vez mais ativo fora dos canais pr\u00f3prios do lojista, o que encarece o custo de aquisi\u00e7\u00e3o de clientes.<\/p>\n\n\n\n<p>Portanto, para que sua marca continue relevante, \u00e9 essencial investir em dados e automa\u00e7\u00e3o, alcan\u00e7ando um novo n\u00edvel de efici\u00eancia tanto na venda em diferentes canais quanto na reten\u00e7\u00e3o de clientes. Como plataforma de e-commerce, o papel da Loja Integrada n\u00e3o \u00e9 apenas fornecer dados, mas sim traduzi-los em a\u00e7\u00f5es pr\u00e1ticas.<\/p>\n\n\n\n<h2 class=\"wp-block-heading\">O futuro do e-commerce \u00e9 inteligente<\/h2>\n\n\n\n<p>Para proporcionar mais intelig\u00eancia \u00e0s opera\u00e7\u00f5es dos e-commerces que escolhem a Loja Integrada, realizamos tr\u00eas grandes investimentos no \u00faltimo ano:<\/p>\n\n\n\n<ol class=\"wp-block-list\">\n<li>Distribui\u00e7\u00e3o e otimiza\u00e7\u00e3o de an\u00fancios para m\u00faltiplos canais de vendas;<\/li>\n\n\n\n<li>Automa\u00e7\u00f5es para engajamento e reten\u00e7\u00e3o de clientes em canais pr\u00f3prios;<\/li>\n\n\n\n<li>Redu\u00e7\u00e3o da barreira de ado\u00e7\u00e3o de novas tecnologias.<\/li>\n<\/ol>\n\n\n\n<p>Com base nesses tr\u00eas pilares, anunciamos solu\u00e7\u00f5es que ir\u00e3o transformar a forma como os empreendedores trabalham no dia a dia \u2014 e a tempo da Black Friday!<\/p>\n\n\n\n<h2 class=\"wp-block-heading\">8 funcionalidades anunciadas pela Loja Integrada<\/h2>\n\n\n\n<p>\u00c9 hora de repensar como voc\u00ea opera o seu neg\u00f3cio, e estamos aqui para ajud\u00e1-lo a alcan\u00e7ar resultados extraordin\u00e1rios com menos esfor\u00e7o e mais foco, por meio de lan\u00e7amentos imperd\u00edveis:<\/p>\n\n\n\n<h3 class=\"wp-block-heading\">1. Hub de Canais com cat\u00e1logo aprimorado<\/h3>\n\n\n\n<ol class=\"wp-block-list\"><\/ol>\n\n\n\n<p>No campo da distribui\u00e7\u00e3o e otimiza\u00e7\u00e3o de an\u00fancios, lan\u00e7amos, em fase beta para os 100 primeiros lojistas, o Hub de Canais propriet\u00e1rio. Agora, os empreendedores podem anunciar diretamente pelo painel da Loja Integrada em marketplaces do grupo VTEX e no Magalu. Mercado Livre e Shopee s\u00e3o os pr\u00f3ximos canais previstos para serem integrados.<\/p>\n\n\n\n<p>De acordo com estat\u00edsticas internas, apenas 13% dos an\u00fancios enviados por ferramentas de integra\u00e7\u00e3o s\u00e3o aprovados de primeira. Portanto, a solu\u00e7\u00e3o surge para resolver um problema significativo: como cadastrar e enviar produtos para marketplaces quando cada um tem regras e solicita formatos espec\u00edficos de dados.<\/p>\n\n\n\n<p>Assim, investimos em modelos generativos que garantem o cadastro de cada novo produto com alta qualidade de dados, facilitando sua adapta\u00e7\u00e3o aos requisitos dos marketplaces, por meio de um <em>&#8220;match&#8221;<\/em> de cat\u00e1logos facilitado por IA. Baseado nos dados do seu produto e na estrutura do cat\u00e1logo do marketplace, a funcionalidade sugere atributos durante o cadastro e aplica as mudan\u00e7as necess\u00e1rias para garantir uma aprova\u00e7\u00e3o r\u00e1pida.<\/p>\n\n\n\n<h3 class=\"wp-block-heading\">2. Ferramenta de avalia\u00e7\u00e3o de produtos e busca atualizada<\/h3>\n\n\n\n<ol start=\"2\" class=\"wp-block-list\"><\/ol>\n\n\n\n<p>A reten\u00e7\u00e3o de clientes \u00e9 essencial no varejo. Clientes fidelizados s\u00e3o cerca de 5 vezes mais baratos de manter do que adquirir novos e geram um ticket m\u00e9dio 31% maior (<a href=\"https:\/\/www.demandsage.com\/customer-retention-statistics\/\">DemandSage Customer Retention Statistics<\/a>). Assim, \u00e9 papel da plataforma garantir que o tr\u00e1fego que chega \u00e0 sua loja seja convertido em vendas e que os clientes se tornem fidelizados.<\/p>\n\n\n\n<p>A primeira novidade \u00e9 a ferramenta de avalia\u00e7\u00e3o de produtos nativa, que permite incluir avalia\u00e7\u00f5es dos clientes nas p\u00e1ginas de produto, aumentando a confiabilidade da compra. A &#8220;prova social&#8221; se torna ainda mais eficaz com o mecanismo de busca otimizado, que ajuda novos clientes a encontrar o que procuram e a comprar com mais seguran\u00e7a.<\/p>\n\n\n\n<p>A ferramenta de avalia\u00e7\u00e3o permite a importa\u00e7\u00e3o de reviews, tem integra\u00e7\u00e3o com o Google Merchant e, o melhor: sem custo adicional!<\/p>\n\n\n\n<h3 class=\"wp-block-heading\">3. Desconto Progressivo<\/h3>\n\n\n\n<ol start=\"3\" class=\"wp-block-list\"><\/ol>\n\n\n\n<p>Ainda no campo do engajamento e reten\u00e7\u00e3o, lan\u00e7amos o Desconto Progressivo. Agora, \u00e9 poss\u00edvel aplicar descontos com base no valor do carrinho ou na quantidade\/categoria dos produtos adicionados, por exemplo. Em resumo, quanto mais o cliente compra, maior o desconto oferecido.<\/p>\n\n\n\n<p>No m\u00f3dulo promocional, voc\u00ea pode criar promo\u00e7\u00f5es com m\u00faltiplos produtos e definir valores progressivos de desconto, alinhados \u00e0s suas estrat\u00e9gias de venda.<\/p>\n\n\n\n<h3 class=\"wp-block-heading\">4. Produto Abandonado<\/h3>\n\n\n\n<ol start=\"4\" class=\"wp-block-list\"><\/ol>\n\n\n\n<p>Em 2023, lan\u00e7amos a funcionalidade de Carrinho Abandonado, que gerou mais de R$ 23 milh\u00f5es em vendas recuperadas at\u00e9 o momento. Al\u00e9m do Carrinho abandonado, agora \u00e9 poss\u00edvel recuperar tamb\u00e9m clientes que visitaram a p\u00e1gina de seus produtos, mas n\u00e3o finalizaram a compra.<\/p>\n\n\n\n<p>Com mensagens personalizadas, voc\u00ea pode transformar o interesse em a\u00e7\u00e3o. Mais um gatilho que ajuda a recuperar vendas que quase escaparam.<\/p>\n\n\n\n<h3 class=\"wp-block-heading\">5. Recupera\u00e7\u00e3o de Pedidos sem Pagamento<\/h3>\n\n\n\n<p>Transforme oportunidades perdidas em vendas concretizadas! Todo lojista conhece o drama dos pedidos em que o cliente vai at\u00e9 o final do checkout, gera um c\u00f3digo Pix ou boleto, mas n\u00e3o conclui o pagamento.&nbsp;<\/p>\n\n\n\n<p>Agora, gatilhos autom\u00e1ticos por e-mail ajudam a reengajar esses clientes e a aumentar suas convers\u00f5es.<\/p>\n\n\n\n<h3 class=\"wp-block-heading\">6. Recomenda\u00e7\u00e3o de Produtos por IA<\/h3>\n\n\n\n<p>Outra novidade \u00e9 a possibilidade de recomendar produtos semelhantes aos que os clientes est\u00e3o buscando, enquanto navegam pela sua loja. A recomenda\u00e7\u00e3o tamb\u00e9m pode ser feita por e-mail ou por meio do WhatsApp, que \u00e9 outra grande novidade.<\/p>\n\n\n\n<p>Essas sugest\u00f5es complementares s\u00e3o ativadas em vitrines de recomenda\u00e7\u00e3o e disparadas como mensagens personalizadas, oferecendo produtos que combinam perfeitamente com a escolha do cliente.<\/p>\n\n\n\n<h3 class=\"wp-block-heading\">7. Segmenta\u00e7\u00e3o de Pre\u00e7os por Localidade<\/h3>\n\n\n\n<ol start=\"7\" class=\"wp-block-list\"><\/ol>\n\n\n\n<p>Para quem vende para diferentes regi\u00f5es ou quer testar um novo mercado, agora \u00e9 poss\u00edvel definir diferentes pre\u00e7os de acordo com a faixa de CEP.&nbsp;<\/p>\n\n\n\n<p>Ajustar o valor dos produtos conforme a regi\u00e3o dos clientes pode contribuir para aumentar a margem de lucro.<\/p>\n\n\n\n<h3 class=\"wp-block-heading\">8. Evolu\u00e7\u00f5es em Parcerias<\/h3>\n\n\n\n<ol start=\"8\" class=\"wp-block-list\"><\/ol>\n\n\n\n<p>Como uma plataforma integrada \u2014 como o nome j\u00e1 diz \u2014 nosso papel \u00e9 garantir que todo lojista possa acessar novas tecnologias e parceiros de servi\u00e7o que aumentem sua efici\u00eancia e velocidade, com pouco ou nenhum esfor\u00e7o.&nbsp;<\/p>\n\n\n\n<p>Nos \u00faltimos meses, atuamos ativamente em melhorias que resultaram em mais de 1.200 novos lan\u00e7amentos. Entre os principais, destacamos:<\/p>\n\n\n\n<ul class=\"wp-block-list\">\n<li>Sedex 10, 12 e Hoje no <a href=\"https:\/\/lojaintegrada.com.br\/enviali\/\">Enviali<\/a>;<\/li>\n\n\n\n<li><a href=\"https:\/\/www.cielo.com.br\/e-commerce\/\">Cielo<\/a> com tarifa negoci\u00e1vel;<\/li>\n\n\n\n<li>Integra\u00e7\u00e3o com <a href=\"https:\/\/www.paypal.com\/br\/home\">PayPal<\/a>;<\/li>\n\n\n\n<li>Integra\u00e7\u00e3o com <a href=\"https:\/\/appmax.com.br\/\">Appmax<\/a>;<\/li>\n\n\n\n<li>Suporte para Multi-CD com a Neomode.<\/li>\n<\/ul>\n\n\n\n<p>Vale ressaltar que, com a integra\u00e7\u00e3o para Multi-CD, agora \u00e9 poss\u00edvel realizar a integra\u00e7\u00e3o de estoque omnichannel, providenciar entrega de diferentes centros de distribui\u00e7\u00e3o e oferecer pickup e ship from store.<\/p>\n\n\n\n<h2 class=\"wp-block-heading\">Dados e automa\u00e7\u00e3o no e-commerce: o futuro \u00e9 agora<\/h2>\n\n\n\n<p>Com tantas novidades voltadas \u00e0 automa\u00e7\u00e3o e uso estrat\u00e9gico de dados, a Loja Integrada est\u00e1 comprometida em fornecer as melhores ferramentas para que seu e-commerce seja mais eficiente e competitivo. Esses lan\u00e7amentos representam uma nova era de intelig\u00eancia e agilidade para os lojistas.<\/p>\n\n\n\n<p>N\u00e3o perca a chance de conhecer mais sobre essas inova\u00e7\u00f5es e como elas podem impulsionar seu neg\u00f3cio. Acesse nossa <a href=\"https:\/\/landing.lojaintegrada.com.br\/escolha-dados-e-automacao\">p\u00e1gina<\/a> e saiba como come\u00e7ar a usar essas funcionalidades hoje mesmo. <em>Spoiler:<\/em> tem ofertas exclusivas para migrar!<\/p>\n\n\n\n<p><\/p>\n","protected":false},"excerpt":{"rendered":"<p>O evento Vozes do E-commerce 2024, organizado pela Loja Integrada, aconteceu em S\u00e3o Paulo nos dias 25 e 26 de setembro, trazendo conte\u00fado de alta qualidade sobre inova\u00e7\u00e3o, tend\u00eancias e intelig\u00eancia artificial para empreendedores digitais. Estiveram presentes grandes nomes do e-commerce, como Fred Trajano (CEO da Magalu), Alfredo Soares (G4 Educa\u00e7\u00e3o), Martha Gabriel e Camila [&hellip;]<\/p>\n","protected":false},"author":119,"featured_media":45864,"comment_status":"open","ping_status":"open","sticky":true,"template":"","format":"standard","meta":{"content-type":"","two_page_speed":[],"footnotes":""},"categories":[2822],"tags":[1613,2310,2745,2746,2747,2222],"class_list":["post-45861","post","type-post","status-publish","format-standard","has-post-thumbnail","hentry","category-institucional","tag-automacao-de-marketing","tag-avaliacao-de-produtos","tag-dados","tag-desconto-progressivo","tag-inteligencia-artificial","tag-marketplace"],"yoast_head":"<!-- This site is optimized with the Yoast SEO plugin v23.9 - https:\/\/yoast.com\/wordpress\/plugins\/seo\/ -->\n<title>Dados e Automa\u00e7\u00e3o no e-commerce: confira 8 novidades da LI<\/title>\n<meta name=\"description\" content=\"Confira as novidades da Loja Integrada em dados e automa\u00e7\u00e3o no e-commerce que v\u00e3o transformar sua loja e torn\u00e1-la eficiente para o futuro.\" \/>\n<meta name=\"robots\" content=\"index, follow, max-snippet:-1, max-image-preview:large, max-video-preview:-1\" \/>\n<link rel=\"canonical\" href=\"https:\/\/lojaintegrada.com.br/hub\/dados-e-automacao-no-e-commerce\/\" \/>\n<meta property=\"og:locale\" content=\"pt_BR\" \/>\n<meta property=\"og:type\" content=\"article\" \/>\n<meta property=\"og:title\" content=\"Dados e Automa\u00e7\u00e3o no e-commerce: confira 8 novidades da LI\" \/>\n<meta property=\"og:description\" content=\"Confira as novidades da Loja Integrada em dados e automa\u00e7\u00e3o no e-commerce que v\u00e3o transformar sua loja e torn\u00e1-la eficiente para o futuro.\" \/>\n<meta property=\"og:url\" content=\"https:\/\/lojaintegrada.com.br/hub\/dados-e-automacao-no-e-commerce\/\" \/>\n<meta property=\"og:site_name\" content=\"Blog da Loja Integrada\" \/>\n<meta property=\"article:published_time\" content=\"2024-10-11T13:58:15+00:00\" \/>\n<meta property=\"article:modified_time\" content=\"2024-11-19T17:42:56+00:00\" \/>\n<meta property=\"og:image\" content=\"https:\/\/lojaintegrada.com.br/hub\/wp-content\/uploads\/2024\/10\/POST-BLOG-2x.png\" \/>\n\t<meta property=\"og:image:width\" content=\"2560\" \/>\n\t<meta property=\"og:image:height\" content=\"1440\" \/>\n\t<meta property=\"og:image:type\" content=\"image\/png\" \/>\n<meta name=\"author\" content=\"Cynthya Marangon\" \/>\n<meta name=\"twitter:card\" content=\"summary_large_image\" \/>\n<meta name=\"twitter:label1\" content=\"Escrito por\" \/>\n\t<meta name=\"twitter:data1\" content=\"Cynthya Marangon\" \/>\n\t<meta name=\"twitter:label2\" content=\"Est. tempo de leitura\" \/>\n\t<meta name=\"twitter:data2\" content=\"7 minutos\" \/>\n<script type=\"application\/ld+json\" class=\"yoast-schema-graph\">{\"@context\":\"https:\/\/schema.org\",\"@graph\":[{\"@type\":[\"Article\",\"BlogPosting\"],\"@id\":\"https:\/\/lojaintegrada.com.br/hub\/dados-e-automacao-no-e-commerce\/#article\",\"isPartOf\":{\"@id\":\"https:\/\/lojaintegrada.com.br/hub\/dados-e-automacao-no-e-commerce\/\"},\"author\":{\"name\":\"Cynthya Marangon\",\"@id\":\"https:\/\/lojaintegrada.com.br/hub\/#\/schema\/person\/11ce6f7971787fabf938100036732ec7\"},\"headline\":\"Dados e Automa\u00e7\u00e3o no e-commerce: confira 8 novidades da Loja Integrada\",\"datePublished\":\"2024-10-11T13:58:15+00:00\",\"dateModified\":\"2024-11-19T17:42:56+00:00\",\"mainEntityOfPage\":{\"@id\":\"https:\/\/lojaintegrada.com.br/hub\/dados-e-automacao-no-e-commerce\/\"},\"wordCount\":1397,\"commentCount\":0,\"publisher\":{\"@id\":\"https:\/\/lojaintegrada.com.br/hub\/#organization\"},\"image\":{\"@id\":\"https:\/\/lojaintegrada.com.br/hub\/dados-e-automacao-no-e-commerce\/#primaryimage\"},\"thumbnailUrl\":\"https:\/\/lojaintegrada.com.br/hub\/wp-content\/uploads\/2024\/10\/POST-BLOG-2x.png\",\"keywords\":[\"automa\u00e7\u00e3o de marketing\",\"Avalia\u00e7\u00e3o de produtos\",\"dados\",\"desconto progressivo\",\"intelig\u00eancia artificial\",\"marketplace\"],\"articleSection\":[\"Institucional\"],\"inLanguage\":\"pt-BR\",\"potentialAction\":[{\"@type\":\"CommentAction\",\"name\":\"Comment\",\"target\":[\"https:\/\/lojaintegrada.com.br/hub\/dados-e-automacao-no-e-commerce\/#respond\"]}]},{\"@type\":\"WebPage\",\"@id\":\"https:\/\/lojaintegrada.com.br/hub\/dados-e-automacao-no-e-commerce\/\",\"url\":\"https:\/\/lojaintegrada.com.br/hub\/dados-e-automacao-no-e-commerce\/\",\"name\":\"Dados e Automa\u00e7\u00e3o no e-commerce: confira 8 novidades da LI\",\"isPartOf\":{\"@id\":\"https:\/\/lojaintegrada.com.br/hub\/#website\"},\"primaryImageOfPage\":{\"@id\":\"https:\/\/lojaintegrada.com.br/hub\/dados-e-automacao-no-e-commerce\/#primaryimage\"},\"image\":{\"@id\":\"https:\/\/lojaintegrada.com.br/hub\/dados-e-automacao-no-e-commerce\/#primaryimage\"},\"thumbnailUrl\":\"https:\/\/lojaintegrada.com.br/hub\/wp-content\/uploads\/2024\/10\/POST-BLOG-2x.png\",\"datePublished\":\"2024-10-11T13:58:15+00:00\",\"dateModified\":\"2024-11-19T17:42:56+00:00\",\"description\":\"Confira as novidades da Loja Integrada em dados e automa\u00e7\u00e3o no e-commerce que v\u00e3o transformar sua loja e torn\u00e1-la eficiente para o futuro.\",\"breadcrumb\":{\"@id\":\"https:\/\/lojaintegrada.com.br/hub\/dados-e-automacao-no-e-commerce\/#breadcrumb\"},\"inLanguage\":\"pt-BR\",\"potentialAction\":[{\"@type\":\"ReadAction\",\"target\":[\"https:\/\/lojaintegrada.com.br/hub\/dados-e-automacao-no-e-commerce\/\"]}]},{\"@type\":\"ImageObject\",\"inLanguage\":\"pt-BR\",\"@id\":\"https:\/\/lojaintegrada.com.br/hub\/dados-e-automacao-no-e-commerce\/#primaryimage\",\"url\":\"https:\/\/lojaintegrada.com.br/hub\/wp-content\/uploads\/2024\/10\/POST-BLOG-2x.png\",\"contentUrl\":\"https:\/\/lojaintegrada.com.br/hub\/wp-content\/uploads\/2024\/10\/POST-BLOG-2x.png\",\"width\":2560,\"height\":1440,\"caption\":\"Exemplo de automa\u00e7\u00e3o no e-commerce: mensagem personalizada incentivando a finaliza\u00e7\u00e3o de compra com desconto progressivo e recomenda\u00e7\u00f5es baseadas na navega\u00e7\u00e3o do cliente.\"},{\"@type\":\"BreadcrumbList\",\"@id\":\"https:\/\/lojaintegrada.com.br/hub\/dados-e-automacao-no-e-commerce\/#breadcrumb\",\"itemListElement\":[{\"@type\":\"ListItem\",\"position\":1,\"name\":\"In\u00edcio\",\"item\":\"https:\/\/lojaintegrada.com.br/hub\/\"},{\"@type\":\"ListItem\",\"position\":2,\"name\":\"Dados e Automa\u00e7\u00e3o no e-commerce: confira 8 novidades da Loja Integrada\"}]},{\"@type\":\"WebSite\",\"@id\":\"https:\/\/lojaintegrada.com.br/hub\/#website\",\"url\":\"https:\/\/lojaintegrada.com.br/hub\/\",\"name\":\"Blog da Loja Integrada\",\"description\":\"Conte\u00fado para ecommerce\",\"publisher\":{\"@id\":\"https:\/\/lojaintegrada.com.br/hub\/#organization\"},\"potentialAction\":[{\"@type\":\"SearchAction\",\"target\":{\"@type\":\"EntryPoint\",\"urlTemplate\":\"https:\/\/lojaintegrada.com.br/hub\/?s={search_term_string}\"},\"query-input\":{\"@type\":\"PropertyValueSpecification\",\"valueRequired\":true,\"valueName\":\"search_term_string\"}}],\"inLanguage\":\"pt-BR\"},{\"@type\":\"Organization\",\"@id\":\"https:\/\/lojaintegrada.com.br/hub\/#organization\",\"name\":\"Loja Integrada\",\"url\":\"https:\/\/lojaintegrada.com.br/hub\/\",\"logo\":{\"@type\":\"ImageObject\",\"inLanguage\":\"pt-BR\",\"@id\":\"https:\/\/lojaintegrada.com.br/hub\/#\/schema\/logo\/image\/\",\"url\":\"https:\/\/lojaintegrada.com.br/hub\/wp-content\/uploads\/2022\/05\/Loja-Integrada-RGB-Flat-Fundo-Branco-LOGO.png\",\"contentUrl\":\"https:\/\/lojaintegrada.com.br/hub\/wp-content\/uploads\/2022\/05\/Loja-Integrada-RGB-Flat-Fundo-Branco-LOGO.png\",\"width\":1394,\"height\":209,\"caption\":\"Loja Integrada\"},\"image\":{\"@id\":\"https:\/\/lojaintegrada.com.br/hub\/#\/schema\/logo\/image\/\"}},{\"@type\":\"Person\",\"@id\":\"https:\/\/lojaintegrada.com.br/hub\/#\/schema\/person\/11ce6f7971787fabf938100036732ec7\",\"name\":\"Cynthya Marangon\",\"image\":{\"@type\":\"ImageObject\",\"inLanguage\":\"pt-BR\",\"@id\":\"https:\/\/lojaintegrada.com.br/hub\/#\/schema\/person\/image\/\",\"url\":\"https:\/\/lojaintegrada.com.br/hub\/wp-content\/uploads\/2024\/10\/1727384067816-150x150.jpeg\",\"contentUrl\":\"https:\/\/lojaintegrada.com.br/hub\/wp-content\/uploads\/2024\/10\/1727384067816-150x150.jpeg\",\"caption\":\"Cynthya Marangon\"}}]}<\/script>\n<!-- \/ Yoast SEO plugin. -->","yoast_head_json":{"title":"Dados e Automa\u00e7\u00e3o no e-commerce: confira 8 novidades da LI","description":"Confira as novidades da Loja Integrada em dados e automa\u00e7\u00e3o no e-commerce que v\u00e3o transformar sua loja e torn\u00e1-la eficiente para o futuro.","robots":{"index":"index","follow":"follow","max-snippet":"max-snippet:-1","max-image-preview":"max-image-preview:large","max-video-preview":"max-video-preview:-1"},"canonical":"https:\/\/lojaintegrada.com.br/hub\/dados-e-automacao-no-e-commerce\/","og_locale":"pt_BR","og_type":"article","og_title":"Dados e Automa\u00e7\u00e3o no e-commerce: confira 8 novidades da LI","og_description":"Confira as novidades da Loja Integrada em dados e automa\u00e7\u00e3o no e-commerce que v\u00e3o transformar sua loja e torn\u00e1-la eficiente para o futuro.","og_url":"https:\/\/lojaintegrada.com.br/hub\/dados-e-automacao-no-e-commerce\/","og_site_name":"Blog da Loja Integrada","article_published_time":"2024-10-11T13:58:15+00:00","article_modified_time":"2024-11-19T17:42:56+00:00","og_image":[{"width":2560,"height":1440,"url":"https:\/\/lojaintegrada.com.br/hub\/wp-content\/uploads\/2024\/10\/POST-BLOG-2x.png","type":"image\/png"}],"author":"Cynthya Marangon","twitter_card":"summary_large_image","twitter_misc":{"Escrito por":"Cynthya Marangon","Est. tempo de leitura":"7 minutos"},"schema":{"@context":"https:\/\/schema.org","@graph":[{"@type":["Article","BlogPosting"],"@id":"https:\/\/lojaintegrada.com.br/hub\/dados-e-automacao-no-e-commerce\/#article","isPartOf":{"@id":"https:\/\/lojaintegrada.com.br/hub\/dados-e-automacao-no-e-commerce\/"},"author":{"name":"Cynthya Marangon","@id":"https:\/\/lojaintegrada.com.br/hub\/#\/schema\/person\/11ce6f7971787fabf938100036732ec7"},"headline":"Dados e Automa\u00e7\u00e3o no e-commerce: confira 8 novidades da Loja Integrada","datePublished":"2024-10-11T13:58:15+00:00","dateModified":"2024-11-19T17:42:56+00:00","mainEntityOfPage":{"@id":"https:\/\/lojaintegrada.com.br/hub\/dados-e-automacao-no-e-commerce\/"},"wordCount":1397,"commentCount":0,"publisher":{"@id":"https:\/\/lojaintegrada.com.br/hub\/#organization"},"image":{"@id":"https:\/\/lojaintegrada.com.br/hub\/dados-e-automacao-no-e-commerce\/#primaryimage"},"thumbnailUrl":"https:\/\/lojaintegrada.com.br/hub\/wp-content\/uploads\/2024\/10\/POST-BLOG-2x.png","keywords":["automa\u00e7\u00e3o de marketing","Avalia\u00e7\u00e3o de produtos","dados","desconto progressivo","intelig\u00eancia artificial","marketplace"],"articleSection":["Institucional"],"inLanguage":"pt-BR","potentialAction":[{"@type":"CommentAction","name":"Comment","target":["https:\/\/lojaintegrada.com.br/hub\/dados-e-automacao-no-e-commerce\/#respond"]}]},{"@type":"WebPage","@id":"https:\/\/lojaintegrada.com.br/hub\/dados-e-automacao-no-e-commerce\/","url":"https:\/\/lojaintegrada.com.br/hub\/dados-e-automacao-no-e-commerce\/","name":"Dados e Automa\u00e7\u00e3o no e-commerce: confira 8 novidades da LI","isPartOf":{"@id":"https:\/\/lojaintegrada.com.br/hub\/#website"},"primaryImageOfPage":{"@id":"https:\/\/lojaintegrada.com.br/hub\/dados-e-automacao-no-e-commerce\/#primaryimage"},"image":{"@id":"https:\/\/lojaintegrada.com.br/hub\/dados-e-automacao-no-e-commerce\/#primaryimage"},"thumbnailUrl":"https:\/\/lojaintegrada.com.br/hub\/wp-content\/uploads\/2024\/10\/POST-BLOG-2x.png","datePublished":"2024-10-11T13:58:15+00:00","dateModified":"2024-11-19T17:42:56+00:00","description":"Confira as novidades da Loja Integrada em dados e automa\u00e7\u00e3o no e-commerce que v\u00e3o transformar sua loja e torn\u00e1-la eficiente para o futuro.","breadcrumb":{"@id":"https:\/\/lojaintegrada.com.br/hub\/dados-e-automacao-no-e-commerce\/#breadcrumb"},"inLanguage":"pt-BR","potentialAction":[{"@type":"ReadAction","target":["https:\/\/lojaintegrada.com.br/hub\/dados-e-automacao-no-e-commerce\/"]}]},{"@type":"ImageObject","inLanguage":"pt-BR","@id":"https:\/\/lojaintegrada.com.br/hub\/dados-e-automacao-no-e-commerce\/#primaryimage","url":"https:\/\/lojaintegrada.com.br/hub\/wp-content\/uploads\/2024\/10\/POST-BLOG-2x.png","contentUrl":"https:\/\/lojaintegrada.com.br/hub\/wp-content\/uploads\/2024\/10\/POST-BLOG-2x.png","width":2560,"height":1440,"caption":"Exemplo de automa\u00e7\u00e3o no e-commerce: mensagem personalizada incentivando a finaliza\u00e7\u00e3o de compra com desconto progressivo e recomenda\u00e7\u00f5es baseadas na navega\u00e7\u00e3o do cliente."},{"@type":"BreadcrumbList","@id":"https:\/\/lojaintegrada.com.br/hub\/dados-e-automacao-no-e-commerce\/#breadcrumb","itemListElement":[{"@type":"ListItem","position":1,"name":"In\u00edcio","item":"https:\/\/lojaintegrada.com.br/hub\/"},{"@type":"ListItem","position":2,"name":"Dados e Automa\u00e7\u00e3o no e-commerce: confira 8 novidades da Loja Integrada"}]},{"@type":"WebSite","@id":"https:\/\/lojaintegrada.com.br/hub\/#website","url":"https:\/\/lojaintegrada.com.br/hub\/","name":"Blog da Loja Integrada","description":"Conte\u00fado para ecommerce","publisher":{"@id":"https:\/\/lojaintegrada.com.br/hub\/#organization"},"potentialAction":[{"@type":"SearchAction","target":{"@type":"EntryPoint","urlTemplate":"https:\/\/lojaintegrada.com.br/hub\/?s={search_term_string}"},"query-input":{"@type":"PropertyValueSpecification","valueRequired":true,"valueName":"search_term_string"}}],"inLanguage":"pt-BR"},{"@type":"Organization","@id":"https:\/\/lojaintegrada.com.br/hub\/#organization","name":"Loja Integrada","url":"https:\/\/lojaintegrada.com.br/hub\/","logo":{"@type":"ImageObject","inLanguage":"pt-BR","@id":"https:\/\/lojaintegrada.com.br/hub\/#\/schema\/logo\/image\/","url":"https:\/\/lojaintegrada.com.br/hub\/wp-content\/uploads\/2022\/05\/Loja-Integrada-RGB-Flat-Fundo-Branco-LOGO.png","contentUrl":"https:\/\/lojaintegrada.com.br/hub\/wp-content\/uploads\/2022\/05\/Loja-Integrada-RGB-Flat-Fundo-Branco-LOGO.png","width":1394,"height":209,"caption":"Loja Integrada"},"image":{"@id":"https:\/\/lojaintegrada.com.br/hub\/#\/schema\/logo\/image\/"}},{"@type":"Person","@id":"https:\/\/lojaintegrada.com.br/hub\/#\/schema\/person\/11ce6f7971787fabf938100036732ec7","name":"Cynthya Marangon","image":{"@type":"ImageObject","inLanguage":"pt-BR","@id":"https:\/\/lojaintegrada.com.br/hub\/#\/schema\/person\/image\/","url":"https:\/\/lojaintegrada.com.br/hub\/wp-content\/uploads\/2024\/10\/1727384067816-150x150.jpeg","contentUrl":"https:\/\/lojaintegrada.com.br/hub\/wp-content\/uploads\/2024\/10\/1727384067816-150x150.jpeg","caption":"Cynthya Marangon"}}]}},"_links":{"self":[{"href":"https:\/\/lojaintegrada.com.br/hub\/wp-json\/wp\/v2\/posts\/45861","targetHints":{"allow":["GET"]}}],"collection":[{"href":"https:\/\/lojaintegrada.com.br/hub\/wp-json\/wp\/v2\/posts"}],"about":[{"href":"https:\/\/lojaintegrada.com.br/hub\/wp-json\/wp\/v2\/types\/post"}],"author":[{"embeddable":true,"href":"https:\/\/lojaintegrada.com.br/hub\/wp-json\/wp\/v2\/users\/119"}],"replies":[{"embeddable":true,"href":"https:\/\/lojaintegrada.com.br/hub\/wp-json\/wp\/v2\/comments?post=45861"}],"version-history":[{"count":0,"href":"https:\/\/lojaintegrada.com.br/hub\/wp-json\/wp\/v2\/posts\/45861\/revisions"}],"wp:featuredmedia":[{"embeddable":true,"href":"https:\/\/lojaintegrada.com.br/hub\/wp-json\/wp\/v2\/media\/45864"}],"wp:attachment":[{"href":"https:\/\/lojaintegrada.com.br/hub\/wp-json\/wp\/v2\/media?parent=45861"}],"wp:term":[{"taxonomy":"category","embeddable":true,"href":"https:\/\/lojaintegrada.com.br/hub\/wp-json\/wp\/v2\/categories?post=45861"},{"taxonomy":"post_tag","embeddable":true,"href":"https:\/\/lojaintegrada.com.br/hub\/wp-json\/wp\/v2\/tags?post=45861"}],"curies":[{"name":"wp","href":"https:\/\/api.w.org\/{rel}","templated":true}]}}