{"id":43400,"date":"2024-02-13T11:48:00","date_gmt":"2024-02-13T14:48:00","guid":{"rendered":"https:\/\/lojaintegrada.com.br/hub\/\/?p=43400"},"modified":"2024-11-19T13:37:21","modified_gmt":"2024-11-19T16:37:21","slug":"destaques-do-instagram-o-que-e","status":"publish","type":"post","link":"https:\/\/lojaintegrada.com.br/hub\/destaques-do-instagram-o-que-e\/","title":{"rendered":"Destaques do Instagram: O que \u00e9 e como usar"},"content":{"rendered":"\n<p class=\"wp-block-paragraph\">Destaques do Instagram, voc\u00ea j\u00e1 ouviu falar? Se ainda n\u00e3o, \u00e9 hora de entender o que \u00e9 e como usar essa ferramenta para potencializar a sua presen\u00e7a online. Os destaques do Instagram s\u00e3o, basicamente, a compila\u00e7\u00e3o de suas melhores hist\u00f3rias na plataforma, que ficam dispon\u00edveis no seu perfil de forma permanente, diferentemente das hist\u00f3rias comuns que desaparecem ap\u00f3s 24 horas.<\/p>\n\n\n\n<p class=\"wp-block-paragraph\">Essa funcionalidade se tornou uma grande aliada para marcas e empresas que desejam melhorar o engajamento com o p\u00fablico. Com os destaques do Instagram, \u00e9 poss\u00edvel criar uma esp\u00e9cie de portf\u00f3lio digital, onde voc\u00ea pode exibir produtos, servi\u00e7os, depoimentos de clientes, bastidores da empresa, entre outros. Ou seja, \u00e9 uma maneira de oferecer ao seu p\u00fablico um conte\u00fado de valor, que vai al\u00e9m das postagens comuns do feed.<\/p>\n\n\n\n<p class=\"wp-block-paragraph\">Portanto, se voc\u00ea ainda n\u00e3o est\u00e1 usando os destaques do Instagram para o seu neg\u00f3cio, est\u00e1 perdendo uma oportunidade valiosa. Essa ferramenta pode ser um diferencial poderoso para a sua marca, ajudando a atrair e manter seguidores, al\u00e9m de fortalecer o relacionamento com seus clientes.<\/p>\n\n\n\n<figure class=\"wp-block-image size-large\"><img fetchpriority=\"high\" decoding=\"async\" width=\"683\" height=\"1024\" src=\"https:\/\/lojaintegrada.com.br/hub\/\/wp-content\/uploads\/2024\/02\/destaques-do-Instagram-2_11zon-683x1024.webp\" alt=\"\" class=\"wp-image-43401\" srcset=\"https:\/\/lojaintegrada.com.br/hub\/wp-content\/uploads\/2024\/02\/destaques-do-Instagram-2_11zon-683x1024.webp 683w, https:\/\/lojaintegrada.com.br/hub\/wp-content\/uploads\/2024\/02\/destaques-do-Instagram-2_11zon.webp 800w\" sizes=\"(max-width: 683px) 100vw, 683px\" \/><figcaption class=\"wp-element-caption\">Descubra como os destaques com stories \u00e9 uma forma de cole\u00e7\u00e3o de informa\u00e7\u00f5es que ficam como \u00edcones na rede social. Fonte: Freepik<\/figcaption><\/figure>\n\n\n\n<h2 class=\"wp-block-heading\">O que s\u00e3o os destaques do Instagram?<\/h2>\n\n\n\n<p class=\"wp-block-paragraph\">Para compreender a import\u00e2ncia das peculiaridades do Instagram, \u00e9 essencial entender, primeiro, o que s\u00e3o esses destaques. Os Destaques do Instagram s\u00e3o, essencialmente, partes selecionadas das hist\u00f3rias do Instagram que os usu\u00e1rios optam por apresentar em seu perfil como uma esp\u00e9cie de galeria permanente, mesmo ap\u00f3s o per\u00edodo de 24 horas em que as hist\u00f3rias normalmente desaparecem.<\/p>\n\n\n\n<p class=\"wp-block-paragraph\">Esses destaques s\u00e3o exibidos logo acima do feed de tr\u00e1fego principal na p\u00e1gina do perfil, o que os torna uma parte crucial da primeira impress\u00e3o de qualquer visitante.<\/p>\n\n\n\n<p class=\"wp-block-paragraph\">Eles s\u00e3o uma maneira extraordin\u00e1ria de manter as partes mais cruciais de suas hist\u00f3rias vivas e acess\u00edveis, proporcionando uma instant\u00e2nea de r\u00e1pida refer\u00eancia do que sua marca ou perfil pessoal representa.<\/p>\n\n\n\n<h3 class=\"wp-block-heading\">Por que os destaques do Instagram s\u00e3o importantes?<\/h3>\n\n\n\n<p class=\"wp-block-paragraph\">Os Destaques do Instagram s\u00e3o uma ferramenta de visibilidade e engajamento essencial. E por qu\u00ea? Primeiramente, os destaques ajudam a chamar aten\u00e7\u00e3o. T\u00e3o logo os visitantes aterrissem em sua p\u00e1gina de perfil, eles est\u00e3o bem a\u00ed, prontos para capturar a aten\u00e7\u00e3o visual e desencadear curiosidade.<\/p>\n\n\n\n<p class=\"wp-block-paragraph\">Al\u00e9m disso, uma vez que eles s\u00e3o permanentes, ao contr\u00e1rio das hist\u00f3rias do Instagram usuais, os destaques s\u00e3o uma forma extraordin\u00e1ria de reter conte\u00fado importante e valioso. Eles fornecem uma maneira de consolidar seus melhores momentos, promo\u00e7\u00f5es, depoimentos de produtos e muito mais em um s\u00f3 lugar, mantendo-os vis\u00edveis e acess\u00edveis para quem visita seu perfil.<\/p>\n\n\n\n<p class=\"wp-block-paragraph\">Finalmente, os destaques oferecem uma maneira \u00fanica e valiosa de engajar seu p\u00fablico. Eles permitem aos antigos e novos seguidores vasculhar as &#8220;p\u00e1ginas&#8221; de sua hist\u00f3ria no Instagram, conhecendo melhor a voc\u00ea ou \u00e0 sua marca. Isso pode ajudar a fortalecer o reconhecimento da marca, fomentar a fidelidade e aumentar o engajamento a longo prazo.<\/p>\n\n\n\n<p class=\"wp-block-paragraph\">Em resumo, os Destaques do Instagram n\u00e3o s\u00e3o simplesmente uma caracter\u00edstica interessante do Instagram; eles s\u00e3o, na verdade, uma ferramenta poderosa para aumentar a visibilidade, engajamento e reconhecimento da marca.<\/p>\n\n\n\n<figure class=\"wp-block-image size-large\"><img decoding=\"async\" src=\"https:\/\/lojaintegrada.com.br/hub\/\/wp-content\/uploads\/2024\/02\/destaques-do-Instagram-1_11zon-1024x684.webp\" alt=\"\" class=\"wp-image-43402\"\/><figcaption class=\"wp-element-caption\">Crie um feed nos stories com destaque no Instagram. Aprenda a usar os stories do Instagram para compor o seu feed e promover sua marca. Fonte: Freepik<\/figcaption><\/figure>\n\n\n\n<h2 class=\"wp-block-heading\">Como criar destaques no Instagram<\/h2>\n\n\n\n<p class=\"wp-block-paragraph\">O Instagram \u00e9 uma plataforma de m\u00eddia social din\u00e2mica que oferece v\u00e1rias maneiras de se destacar e se conectar com seu p\u00fablico. Entre essas funcionalidades est\u00e3o os destaques do Instagram, uma ferramenta que permite aos usu\u00e1rios \u201cfixar\u201d as suas hist\u00f3rias mais importantes na parte superior do perfil para que sejam vistas a qualquer momento. Aqui est\u00e1 um passo a passo sobre como criar estes destaques.<\/p>\n\n\n\n<h3 class=\"wp-block-heading\">Passo a passo para criar destaques no Instagram<\/h3>\n\n\n\n<p class=\"wp-block-paragraph\">O primeiro passo \u00e9 abrir o aplicativo do Instagram e ir at\u00e9 a sua p\u00e1gina de perfil. Na se\u00e7\u00e3o de hist\u00f3rias, voc\u00ea ver\u00e1 um \u00edcone &#8220;+&#8221;. Ao clicar nele, voc\u00ea poder\u00e1 selecionar quais hist\u00f3rias deseja adicionar aos seus destaques.<\/p>\n\n\n\n<p class=\"wp-block-paragraph\">Em seguida, escolha um nome para o seu destaque. \u00c9 recomend\u00e1vel que seja um nome breve e descritivo, que facilite para as pessoas saberem do que se trata. Tamb\u00e9m \u00e9 poss\u00edvel adicionar uma capa, para tornar o destaque ainda mais atrativo.<\/p>\n\n\n\n<p class=\"wp-block-paragraph\">Depois de nomear o seu destaque, basta tocar em &#8216;Concluir&#8217;. Pronto! O seu destaque foi criado e ele estar\u00e1 vis\u00edvel na sua p\u00e1gina de perfil para todos os seus seguidores.<\/p>\n\n\n\n<h3 class=\"wp-block-heading\">Dicas para escolher as melhores hist\u00f3rias para destacar<\/h3>\n\n\n\n<p class=\"wp-block-paragraph\">Escolher quais hist\u00f3rias destacar pode ser uma tarefa complexa. Aqui est\u00e3o algumas dicas que podem te ajudar: primeiro, considere as hist\u00f3rias que foram mais populares entre os seus seguidores. Essas hist\u00f3rias provavelmente ter\u00e3o um bom desempenho como destaques. Tamb\u00e9m \u00e9 uma boa ideia selecionar os conte\u00fados que realmente representem a sua marca ou o seu perfil.<\/p>\n\n\n\n<p class=\"wp-block-paragraph\">Outra estrat\u00e9gia \u00e9 ter destaques tem\u00e1ticos. Por exemplo, se voc\u00ea possui um neg\u00f3cio de moda, pode ter um destaque para novas pe\u00e7as, outro para promo\u00e7\u00f5es e assim por diante. Isso facilitar\u00e1 para os seus seguidores encontrarem exatamente o que desejam ver.<\/p>\n\n\n\n<p class=\"wp-block-paragraph\">O uso dos destaques do Instagram pode ser uma maneira eficaz de mostrar o melhor do seu conte\u00fado e manter os seus seguidores engajados. Experimente estas dicas e voc\u00ea ver\u00e1 como pode ser f\u00e1cil e recompensador destacar suas hist\u00f3rias!<\/p>\n\n\n\n<h2 class=\"wp-block-heading\">Como personalizar capas para os destaques do Instagram<\/h2>\n\n\n\n<p class=\"wp-block-paragraph\">O Instagram tornou-se mais do que uma simples plataforma de compartilhamento de fotos. \u00c9 tamb\u00e9m uma ferramenta poderosa para marketing e branding. Uma dessas ferramentas \u00fateis \u00e9 o Destaques do Instagram. Neste contexto, vamos discutir a import\u00e2ncia de ter capas personalizadas para os destaques e como criar capas atraentes.<\/p>\n\n\n\n<h3 class=\"wp-block-heading\">Import\u00e2ncia de ter capas personalizadas para os destaques<\/h3>\n\n\n\n<p class=\"wp-block-paragraph\">Uma vez que os Destaques do Instagram est\u00e3o sempre vis\u00edveis no perfil do usu\u00e1rio, \u00e9 crucial que sejam bem projetados e visualmente atraentes. As capas personalizadas desempenham um papel crucial nesse aspecto.<\/p>\n\n\n\n<p class=\"wp-block-paragraph\">Elas n\u00e3o s\u00f3 tornam o perfil mais profissional, mas tamb\u00e9m ajudam na marca\u00e7\u00e3o e fazem com que se destaque dos demais. Al\u00e9m disso, as capas personalizadas podem ser utilizadas para criar uma conex\u00e3o visual entre diferentes destaques, garantindo uma experi\u00eancia de usu\u00e1rio consistente.<\/p>\n\n\n\n<h3 class=\"wp-block-heading\">Como criar capas atraentes para os destaques<\/h3>\n\n\n\n<p class=\"wp-block-paragraph\">Existem v\u00e1rias maneiras de criar capas atraentes para os destaques. Aqui est\u00e3o alguns passos:<\/p>\n\n\n\n<ol class=\"wp-block-list\">\n<li>Primeiramente, \u00e9 importante decidir um tema ou um esquema de cores consistente para as capas. Esse tema deve idealmente estar alinhado com a marca ou personalidade do perfil.<\/li>\n\n\n\n<li>Em seguida, voc\u00ea pode usar um aplicativo de design gr\u00e1fico para criar a capa. Ferramentas online como o Canva oferecem muitos modelos e recursos de design para criar capas incr\u00edveis. Lembre-se de manter o design simples e limpo, com um foco claro no \u00edcone ou imagem.<\/li>\n\n\n\n<li>Depois que a capa for criada, voc\u00ea pode fazer o upload dela no Instagram. Ao adicionar novos destaques, n\u00e3o se esque\u00e7a de selecionar a nova capa personalizada. Isso vai garantir que o perfil n\u00e3o s\u00f3 se destaque, mas tamb\u00e9m permane\u00e7a consistente e profissional.<\/li>\n<\/ol>\n\n\n\n<h2 class=\"wp-block-heading\">Dicas para usar os destaques do Instagram de forma eficaz<\/h2>\n\n\n\n<p class=\"wp-block-paragraph\">Os destaques do Instagram tornaram-se uma ferramenta essencial para compartilhar conte\u00fado de alta qualidade com seus seguidores. No entanto, usar essas funcionalidades de maneira eficaz requer planejamento estrat\u00e9gico e um entendimento completo de como elas afetam a navega\u00e7\u00e3o dos usu\u00e1rios na sua p\u00e1gina.<\/p>\n\n\n\n<p class=\"wp-block-paragraph\">A seguir, vamos apresentar algumas dicas de como voc\u00ea pode organizar os destaques do Instagram para facilitar a navega\u00e7\u00e3o dos usu\u00e1rios e a import\u00e2ncia de atualizar regularmente os destaques.<\/p>\n\n\n\n<h3 class=\"wp-block-heading\">Como organizar os destaques para facilitar a navega\u00e7\u00e3o dos usu\u00e1rios<\/h3>\n\n\n\n<p class=\"wp-block-paragraph\">N\u00e3o h\u00e1 nada pior para um usu\u00e1rio do Instagram do que uma interface confusa e desorganizada. Portanto, \u00e9 de suma import\u00e2ncia organizar seus destaques de maneira inteligente e intuitiva. Aqui est\u00e3o algumas dicas:<\/p>\n\n\n\n<p class=\"wp-block-paragraph\">Primeiro, categorize seus destaques com base na natureza do conte\u00fado. Agrupe conte\u00fados semelhantes juntos para permitir que os usu\u00e1rios encontrem o que est\u00e3o procurando facilmente. Segundo, use nomes claros e atraentes para seus destaques. Um bom t\u00edtulo \u00e9 informativo, conciso e atraente.<\/p>\n\n\n\n<p class=\"wp-block-paragraph\">Finalmente, pense na representa\u00e7\u00e3o visual de seus destaques. Uma imagem coerente e atrativa para a capa de seus destaques pode realmente fazer a diferen\u00e7a na experi\u00eancia do usu\u00e1rio.<\/p>\n\n\n\n<h3 class=\"wp-block-heading\">A Import\u00e2ncia de atualizar regularmente os destaques<\/h3>\n\n\n\n<p class=\"wp-block-paragraph\">Mantenha seus destaques atualizados e relevantes; a atualiza\u00e7\u00e3o regular de seus destaques do Instagram \u00e9 de grande import\u00e2ncia. Isto n\u00e3o s\u00f3 mant\u00e9m seu conte\u00fado fresco e atraente, mas tamb\u00e9m ajuda a envolver seus seguidores a longo prazo.<\/p>\n\n\n\n<p class=\"wp-block-paragraph\">Atualizando regularmente, voc\u00ea tem a chance de manter um engajamento constante com seus seguidores e at\u00e9 mesmo atrair novos. Ao contr\u00e1rio das postagens regulares do Instagram, os destaques s\u00e3o perenes e podem ser vistos a qualquer momento.<\/p>\n\n\n\n<h2 class=\"wp-block-heading\">Exemplos de como usar os destaques no Instagram para neg\u00f3cios<\/h2>\n\n\n\n<p class=\"wp-block-paragraph\">Os destaques do Instagram fornecem uma maneira excelente de ajudar a aumentar a conscientiza\u00e7\u00e3o da marca, promover novos produtos e manter um contato eficiente com o p\u00fablico. Agora vamos discutir como esses destaques podem ser estrategicamente usados para beneficiar seus neg\u00f3cios.<\/p>\n\n\n\n<h3 class=\"wp-block-heading\">Promovendo produtos ou servi\u00e7os<\/h3>\n\n\n\n<p class=\"wp-block-paragraph\">O melhor aspecto dos destaques do Instagram \u00e9 que eles permitem que as empresas mantenham suas stories de produtos ou servi\u00e7os dispon\u00edveis para visualiza\u00e7\u00e3o posterior, mesmo depois de 24 horas. Isto oferece uma oportunidade ideal para as empresas promoverem seus produtos ou servi\u00e7os de maneira cont\u00ednua.<\/p>\n\n\n\n<p class=\"wp-block-paragraph\">Empresas inteligentes usam destaques para categorizar seus produtos pelos interesses dos consumidores. Por exemplo, uma marca de moda pode ter destaques diferentes para suas novas cole\u00e7\u00f5es, vendas, acess\u00f3rios e at\u00e9 mesmo para opini\u00f5es de clientes. Tudo isso contribui para fornecer uma experi\u00eancia personalizada aos clientes de acordo com suas prefer\u00eancias.<\/p>\n\n\n\n<h3 class=\"wp-block-heading\">Exemplos de empresas que usam os destaques do Instagram<\/h3>\n\n\n\n<p class=\"wp-block-paragraph\">V\u00e1rias empresas est\u00e3o aproveitando os destaques do Instagram para melhorar seu envolvimento com os consumidores.<\/p>\n\n\n\n<p class=\"wp-block-paragraph\">A Nike, por exemplo, usa destaques para destacar suas diferentes categorias de produtos, como t\u00eanis, roupas e equipamentos esportivos. Al\u00e9m disso, eles tamb\u00e9m t\u00eam destaques dedicados a apresentar as hist\u00f3rias inspiradoras dos atletas.<\/p>\n\n\n\n<p class=\"wp-block-paragraph\">O McDonald&#8217;s Brasil \u00e9 outro exemplo interessante. Eles usam destaques para mostrar suas ofertas especiais, itens de menu e colabora\u00e7\u00f5es. Mas eles n\u00e3o param por a\u00ed, tamb\u00e9m t\u00eam destaques para suas iniciativas de responsabilidade social.<\/p>\n\n\n\n<h2 class=\"wp-block-heading\">Fortalecendo sua Marca nas Redes Sociais<\/h2>\n\n\n\n<p class=\"wp-block-paragraph\">Os destaques do Instagram podem ajudar a fortalecer a sua marca. Ao escolher imagens e temas consistentes para os seus destaques, voc\u00ea pode criar uma identidade visual coesa que reflita a personalidade e os valores do seu neg\u00f3cio.<\/p>\n\n\n\n<p class=\"wp-block-paragraph\">Em conclus\u00e3o, essa \u00e9 uma ferramenta poderosa para aumentar a visibilidade e o engajamento no Instagram. Com uma estrat\u00e9gia bem planejada, voc\u00ea pode usar os destaques para promover o seu neg\u00f3cio e se conectar com o seu p\u00fablico de forma mais eficaz. Ent\u00e3o, se voc\u00ea ainda n\u00e3o est\u00e1 usando os destaques do Instagram, agora \u00e9 a hora de come\u00e7ar!<\/p>\n\n\n\n<p class=\"wp-block-paragraph\">Aproveite para continuar acompanhando nosso <a href=\"https:\/\/lojaintegrada.com.br/hub\/\/\">blog<\/a> e aprendendo muitas outras estrat\u00e9gias eficazes para alcan\u00e7ar o sucesso online!<\/p>\n","protected":false},"excerpt":{"rendered":"<p>Destaques do Instagram, voc\u00ea j\u00e1 ouviu falar? Se ainda n\u00e3o, \u00e9 hora de entender o que \u00e9 e como usar essa ferramenta para potencializar a sua presen\u00e7a online. Os destaques do Instagram s\u00e3o, basicamente, a compila\u00e7\u00e3o de suas melhores hist\u00f3rias na plataforma, que ficam dispon\u00edveis no seu perfil de forma permanente, diferentemente das hist\u00f3rias comuns [&hellip;]<\/p>\n","protected":false},"author":96,"featured_media":43401,"comment_status":"open","ping_status":"open","sticky":false,"template":"","format":"standard","meta":{"content-type":"","two_page_speed":[],"footnotes":""},"categories":[2814],"tags":[2331,2332,2333],"class_list":["post-43400","post","type-post","status-publish","format-standard","has-post-thumbnail","hentry","category-marketing-e-vendas","tag-destaques-do-instagram","tag-feed-do-instagram","tag-stories-do-instagram"],"yoast_head":"<!-- This site is optimized with the Yoast SEO plugin v28.0 - https:\/\/yoast.com\/product\/yoast-seo-wordpress\/ -->\n<title>Destaques do Instagram: O que \u00e9 e como usar<\/title>\n<meta name=\"description\" content=\"Entenda como potencializar sua presen\u00e7a online usando os destaques do Instagram. Atraia e mantenha seus seguidores!\" \/>\n<meta name=\"robots\" content=\"index, follow, max-snippet:-1, max-image-preview:large, max-video-preview:-1\" \/>\n<link rel=\"canonical\" href=\"https:\/\/lojaintegrada.com.br/hub\/destaques-do-instagram-o-que-e\/\" \/>\n<meta property=\"og:locale\" content=\"pt_BR\" \/>\n<meta property=\"og:type\" content=\"article\" \/>\n<meta property=\"og:title\" content=\"Destaques do Instagram: O que \u00e9 e como usar\" \/>\n<meta property=\"og:description\" content=\"Entenda como potencializar sua presen\u00e7a online usando os destaques do Instagram. Atraia e mantenha seus seguidores!\" \/>\n<meta property=\"og:url\" content=\"https:\/\/lojaintegrada.com.br/hub\/destaques-do-instagram-o-que-e\/\" \/>\n<meta property=\"og:site_name\" content=\"Blog da Loja Integrada\" \/>\n<meta property=\"article:published_time\" content=\"2024-02-13T14:48:00+00:00\" \/>\n<meta property=\"article:modified_time\" content=\"2024-11-19T16:37:21+00:00\" \/>\n<meta property=\"og:image\" content=\"https:\/\/lojaintegrada.com.br/hub\/wp-content\/uploads\/2024\/02\/destaques-do-Instagram-2_11zon.webp\" \/>\n\t<meta property=\"og:image:width\" content=\"800\" \/>\n\t<meta property=\"og:image:height\" content=\"1200\" \/>\n\t<meta property=\"og:image:type\" content=\"image\/webp\" \/>\n<meta name=\"author\" content=\"Raphael Spagnuolo\" \/>\n<meta name=\"twitter:card\" content=\"summary_large_image\" \/>\n<meta name=\"twitter:label1\" content=\"Escrito por\" \/>\n\t<meta name=\"twitter:data1\" content=\"Raphael Spagnuolo\" \/>\n\t<meta name=\"twitter:label2\" content=\"Est. tempo de leitura\" \/>\n\t<meta name=\"twitter:data2\" content=\"10 minutos\" \/>\n<script type=\"application\/ld+json\" class=\"yoast-schema-graph\">{\"@context\":\"https:\\\/\\\/schema.org\",\"@graph\":[{\"@type\":[\"Article\",\"BlogPosting\"],\"@id\":\"https:\\\/\\\/lojaintegrada.com.br/hub\\\/destaques-do-instagram-o-que-e\\\/#article\",\"isPartOf\":{\"@id\":\"https:\\\/\\\/lojaintegrada.com.br/hub\\\/destaques-do-instagram-o-que-e\\\/\"},\"author\":{\"name\":\"Raphael Spagnuolo\",\"@id\":\"https:\\\/\\\/lojaintegrada.com.br/hub\\\/#\\\/schema\\\/person\\\/c4c7b9ba18e7d609a360ade001a7e889\"},\"headline\":\"Destaques do Instagram: O que \u00e9 e como usar\",\"datePublished\":\"2024-02-13T14:48:00+00:00\",\"dateModified\":\"2024-11-19T16:37:21+00:00\",\"mainEntityOfPage\":{\"@id\":\"https:\\\/\\\/lojaintegrada.com.br/hub\\\/destaques-do-instagram-o-que-e\\\/\"},\"wordCount\":1957,\"commentCount\":0,\"publisher\":{\"@id\":\"https:\\\/\\\/lojaintegrada.com.br/hub\\\/#organization\"},\"image\":{\"@id\":\"https:\\\/\\\/lojaintegrada.com.br/hub\\\/destaques-do-instagram-o-que-e\\\/#primaryimage\"},\"thumbnailUrl\":\"https:\\\/\\\/lojaintegrada.com.br/hub\\\/wp-content\\\/uploads\\\/2024\\\/02\\\/destaques-do-Instagram-2_11zon.webp\",\"keywords\":[\"Destaques do Instagram\",\"Feed do instagram\",\"Stories do Instagram\"],\"articleSection\":[\"Marketing e Vendas\"],\"inLanguage\":\"pt-BR\",\"potentialAction\":[{\"@type\":\"CommentAction\",\"name\":\"Comment\",\"target\":[\"https:\\\/\\\/lojaintegrada.com.br/hub\\\/destaques-do-instagram-o-que-e\\\/#respond\"]}]},{\"@type\":\"WebPage\",\"@id\":\"https:\\\/\\\/lojaintegrada.com.br/hub\\\/destaques-do-instagram-o-que-e\\\/\",\"url\":\"https:\\\/\\\/lojaintegrada.com.br/hub\\\/destaques-do-instagram-o-que-e\\\/\",\"name\":\"Destaques do Instagram: O que \u00e9 e como usar\",\"isPartOf\":{\"@id\":\"https:\\\/\\\/lojaintegrada.com.br/hub\\\/#website\"},\"primaryImageOfPage\":{\"@id\":\"https:\\\/\\\/lojaintegrada.com.br/hub\\\/destaques-do-instagram-o-que-e\\\/#primaryimage\"},\"image\":{\"@id\":\"https:\\\/\\\/lojaintegrada.com.br/hub\\\/destaques-do-instagram-o-que-e\\\/#primaryimage\"},\"thumbnailUrl\":\"https:\\\/\\\/lojaintegrada.com.br/hub\\\/wp-content\\\/uploads\\\/2024\\\/02\\\/destaques-do-Instagram-2_11zon.webp\",\"datePublished\":\"2024-02-13T14:48:00+00:00\",\"dateModified\":\"2024-11-19T16:37:21+00:00\",\"description\":\"Entenda como potencializar sua presen\u00e7a online usando os destaques do Instagram. Atraia e mantenha seus seguidores!\",\"breadcrumb\":{\"@id\":\"https:\\\/\\\/lojaintegrada.com.br/hub\\\/destaques-do-instagram-o-que-e\\\/#breadcrumb\"},\"inLanguage\":\"pt-BR\",\"potentialAction\":[{\"@type\":\"ReadAction\",\"target\":[\"https:\\\/\\\/lojaintegrada.com.br/hub\\\/destaques-do-instagram-o-que-e\\\/\"]}]},{\"@type\":\"ImageObject\",\"inLanguage\":\"pt-BR\",\"@id\":\"https:\\\/\\\/lojaintegrada.com.br/hub\\\/destaques-do-instagram-o-que-e\\\/#primaryimage\",\"url\":\"https:\\\/\\\/lojaintegrada.com.br/hub\\\/wp-content\\\/uploads\\\/2024\\\/02\\\/destaques-do-Instagram-2_11zon.webp\",\"contentUrl\":\"https:\\\/\\\/lojaintegrada.com.br/hub\\\/wp-content\\\/uploads\\\/2024\\\/02\\\/destaques-do-Instagram-2_11zon.webp\",\"width\":800,\"height\":1200,\"caption\":\"Destaques do Instagram\"},{\"@type\":\"BreadcrumbList\",\"@id\":\"https:\\\/\\\/lojaintegrada.com.br/hub\\\/destaques-do-instagram-o-que-e\\\/#breadcrumb\",\"itemListElement\":[{\"@type\":\"ListItem\",\"position\":1,\"name\":\"In\u00edcio\",\"item\":\"https:\\\/\\\/lojaintegrada.com.br/hub\\\/\"},{\"@type\":\"ListItem\",\"position\":2,\"name\":\"Destaques do Instagram: O que \u00e9 e como usar\"}]},{\"@type\":\"WebSite\",\"@id\":\"https:\\\/\\\/lojaintegrada.com.br/hub\\\/#website\",\"url\":\"https:\\\/\\\/lojaintegrada.com.br/hub\\\/\",\"name\":\"Blog da Loja Integrada\",\"description\":\"Conte\u00fado para ecommerce\",\"publisher\":{\"@id\":\"https:\\\/\\\/lojaintegrada.com.br/hub\\\/#organization\"},\"potentialAction\":[{\"@type\":\"SearchAction\",\"target\":{\"@type\":\"EntryPoint\",\"urlTemplate\":\"https:\\\/\\\/lojaintegrada.com.br/hub\\\/?s={search_term_string}\"},\"query-input\":{\"@type\":\"PropertyValueSpecification\",\"valueRequired\":true,\"valueName\":\"search_term_string\"}}],\"inLanguage\":\"pt-BR\"},{\"@type\":\"Organization\",\"@id\":\"https:\\\/\\\/lojaintegrada.com.br/hub\\\/#organization\",\"name\":\"Loja Integrada\",\"url\":\"https:\\\/\\\/lojaintegrada.com.br/hub\\\/\",\"logo\":{\"@type\":\"ImageObject\",\"inLanguage\":\"pt-BR\",\"@id\":\"https:\\\/\\\/lojaintegrada.com.br/hub\\\/#\\\/schema\\\/logo\\\/image\\\/\",\"url\":\"https:\\\/\\\/lojaintegrada.com.br/hub\\\/wp-content\\\/uploads\\\/2022\\\/05\\\/Loja-Integrada-RGB-Flat-Fundo-Branco-LOGO.png\",\"contentUrl\":\"https:\\\/\\\/lojaintegrada.com.br/hub\\\/wp-content\\\/uploads\\\/2022\\\/05\\\/Loja-Integrada-RGB-Flat-Fundo-Branco-LOGO.png\",\"width\":1394,\"height\":209,\"caption\":\"Loja Integrada\"},\"image\":{\"@id\":\"https:\\\/\\\/lojaintegrada.com.br/hub\\\/#\\\/schema\\\/logo\\\/image\\\/\"}},{\"@type\":\"Person\",\"@id\":\"https:\\\/\\\/lojaintegrada.com.br/hub\\\/#\\\/schema\\\/person\\\/c4c7b9ba18e7d609a360ade001a7e889\",\"name\":\"Raphael Spagnuolo\",\"image\":{\"@type\":\"ImageObject\",\"inLanguage\":\"pt-BR\",\"@id\":\"https:\\\/\\\/lojaintegrada.com.br/hub\\\/wp-content\\\/uploads\\\/2023\\\/03\\\/299484235_8240765175948434_2124469046896124149_n.jpg\",\"url\":\"https:\\\/\\\/lojaintegrada.com.br/hub\\\/wp-content\\\/uploads\\\/2023\\\/03\\\/299484235_8240765175948434_2124469046896124149_n.jpg\",\"contentUrl\":\"https:\\\/\\\/lojaintegrada.com.br/hub\\\/wp-content\\\/uploads\\\/2023\\\/03\\\/299484235_8240765175948434_2124469046896124149_n.jpg\",\"caption\":\"Raphael Spagnuolo\"},\"description\":\"Sou um entusiasta de tecnologia, ecommerce e jogos digitais. Minha paix\u00e3o por esses temas me levou a anos de estudos e pesquisa para entender tudo sobre eles. Adoro compartilhar meus conhecimentos com outros apaixonados por tecnologia e neg\u00f3cios online. Mal posso esperar para ajudar voc\u00eas a dominar o mundo dos ecommerces!\"}]}<\/script>\n<!-- \/ Yoast SEO plugin. -->","yoast_head_json":{"title":"Destaques do Instagram: O que \u00e9 e como usar","description":"Entenda como potencializar sua presen\u00e7a online usando os destaques do Instagram. Atraia e mantenha seus seguidores!","robots":{"index":"index","follow":"follow","max-snippet":"max-snippet:-1","max-image-preview":"max-image-preview:large","max-video-preview":"max-video-preview:-1"},"canonical":"https:\/\/lojaintegrada.com.br/hub\/destaques-do-instagram-o-que-e\/","og_locale":"pt_BR","og_type":"article","og_title":"Destaques do Instagram: O que \u00e9 e como usar","og_description":"Entenda como potencializar sua presen\u00e7a online usando os destaques do Instagram. Atraia e mantenha seus seguidores!","og_url":"https:\/\/lojaintegrada.com.br/hub\/destaques-do-instagram-o-que-e\/","og_site_name":"Blog da Loja Integrada","article_published_time":"2024-02-13T14:48:00+00:00","article_modified_time":"2024-11-19T16:37:21+00:00","og_image":[{"width":800,"height":1200,"url":"https:\/\/lojaintegrada.com.br/hub\/wp-content\/uploads\/2024\/02\/destaques-do-Instagram-2_11zon.webp","type":"image\/webp"}],"author":"Raphael Spagnuolo","twitter_card":"summary_large_image","twitter_misc":{"Escrito por":"Raphael Spagnuolo","Est. tempo de leitura":"10 minutos"},"schema":{"@context":"https:\/\/schema.org","@graph":[{"@type":["Article","BlogPosting"],"@id":"https:\/\/lojaintegrada.com.br/hub\/destaques-do-instagram-o-que-e\/#article","isPartOf":{"@id":"https:\/\/lojaintegrada.com.br/hub\/destaques-do-instagram-o-que-e\/"},"author":{"name":"Raphael Spagnuolo","@id":"https:\/\/lojaintegrada.com.br/hub\/#\/schema\/person\/c4c7b9ba18e7d609a360ade001a7e889"},"headline":"Destaques do Instagram: O que \u00e9 e como usar","datePublished":"2024-02-13T14:48:00+00:00","dateModified":"2024-11-19T16:37:21+00:00","mainEntityOfPage":{"@id":"https:\/\/lojaintegrada.com.br/hub\/destaques-do-instagram-o-que-e\/"},"wordCount":1957,"commentCount":0,"publisher":{"@id":"https:\/\/lojaintegrada.com.br/hub\/#organization"},"image":{"@id":"https:\/\/lojaintegrada.com.br/hub\/destaques-do-instagram-o-que-e\/#primaryimage"},"thumbnailUrl":"https:\/\/lojaintegrada.com.br/hub\/wp-content\/uploads\/2024\/02\/destaques-do-Instagram-2_11zon.webp","keywords":["Destaques do Instagram","Feed do instagram","Stories do Instagram"],"articleSection":["Marketing e Vendas"],"inLanguage":"pt-BR","potentialAction":[{"@type":"CommentAction","name":"Comment","target":["https:\/\/lojaintegrada.com.br/hub\/destaques-do-instagram-o-que-e\/#respond"]}]},{"@type":"WebPage","@id":"https:\/\/lojaintegrada.com.br/hub\/destaques-do-instagram-o-que-e\/","url":"https:\/\/lojaintegrada.com.br/hub\/destaques-do-instagram-o-que-e\/","name":"Destaques do Instagram: O que \u00e9 e como usar","isPartOf":{"@id":"https:\/\/lojaintegrada.com.br/hub\/#website"},"primaryImageOfPage":{"@id":"https:\/\/lojaintegrada.com.br/hub\/destaques-do-instagram-o-que-e\/#primaryimage"},"image":{"@id":"https:\/\/lojaintegrada.com.br/hub\/destaques-do-instagram-o-que-e\/#primaryimage"},"thumbnailUrl":"https:\/\/lojaintegrada.com.br/hub\/wp-content\/uploads\/2024\/02\/destaques-do-Instagram-2_11zon.webp","datePublished":"2024-02-13T14:48:00+00:00","dateModified":"2024-11-19T16:37:21+00:00","description":"Entenda como potencializar sua presen\u00e7a online usando os destaques do Instagram. Atraia e mantenha seus seguidores!","breadcrumb":{"@id":"https:\/\/lojaintegrada.com.br/hub\/destaques-do-instagram-o-que-e\/#breadcrumb"},"inLanguage":"pt-BR","potentialAction":[{"@type":"ReadAction","target":["https:\/\/lojaintegrada.com.br/hub\/destaques-do-instagram-o-que-e\/"]}]},{"@type":"ImageObject","inLanguage":"pt-BR","@id":"https:\/\/lojaintegrada.com.br/hub\/destaques-do-instagram-o-que-e\/#primaryimage","url":"https:\/\/lojaintegrada.com.br/hub\/wp-content\/uploads\/2024\/02\/destaques-do-Instagram-2_11zon.webp","contentUrl":"https:\/\/lojaintegrada.com.br/hub\/wp-content\/uploads\/2024\/02\/destaques-do-Instagram-2_11zon.webp","width":800,"height":1200,"caption":"Destaques do Instagram"},{"@type":"BreadcrumbList","@id":"https:\/\/lojaintegrada.com.br/hub\/destaques-do-instagram-o-que-e\/#breadcrumb","itemListElement":[{"@type":"ListItem","position":1,"name":"In\u00edcio","item":"https:\/\/lojaintegrada.com.br/hub\/"},{"@type":"ListItem","position":2,"name":"Destaques do Instagram: O que \u00e9 e como usar"}]},{"@type":"WebSite","@id":"https:\/\/lojaintegrada.com.br/hub\/#website","url":"https:\/\/lojaintegrada.com.br/hub\/","name":"Blog da Loja Integrada","description":"Conte\u00fado para ecommerce","publisher":{"@id":"https:\/\/lojaintegrada.com.br/hub\/#organization"},"potentialAction":[{"@type":"SearchAction","target":{"@type":"EntryPoint","urlTemplate":"https:\/\/lojaintegrada.com.br/hub\/?s={search_term_string}"},"query-input":{"@type":"PropertyValueSpecification","valueRequired":true,"valueName":"search_term_string"}}],"inLanguage":"pt-BR"},{"@type":"Organization","@id":"https:\/\/lojaintegrada.com.br/hub\/#organization","name":"Loja Integrada","url":"https:\/\/lojaintegrada.com.br/hub\/","logo":{"@type":"ImageObject","inLanguage":"pt-BR","@id":"https:\/\/lojaintegrada.com.br/hub\/#\/schema\/logo\/image\/","url":"https:\/\/lojaintegrada.com.br/hub\/wp-content\/uploads\/2022\/05\/Loja-Integrada-RGB-Flat-Fundo-Branco-LOGO.png","contentUrl":"https:\/\/lojaintegrada.com.br/hub\/wp-content\/uploads\/2022\/05\/Loja-Integrada-RGB-Flat-Fundo-Branco-LOGO.png","width":1394,"height":209,"caption":"Loja Integrada"},"image":{"@id":"https:\/\/lojaintegrada.com.br/hub\/#\/schema\/logo\/image\/"}},{"@type":"Person","@id":"https:\/\/lojaintegrada.com.br/hub\/#\/schema\/person\/c4c7b9ba18e7d609a360ade001a7e889","name":"Raphael Spagnuolo","image":{"@type":"ImageObject","inLanguage":"pt-BR","@id":"https:\/\/lojaintegrada.com.br/hub\/wp-content\/uploads\/2023\/03\/299484235_8240765175948434_2124469046896124149_n.jpg","url":"https:\/\/lojaintegrada.com.br/hub\/wp-content\/uploads\/2023\/03\/299484235_8240765175948434_2124469046896124149_n.jpg","contentUrl":"https:\/\/lojaintegrada.com.br/hub\/wp-content\/uploads\/2023\/03\/299484235_8240765175948434_2124469046896124149_n.jpg","caption":"Raphael Spagnuolo"},"description":"Sou um entusiasta de tecnologia, ecommerce e jogos digitais. Minha paix\u00e3o por esses temas me levou a anos de estudos e pesquisa para entender tudo sobre eles. Adoro compartilhar meus conhecimentos com outros apaixonados por tecnologia e neg\u00f3cios online. Mal posso esperar para ajudar voc\u00eas a dominar o mundo dos ecommerces!"}]}},"_links":{"self":[{"href":"https:\/\/lojaintegrada.com.br/hub\/wp-json\/wp\/v2\/posts\/43400","targetHints":{"allow":["GET"]}}],"collection":[{"href":"https:\/\/lojaintegrada.com.br/hub\/wp-json\/wp\/v2\/posts"}],"about":[{"href":"https:\/\/lojaintegrada.com.br/hub\/wp-json\/wp\/v2\/types\/post"}],"author":[{"embeddable":true,"href":"https:\/\/lojaintegrada.com.br/hub\/wp-json\/wp\/v2\/users\/96"}],"replies":[{"embeddable":true,"href":"https:\/\/lojaintegrada.com.br/hub\/wp-json\/wp\/v2\/comments?post=43400"}],"version-history":[{"count":0,"href":"https:\/\/lojaintegrada.com.br/hub\/wp-json\/wp\/v2\/posts\/43400\/revisions"}],"wp:featuredmedia":[{"embeddable":true,"href":"https:\/\/lojaintegrada.com.br/hub\/wp-json\/wp\/v2\/media\/43401"}],"wp:attachment":[{"href":"https:\/\/lojaintegrada.com.br/hub\/wp-json\/wp\/v2\/media?parent=43400"}],"wp:term":[{"taxonomy":"category","embeddable":true,"href":"https:\/\/lojaintegrada.com.br/hub\/wp-json\/wp\/v2\/categories?post=43400"},{"taxonomy":"post_tag","embeddable":true,"href":"https:\/\/lojaintegrada.com.br/hub\/wp-json\/wp\/v2\/tags?post=43400"}],"curies":[{"name":"wp","href":"https:\/\/api.w.org\/{rel}","templated":true}]}}