{"id":41596,"date":"2023-09-15T10:52:34","date_gmt":"2023-09-15T13:52:34","guid":{"rendered":"https:\/\/lojaintegrada.com.br/hub\/\/?p=41596"},"modified":"2024-11-18T20:29:47","modified_gmt":"2024-11-18T23:29:47","slug":"tamanho-post-instagram","status":"publish","type":"post","link":"https:\/\/lojaintegrada.com.br/hub\/tamanho-post-instagram\/","title":{"rendered":"O Guia Definitivo para o Tamanho Ideal de Post no Instagram"},"content":{"rendered":"\n<p>Em um mundo onde a imagem \u00e9 a protagonista, dominar as dimens\u00f5es adequadas para suas postagens no Instagram \u00e9 crucial para se destacar na multid\u00e3o virtual. Se voc\u00ea j\u00e1 se perguntou qual o tamanho ideal para as imagens que compartilha na rede social, voc\u00ea est\u00e1 no lugar certo!<\/p>\n\n\n\n<p>Neste guia completo, vamos mergulhar nas dimens\u00f5es perfeitas para posts no Instagram, desmistificando as complexidades e fornecendo dicas pr\u00e1ticas para aprimorar sua estrat\u00e9gia de conte\u00fado.<\/p>\n\n\n\n<p>Se voc\u00ea \u00e9 um lojista em busca de informa\u00e7\u00f5es valiosas para otimizar suas postagens ou um empreendedor ansioso para elevar sua presen\u00e7a nas redes sociais, este guia foi criado pensando em voc\u00ea. Acompanhe-nos nesta jornada para descobrir como garantir que suas postagens no Instagram brilhem, atraiam a aten\u00e7\u00e3o do seu p\u00fablico e, acima de tudo, fortale\u00e7am sua marca.<\/p>\n\n\n\n<p>Se voc\u00ea est\u00e1 pronto para dar um passo al\u00e9m nas estrat\u00e9gias visuais da sua marca, continue lendo e descubra os segredos para criar posts impressionantes no Instagram.<\/p>\n\n\n\n<p>Leia tamb\u00e9m: <a target=\"_blank\" rel=\"noreferrer noopener\" href=\"https:\/\/lojaintegrada.com.br/hub\/\/colocar-sacolinha-instagram\/\">Como Colocar a Sacolinha no Instagram e Potencializar suas Vendas<\/a><\/p>\n\n\n\n<figure class=\"wp-block-image size-large\"><img decoding=\"async\" src=\"https:\/\/lojaintegrada.com.br/hub\/\/wp-content\/uploads\/2023\/09\/tamanho-post-instagram-1024x684.jpg\" alt=\"\" class=\"wp-image-41597\"\/><figcaption class=\"wp-element-caption\">Redimensione o tamanho das imagens e da foto de perfil com o Adobe Express. Fonte: Freepik<\/figcaption><\/figure>\n\n\n\n<h2 class=\"wp-block-heading\">Entendendo a Import\u00e2ncia das Dimens\u00f5es Corretas no Instagram<\/h2>\n\n\n\n<p>Quando se trata de causar impacto no Instagram, a primeira impress\u00e3o \u00e9 fundamental. E essa impress\u00e3o \u00e9 moldada, em grande parte, pelas dimens\u00f5es das imagens que voc\u00ea compartilha.<\/p>\n\n\n\n<p>A escolha das dimens\u00f5es corretas \u00e9 mais do que apenas um detalhe t\u00e9cnico; \u00e9 uma estrat\u00e9gia poderosa para envolver seu p\u00fablico e transmitir uma imagem profissional.<\/p>\n\n\n\n<p>Ao escolher dimens\u00f5es que se alinham \u00e0s diretrizes do Instagram, voc\u00ea garante que suas imagens n\u00e3o sofram cortes indesejados ou distor\u00e7\u00f5es que possam prejudicar sua mensagem. A coes\u00e3o visual do seu feed \u00e9 crucial para construir uma identidade de marca s\u00f3lida e atrair a aten\u00e7\u00e3o dos usu\u00e1rios.<\/p>\n\n\n\n<p>Al\u00e9m disso, o uso adequado das dimens\u00f5es otimiza a experi\u00eancia do usu\u00e1rio em diferentes dispositivos, desde smartphones at\u00e9 tablets e desktops. Isso significa que sua postagem ser\u00e1 atraente e leg\u00edvel independentemente da tela em que ela seja visualizada.<\/p>\n\n\n\n<h2 class=\"wp-block-heading\">Principais Tamanhos de Posts no Instagram<\/h2>\n\n\n\n<p>Dominar as dimens\u00f5es de posts no Instagram \u00e9 uma jornada que come\u00e7a com o conhecimento dos tamanhos mais utilizados. Vamos explorar os principais tipos de postagens e suas dimens\u00f5es recomendadas:<\/p>\n\n\n\n<h3 class=\"wp-block-heading\">1. Posts no Feed:<\/h3>\n\n\n\n<p>As postagens no feed s\u00e3o a espinha dorsal do seu perfil no Instagram. Para garantir que suas imagens se destaquem, o tamanho ideal \u00e9 1080 x 1080 pixels. Essa dimens\u00e3o oferece uma apresenta\u00e7\u00e3o n\u00edtida e atrativa das suas imagens, seja para compartilhar produtos, dicas ou hist\u00f3rias inspiradoras.<\/p>\n\n\n\n<h3 class=\"wp-block-heading\">2. Instagram Stories:<\/h3>\n\n\n\n<p>Os Stories oferecem uma maneira eficaz de se conectar com seu p\u00fablico de forma imersiva e tempor\u00e1ria. O tamanho de post de stories \u00e9 1080 px por 1920 pixels.<\/p>\n\n\n\n<p>Ao criar conte\u00fado para stories, lembre-se de manter os elementos visuais essenciais dentro da zona segura central, pois algumas \u00e1reas podem ficar ocultas nas bordas dos dispositivos.<\/p>\n\n\n\n<h3 class=\"wp-block-heading\">3. IGTV (V\u00eddeos de Longa Dura\u00e7\u00e3o):<\/h3>\n\n\n\n<p>Se voc\u00ea deseja compartilhar conte\u00fado mais longo, o IGTV \u00e9 uma excelente op\u00e7\u00e3o. Para a capa do v\u00eddeo, a dimens\u00e3o ideal \u00e9 420 x 654 pixels.<\/p>\n\n\n\n<p>Mantenha em mente que a resolu\u00e7\u00e3o de tela varia em diferentes dispositivos, portanto, verifique se seus v\u00eddeos t\u00eam uma resolu\u00e7\u00e3o alta para garantir a qualidade de exibi\u00e7\u00e3o.<\/p>\n\n\n\n<h3 class=\"wp-block-heading\">4. Carrossel:<\/h3>\n\n\n\n<p>Os carrosseis permitem que voc\u00ea compartilhe v\u00e1rias imagens ou v\u00eddeos em uma \u00fanica postagem. Cada imagem deve ter 1080 x 1080 pixels para manter a consist\u00eancia visual.<\/p>\n\n\n\n<h2 class=\"wp-block-heading\">Guia Passo a Passo para Redimensionar Imagens no Instagram<\/h2>\n\n\n\n<p>Agora que voc\u00ea j\u00e1 conhece os tamanhos ideais para diferentes tipos de postagens no Instagram, \u00e9 hora de mergulhar no processo de redimensionamento de imagens. Felizmente, esse processo pode ser simplificado com as ferramentas certas e alguns passos pr\u00e1ticos.<\/p>\n\n\n\n<h3 class=\"wp-block-heading\">Passo 1: Escolha a Ferramenta de Edi\u00e7\u00e3o:<\/h3>\n\n\n\n<p>Seja utilizando softwares como Adobe Photoshop, Canva ou aplicativos espec\u00edficos de redimensionamento, a escolha da ferramenta adequada \u00e9 crucial. Opte por uma op\u00e7\u00e3o que ofere\u00e7a controle sobre as dimens\u00f5es e resolu\u00e7\u00f5es.<\/p>\n\n\n\n<h3 class=\"wp-block-heading\">Passo 2: Selecione a Imagem:<\/h3>\n\n\n\n<p>Carregue a imagem que deseja redimensionar na ferramenta escolhida. Certifique-se de trabalhar com uma c\u00f3pia da imagem original para n\u00e3o comprometer sua qualidade original.<\/p>\n\n\n\n<h3 class=\"wp-block-heading\">Passo 3: Ajuste as Dimens\u00f5es:<\/h3>\n\n\n\n<p>Configure as dimens\u00f5es de acordo com o tipo de postagem escolhido. Lembre-se de manter elementos visuais essenciais dentro das \u00e1reas de destaque, evitando cortes indesejados.<\/p>\n\n\n\n<h3 class=\"wp-block-heading\">Passo 4: Redimensione e Salve:<\/h3>\n\n\n\n<p>Redimensione a imagem de acordo com as novas dimens\u00f5es e ajustes. Verifique se a resolu\u00e7\u00e3o permanece alta para manter a qualidade. Ap\u00f3s realizar as edi\u00e7\u00f5es necess\u00e1rias, salve a imagem otimizada.<\/p>\n\n\n\n<h3 class=\"wp-block-heading\">Passo 5: Teste e Ajuste:<\/h3>\n\n\n\n<p>Antes de publicar a imagem redimensionada, fa\u00e7a testes em diferentes dispositivos para garantir que a apar\u00eancia seja a desejada. Ajuste conforme necess\u00e1rio para obter a melhor apresenta\u00e7\u00e3o poss\u00edvel.<\/p>\n\n\n\n<p>Ao seguir esses passos, voc\u00ea estar\u00e1 pronto para compartilhar imagens impactantes e perfeitamente dimensionadas em suas postagens no Instagram.<\/p>\n\n\n\n<figure class=\"wp-block-image size-large\"><img decoding=\"async\" src=\"https:\/\/lojaintegrada.com.br/hub\/\/wp-content\/uploads\/2023\/09\/tamanho-post-instagram-2-1024x683.jpg\" alt=\"\" class=\"wp-image-41599\"\/><figcaption class=\"wp-element-caption\">Descubra os tamanhos de imagens para o feed do Instagram e para sua foto de perfil ideal. Fonte: Freepik<\/figcaption><\/figure>\n\n\n\n<h2 class=\"wp-block-heading\">Melhores Pr\u00e1ticas para Postar Imagens de Alta Qualidade no Instagram<\/h2>\n\n\n\n<p>Ao redimensionar suas imagens para atender \u00e0s diretrizes do Instagram, \u00e9 fundamental manter a qualidade visual intacta. Aqui est\u00e3o algumas pr\u00e1ticas essenciais para garantir que suas postagens permane\u00e7am n\u00edtidas e impressionantes:<\/p>\n\n\n\n<h3 class=\"wp-block-heading\">1. Priorize a Resolu\u00e7\u00e3o:<\/h3>\n\n\n\n<p>Certifique-se de que suas imagens tenham uma resolu\u00e7\u00e3o alta para evitar a perda de detalhes. Imagens n\u00edtidas e claras atraem mais aten\u00e7\u00e3o e transmitem profissionalismo.<\/p>\n\n\n\n<h3 class=\"wp-block-heading\">2. Compress\u00e3o Inteligente:<\/h3>\n\n\n\n<p>Ao salvar suas imagens otimizadas, utilize a compress\u00e3o de forma inteligente. Mantenha um equil\u00edbrio entre o tamanho do arquivo e a qualidade da imagem para um carregamento r\u00e1pido e uma visualiza\u00e7\u00e3o excepcional.<\/p>\n\n\n\n<h3 class=\"wp-block-heading\">3. Cores Precisas:<\/h3>\n\n\n\n<p>Verifique se as cores das imagens s\u00e3o precisas e fi\u00e9is \u00e0 sua marca. Isso contribui para uma apar\u00eancia coesa e profissional em todo o seu perfil.<\/p>\n\n\n\n<h3 class=\"wp-block-heading\">4. Teste em Dispositivos M\u00faltiplos:<\/h3>\n\n\n\n<p>Visualize suas postagens em diferentes dispositivos e tamanhos de tela para garantir que elas mantenham a qualidade e a legibilidade em todas as circunst\u00e2ncias.<\/p>\n\n\n\n<h3 class=\"wp-block-heading\">5. Elementos de Marca:<\/h3>\n\n\n\n<p>Adicione elementos de marca, como logotipos sutis ou <a href=\"https:\/\/lojaintegrada.com.br\/ferramentas\/gerador-paleta\/\">paletas de cores<\/a>, para fortalecer o reconhecimento da marca em suas postagens.<\/p>\n\n\n\n<h3 class=\"wp-block-heading\">6. Conte\u00fado de Valor:<\/h3>\n\n\n\n<p>Lembre-se de que uma imagem de alta qualidade deve estar alinhada com o conte\u00fado valioso. Escolha imagens relevantes que complementem sua mensagem e ressoem com seu p\u00fablico.<\/p>\n\n\n\n<h2 class=\"wp-block-heading\">Respondendo as Principais Perguntas sobre Tamanhos de Posts no Instagram<\/h2>\n\n\n\n<p>Ao explorar o mundo das dimens\u00f5es de postagens no Instagram, \u00e9 natural que surjam d\u00favidas. Vamos responder \u00e0s perguntas mais comuns para fornecer clareza e orienta\u00e7\u00e3o:<\/p>\n\n\n\n<h3 class=\"wp-block-heading\">Qual o maior tamanho de post para Instagram?<\/h3>\n\n\n\n<p>O tamanho ideal varia dependendo do tipo de postagem. Para o feed, 1080 x 1080 pixels \u00e9 amplamente recomendado, enquanto para as stories, 1080 x 1920 pixels \u00e9 o padr\u00e3o.<\/p>\n\n\n\n<h3 class=\"wp-block-heading\">Qual o tamanho m\u00e1ximo de um post no Instagram?<\/h3>\n\n\n\n<p>N\u00e3o h\u00e1 um tamanho m\u00e1ximo fixo, mas \u00e9 recomend\u00e1vel n\u00e3o exceder as dimens\u00f5es de 1080 x 1080 pixels para manter a qualidade e a legibilidade.<\/p>\n\n\n\n<h3 class=\"wp-block-heading\">Como postar no Instagram no formato retrato?<\/h3>\n\n\n\n<p>Para postar no formato retrato, ajuste suas imagens para as dimens\u00f5es de 1080 x 1350 pixels para manter a propor\u00e7\u00e3o vertical.<\/p>\n\n\n\n<h3 class=\"wp-block-heading\">Qual o tamanho de um post no Instagram?<\/h3>\n\n\n\n<p>O tamanho varia para diferentes tipos de postagens. No feed, 1080 x 1080 pixels \u00e9 comum, enquanto para stories, 1080 x 1920 pixels \u00e9 o tamanho padr\u00e3o.<\/p>\n\n\n\n<h3 class=\"wp-block-heading\">Como postar fotos em alta resolu\u00e7\u00e3o no Instagram?<\/h3>\n\n\n\n<p>Ao redimensionar suas imagens, mantenha a resolu\u00e7\u00e3o alta e utilize ferramentas de edi\u00e7\u00e3o para otimizar a qualidade antes de publicar.<\/p>\n\n\n\n<figure class=\"wp-block-image size-large\"><img decoding=\"async\" src=\"https:\/\/lojaintegrada.com.br/hub\/\/wp-content\/uploads\/2023\/09\/tamanho-post-instagram-3-1024x1021.jpg\" alt=\"\" class=\"wp-image-41598\"\/><figcaption class=\"wp-element-caption\">Com o tamanho de post na propor\u00e7\u00e3o correta, voc\u00ea garante a otimiza\u00e7\u00e3o do seu feed. Fonte: Freepik<\/figcaption><\/figure>\n\n\n\n<h2 class=\"wp-block-heading\">Maximizando o Engajamento com Tamanho de Post Diferente<\/h2>\n\n\n\n<p>Ao explorar as dimens\u00f5es ideais de postagens no Instagram, vale a pena considerar como tamanhos diferentes afetam o engajamento do p\u00fablico. Por exemplo, os carross\u00e9is permitem compartilhar uma hist\u00f3ria mais completa, enquanto as postagens no formato retrato podem destacar produtos de maneira mais detalhada.<\/p>\n\n\n\n<p>Ao diversificar os tamanhos, voc\u00ea mant\u00e9m seu feed interessante e atrativo, atendendo \u00e0s prefer\u00eancias variadas da audi\u00eancia.<\/p>\n\n\n\n<h3 class=\"wp-block-heading\">Como Adicionar Texto de Forma Estrat\u00e9gica<\/h3>\n\n\n\n<p>O texto \u00e9 uma parte fundamental das postagens no Instagram. Ao redimensionar suas imagens, reserve espa\u00e7o para adicionar texto de forma estrat\u00e9gica.<\/p>\n\n\n\n<p>Seja para compartilhar legendas inspiradoras ou informa\u00e7\u00f5es importantes sobre seus produtos, o texto bem posicionado pode atrair a aten\u00e7\u00e3o do p\u00fablico e transmitir sua mensagem de maneira eficaz.<\/p>\n\n\n\n<h3 class=\"wp-block-heading\">O Poder das Hashtags Relevantes<\/h3>\n\n\n\n<p>Al\u00e9m das dimens\u00f5es de postagens, as hashtags desempenham um papel crucial na descoberta de conte\u00fado no Instagram.<\/p>\n\n\n\n<p>Ao escolher hashtags relevantes e espec\u00edficas para o seu nicho, voc\u00ea aumenta a visibilidade das suas postagens para um p\u00fablico mais amplo e engajado. Lembre-se de utilizar hashtags de maneira estrat\u00e9gica e evitar o excesso, focando na qualidade em vez da quantidade.<\/p>\n\n\n\n<h3 class=\"wp-block-heading\">A Influ\u00eancia das Hist\u00f3rias no Engajamento<\/h3>\n\n\n\n<p>As Hist\u00f3rias do Instagram oferecem uma oportunidade \u00fanica para se conectar de forma aut\u00eantica com seu p\u00fablico. Al\u00e9m das dimens\u00f5es corretas, explore recursos como enquetes, perguntas e adesivos interativos para aumentar o engajamento.<\/p>\n\n\n\n<p>As Hist\u00f3rias proporcionam uma plataforma para compartilhar conte\u00fado exclusivo e instant\u00e2neo, tornando-se uma parte valiosa da sua estrat\u00e9gia de m\u00eddia social.<\/p>\n\n\n\n<figure class=\"wp-block-image size-large\"><img decoding=\"async\" src=\"https:\/\/lojaintegrada.com.br/hub\/\/wp-content\/uploads\/2023\/09\/tamanho-post-instagram-4-1024x683.jpg\" alt=\"\" class=\"wp-image-41600\"\/><figcaption class=\"wp-element-caption\">Com o tamanho de post na propor\u00e7\u00e3o correta, voc\u00ea garante a otimiza\u00e7\u00e3o do seu feed. Fonte: Freepik<\/figcaption><\/figure>\n\n\n\n<h3 class=\"wp-block-heading\">Integra\u00e7\u00e3o com o Ecommerce: Transformando Curtidas em Vendas<\/h3>\n\n\n\n<p>A integra\u00e7\u00e3o entre suas postagens no feed do Instagram e sua loja online pode ser um diferencial para o seu neg\u00f3cio.<\/p>\n\n\n\n<p>Utilize recursos como a marca\u00e7\u00e3o de produtos para transformar curtidas em vendas diretas. Ao marcar produtos nas suas postagens, voc\u00ea permite que os usu\u00e1rios saibam exatamente o que est\u00e1 dispon\u00edvel para compra e oferece uma experi\u00eancia de compra mais conveniente e intuitiva.<\/p>\n\n\n\n<p>Leia tamb\u00e9m: <a target=\"_blank\" rel=\"noreferrer noopener\" href=\"https:\/\/lojaintegrada.com.br/hub\/\/linha-editorial-instagram\/\">Linha Editorial no Instagram \u2013 Como Definir e Ter Sucesso<\/a><\/p>\n\n\n\n<h2 class=\"wp-block-heading\">Tornando suas Postagens no Instagram Verdadeiramente Impactantes<\/h2>\n\n\n\n<p>Ao adotar as melhores pr\u00e1ticas para postagens de alta qualidade e aproveitar as solu\u00e7\u00f5es oferecidas pela Loja Integrada, voc\u00ea est\u00e1 equipado para elevar sua estrat\u00e9gia visual e alcan\u00e7ar resultados excepcionais.<\/p>\n\n\n\n<p>Lembre-se de que o Instagram \u00e9 uma plataforma visual, e o uso inteligente das dimens\u00f5es garantir\u00e1 que suas mensagens se destaquem em meio \u00e0 concorr\u00eancia.<\/p>\n\n\n\n<p>Agora que voc\u00ea j\u00e1 conhece o tamanho de post ideal para cada formato na rede social, \u00e9 o momento de aplicar esse conhecimento \u00e0 sua estrat\u00e9gia de conte\u00fado. Aproveite os formatos corretos para suas postagens no feed, Instagram Stories e IGTV. Personalize suas imagens, mantenha a qualidade e coloque em pr\u00e1tica os segredos compartilhados neste guia.<\/p>\n\n\n\n<p>Continue aprendendo, explorando e inovando para alcan\u00e7ar o \u00e1pice da excel\u00eancia visual!<\/p>\n\n\n\n<p>Gostou de conhecer mais sobre o assunto? Ent\u00e3o continue em nosso <a target=\"_blank\" rel=\"noreferrer noopener\" href=\"https:\/\/lojaintegrada.com.br/hub\/\/\">blog<\/a> e explore as diversas maneiras de fortalecer sua presen\u00e7a online e alcan\u00e7ar resultados extraordin\u00e1rios.<\/p>\n","protected":false},"excerpt":{"rendered":"<p>Em um mundo onde a imagem \u00e9 a protagonista, dominar as dimens\u00f5es adequadas para suas postagens no Instagram \u00e9 crucial para se destacar na multid\u00e3o virtual. Se voc\u00ea j\u00e1 se perguntou qual o tamanho ideal para as imagens que compartilha na rede social, voc\u00ea est\u00e1 no lugar certo!<\/p>\n","protected":false},"author":96,"featured_media":41597,"comment_status":"open","ping_status":"open","sticky":false,"template":"","format":"standard","meta":{"content-type":"","two_page_speed":[],"footnotes":""},"categories":[],"tags":[324,381,538,794,329,474,150,151,176],"class_list":["post-41596","post","type-post","status-publish","format-standard","has-post-thumbnail","hentry","tag-artigo","tag-e-commerce","tag-ecommerce","tag-instagram","tag-loja-integrada","tag-loja-virtual","tag-mergulhando-em-marketing-e-vendas","tag-mergulhando-no-ecommerce","tag-redes-sociais-para-ecommerce"],"yoast_head":"<!-- This site is optimized with the Yoast SEO plugin v23.9 - https:\/\/yoast.com\/wordpress\/plugins\/seo\/ -->\n<title>O Guia Definitivo para o Tamanho Ideal de Post no Instagram<\/title>\n<meta name=\"description\" content=\"Descubra as dimens\u00f5es ideais de post no Instagram para impressionar seu p\u00fablico. Aprenda como redimensionar imagens e otimizar sua presen\u00e7a.\" \/>\n<meta name=\"robots\" content=\"index, follow, max-snippet:-1, max-image-preview:large, max-video-preview:-1\" \/>\n<link rel=\"canonical\" href=\"https:\/\/lojaintegrada.com.br/hub\/tamanho-post-instagram\/\" \/>\n<meta property=\"og:locale\" content=\"pt_BR\" \/>\n<meta property=\"og:type\" content=\"article\" \/>\n<meta property=\"og:title\" content=\"O Guia Definitivo para o Tamanho Ideal de Post no Instagram\" \/>\n<meta property=\"og:description\" content=\"Descubra as dimens\u00f5es ideais de post no Instagram para impressionar seu p\u00fablico. Aprenda como redimensionar imagens e otimizar sua presen\u00e7a.\" \/>\n<meta property=\"og:url\" content=\"https:\/\/lojaintegrada.com.br/hub\/tamanho-post-instagram\/\" \/>\n<meta property=\"og:site_name\" content=\"Blog da Loja Integrada\" \/>\n<meta property=\"article:published_time\" content=\"2023-09-15T13:52:34+00:00\" \/>\n<meta property=\"article:modified_time\" content=\"2024-11-18T23:29:47+00:00\" \/>\n<meta property=\"og:image\" content=\"https:\/\/lojaintegrada.com.br/hub\/wp-content\/uploads\/2023\/09\/tamanho-post-instagram.jpg\" \/>\n\t<meta property=\"og:image:width\" content=\"1200\" \/>\n\t<meta property=\"og:image:height\" content=\"801\" \/>\n\t<meta property=\"og:image:type\" content=\"image\/jpeg\" \/>\n<meta name=\"author\" content=\"Raphael Spagnuolo\" \/>\n<meta name=\"twitter:card\" content=\"summary_large_image\" \/>\n<meta name=\"twitter:label1\" content=\"Escrito por\" \/>\n\t<meta name=\"twitter:data1\" content=\"Raphael Spagnuolo\" \/>\n\t<meta name=\"twitter:label2\" content=\"Est. tempo de leitura\" \/>\n\t<meta name=\"twitter:data2\" content=\"9 minutos\" \/>\n<script type=\"application\/ld+json\" class=\"yoast-schema-graph\">{\"@context\":\"https:\/\/schema.org\",\"@graph\":[{\"@type\":[\"Article\",\"BlogPosting\"],\"@id\":\"https:\/\/lojaintegrada.com.br/hub\/tamanho-post-instagram\/#article\",\"isPartOf\":{\"@id\":\"https:\/\/lojaintegrada.com.br/hub\/tamanho-post-instagram\/\"},\"author\":{\"name\":\"Raphael Spagnuolo\",\"@id\":\"https:\/\/lojaintegrada.com.br/hub\/#\/schema\/person\/c4c7b9ba18e7d609a360ade001a7e889\"},\"headline\":\"O Guia Definitivo para o Tamanho Ideal de Post no Instagram\",\"datePublished\":\"2023-09-15T13:52:34+00:00\",\"dateModified\":\"2024-11-18T23:29:47+00:00\",\"mainEntityOfPage\":{\"@id\":\"https:\/\/lojaintegrada.com.br/hub\/tamanho-post-instagram\/\"},\"wordCount\":1881,\"commentCount\":0,\"publisher\":{\"@id\":\"https:\/\/lojaintegrada.com.br/hub\/#organization\"},\"image\":{\"@id\":\"https:\/\/lojaintegrada.com.br/hub\/tamanho-post-instagram\/#primaryimage\"},\"thumbnailUrl\":\"https:\/\/lojaintegrada.com.br/hub\/wp-content\/uploads\/2023\/09\/tamanho-post-instagram.jpg\",\"keywords\":[\"Artigo\",\"E-commerce\",\"ecommerce\",\"instagram\",\"Loja Integrada\",\"loja virtual\",\"Mergulhando em Marketing e Vendas\",\"Mergulhando no ecommerce\",\"redes sociais para ecommerce\"],\"inLanguage\":\"pt-BR\",\"potentialAction\":[{\"@type\":\"CommentAction\",\"name\":\"Comment\",\"target\":[\"https:\/\/lojaintegrada.com.br/hub\/tamanho-post-instagram\/#respond\"]}]},{\"@type\":\"WebPage\",\"@id\":\"https:\/\/lojaintegrada.com.br/hub\/tamanho-post-instagram\/\",\"url\":\"https:\/\/lojaintegrada.com.br/hub\/tamanho-post-instagram\/\",\"name\":\"O Guia Definitivo para o Tamanho Ideal de Post no Instagram\",\"isPartOf\":{\"@id\":\"https:\/\/lojaintegrada.com.br/hub\/#website\"},\"primaryImageOfPage\":{\"@id\":\"https:\/\/lojaintegrada.com.br/hub\/tamanho-post-instagram\/#primaryimage\"},\"image\":{\"@id\":\"https:\/\/lojaintegrada.com.br/hub\/tamanho-post-instagram\/#primaryimage\"},\"thumbnailUrl\":\"https:\/\/lojaintegrada.com.br/hub\/wp-content\/uploads\/2023\/09\/tamanho-post-instagram.jpg\",\"datePublished\":\"2023-09-15T13:52:34+00:00\",\"dateModified\":\"2024-11-18T23:29:47+00:00\",\"description\":\"Descubra as dimens\u00f5es ideais de post no Instagram para impressionar seu p\u00fablico. Aprenda como redimensionar imagens e otimizar sua presen\u00e7a.\",\"breadcrumb\":{\"@id\":\"https:\/\/lojaintegrada.com.br/hub\/tamanho-post-instagram\/#breadcrumb\"},\"inLanguage\":\"pt-BR\",\"potentialAction\":[{\"@type\":\"ReadAction\",\"target\":[\"https:\/\/lojaintegrada.com.br/hub\/tamanho-post-instagram\/\"]}]},{\"@type\":\"ImageObject\",\"inLanguage\":\"pt-BR\",\"@id\":\"https:\/\/lojaintegrada.com.br/hub\/tamanho-post-instagram\/#primaryimage\",\"url\":\"https:\/\/lojaintegrada.com.br/hub\/wp-content\/uploads\/2023\/09\/tamanho-post-instagram.jpg\",\"contentUrl\":\"https:\/\/lojaintegrada.com.br/hub\/wp-content\/uploads\/2023\/09\/tamanho-post-instagram.jpg\",\"width\":1200,\"height\":801},{\"@type\":\"BreadcrumbList\",\"@id\":\"https:\/\/lojaintegrada.com.br/hub\/tamanho-post-instagram\/#breadcrumb\",\"itemListElement\":[{\"@type\":\"ListItem\",\"position\":1,\"name\":\"In\u00edcio\",\"item\":\"https:\/\/lojaintegrada.com.br/hub\/\"},{\"@type\":\"ListItem\",\"position\":2,\"name\":\"O Guia Definitivo para o Tamanho Ideal de Post no Instagram\"}]},{\"@type\":\"WebSite\",\"@id\":\"https:\/\/lojaintegrada.com.br/hub\/#website\",\"url\":\"https:\/\/lojaintegrada.com.br/hub\/\",\"name\":\"Blog da Loja Integrada\",\"description\":\"Conte\u00fado para ecommerce\",\"publisher\":{\"@id\":\"https:\/\/lojaintegrada.com.br/hub\/#organization\"},\"potentialAction\":[{\"@type\":\"SearchAction\",\"target\":{\"@type\":\"EntryPoint\",\"urlTemplate\":\"https:\/\/lojaintegrada.com.br/hub\/?s={search_term_string}\"},\"query-input\":{\"@type\":\"PropertyValueSpecification\",\"valueRequired\":true,\"valueName\":\"search_term_string\"}}],\"inLanguage\":\"pt-BR\"},{\"@type\":\"Organization\",\"@id\":\"https:\/\/lojaintegrada.com.br/hub\/#organization\",\"name\":\"Loja Integrada\",\"url\":\"https:\/\/lojaintegrada.com.br/hub\/\",\"logo\":{\"@type\":\"ImageObject\",\"inLanguage\":\"pt-BR\",\"@id\":\"https:\/\/lojaintegrada.com.br/hub\/#\/schema\/logo\/image\/\",\"url\":\"https:\/\/lojaintegrada.com.br/hub\/wp-content\/uploads\/2022\/05\/Loja-Integrada-RGB-Flat-Fundo-Branco-LOGO.png\",\"contentUrl\":\"https:\/\/lojaintegrada.com.br/hub\/wp-content\/uploads\/2022\/05\/Loja-Integrada-RGB-Flat-Fundo-Branco-LOGO.png\",\"width\":1394,\"height\":209,\"caption\":\"Loja Integrada\"},\"image\":{\"@id\":\"https:\/\/lojaintegrada.com.br/hub\/#\/schema\/logo\/image\/\"}},{\"@type\":\"Person\",\"@id\":\"https:\/\/lojaintegrada.com.br/hub\/#\/schema\/person\/c4c7b9ba18e7d609a360ade001a7e889\",\"name\":\"Raphael Spagnuolo\",\"image\":{\"@type\":\"ImageObject\",\"inLanguage\":\"pt-BR\",\"@id\":\"https:\/\/lojaintegrada.com.br/hub\/#\/schema\/person\/image\/\",\"url\":\"https:\/\/lojaintegrada.com.br/hub\/wp-content\/uploads\/2023\/03\/299484235_8240765175948434_2124469046896124149_n.jpg\",\"contentUrl\":\"https:\/\/lojaintegrada.com.br/hub\/wp-content\/uploads\/2023\/03\/299484235_8240765175948434_2124469046896124149_n.jpg\",\"caption\":\"Raphael Spagnuolo\"},\"description\":\"Sou um entusiasta de tecnologia, ecommerce e jogos digitais. Minha paix\u00e3o por esses temas me levou a anos de estudos e pesquisa para entender tudo sobre eles. Adoro compartilhar meus conhecimentos com outros apaixonados por tecnologia e neg\u00f3cios online. Mal posso esperar para ajudar voc\u00eas a dominar o mundo dos ecommerces!\"}]}<\/script>\n<!-- \/ Yoast SEO plugin. -->","yoast_head_json":{"title":"O Guia Definitivo para o Tamanho Ideal de Post no Instagram","description":"Descubra as dimens\u00f5es ideais de post no Instagram para impressionar seu p\u00fablico. Aprenda como redimensionar imagens e otimizar sua presen\u00e7a.","robots":{"index":"index","follow":"follow","max-snippet":"max-snippet:-1","max-image-preview":"max-image-preview:large","max-video-preview":"max-video-preview:-1"},"canonical":"https:\/\/lojaintegrada.com.br/hub\/tamanho-post-instagram\/","og_locale":"pt_BR","og_type":"article","og_title":"O Guia Definitivo para o Tamanho Ideal de Post no Instagram","og_description":"Descubra as dimens\u00f5es ideais de post no Instagram para impressionar seu p\u00fablico. Aprenda como redimensionar imagens e otimizar sua presen\u00e7a.","og_url":"https:\/\/lojaintegrada.com.br/hub\/tamanho-post-instagram\/","og_site_name":"Blog da Loja Integrada","article_published_time":"2023-09-15T13:52:34+00:00","article_modified_time":"2024-11-18T23:29:47+00:00","og_image":[{"width":1200,"height":801,"url":"https:\/\/lojaintegrada.com.br/hub\/wp-content\/uploads\/2023\/09\/tamanho-post-instagram.jpg","type":"image\/jpeg"}],"author":"Raphael Spagnuolo","twitter_card":"summary_large_image","twitter_misc":{"Escrito por":"Raphael Spagnuolo","Est. tempo de leitura":"9 minutos"},"schema":{"@context":"https:\/\/schema.org","@graph":[{"@type":["Article","BlogPosting"],"@id":"https:\/\/lojaintegrada.com.br/hub\/tamanho-post-instagram\/#article","isPartOf":{"@id":"https:\/\/lojaintegrada.com.br/hub\/tamanho-post-instagram\/"},"author":{"name":"Raphael Spagnuolo","@id":"https:\/\/lojaintegrada.com.br/hub\/#\/schema\/person\/c4c7b9ba18e7d609a360ade001a7e889"},"headline":"O Guia Definitivo para o Tamanho Ideal de Post no Instagram","datePublished":"2023-09-15T13:52:34+00:00","dateModified":"2024-11-18T23:29:47+00:00","mainEntityOfPage":{"@id":"https:\/\/lojaintegrada.com.br/hub\/tamanho-post-instagram\/"},"wordCount":1881,"commentCount":0,"publisher":{"@id":"https:\/\/lojaintegrada.com.br/hub\/#organization"},"image":{"@id":"https:\/\/lojaintegrada.com.br/hub\/tamanho-post-instagram\/#primaryimage"},"thumbnailUrl":"https:\/\/lojaintegrada.com.br/hub\/wp-content\/uploads\/2023\/09\/tamanho-post-instagram.jpg","keywords":["Artigo","E-commerce","ecommerce","instagram","Loja Integrada","loja virtual","Mergulhando em Marketing e Vendas","Mergulhando no ecommerce","redes sociais para ecommerce"],"inLanguage":"pt-BR","potentialAction":[{"@type":"CommentAction","name":"Comment","target":["https:\/\/lojaintegrada.com.br/hub\/tamanho-post-instagram\/#respond"]}]},{"@type":"WebPage","@id":"https:\/\/lojaintegrada.com.br/hub\/tamanho-post-instagram\/","url":"https:\/\/lojaintegrada.com.br/hub\/tamanho-post-instagram\/","name":"O Guia Definitivo para o Tamanho Ideal de Post no Instagram","isPartOf":{"@id":"https:\/\/lojaintegrada.com.br/hub\/#website"},"primaryImageOfPage":{"@id":"https:\/\/lojaintegrada.com.br/hub\/tamanho-post-instagram\/#primaryimage"},"image":{"@id":"https:\/\/lojaintegrada.com.br/hub\/tamanho-post-instagram\/#primaryimage"},"thumbnailUrl":"https:\/\/lojaintegrada.com.br/hub\/wp-content\/uploads\/2023\/09\/tamanho-post-instagram.jpg","datePublished":"2023-09-15T13:52:34+00:00","dateModified":"2024-11-18T23:29:47+00:00","description":"Descubra as dimens\u00f5es ideais de post no Instagram para impressionar seu p\u00fablico. Aprenda como redimensionar imagens e otimizar sua presen\u00e7a.","breadcrumb":{"@id":"https:\/\/lojaintegrada.com.br/hub\/tamanho-post-instagram\/#breadcrumb"},"inLanguage":"pt-BR","potentialAction":[{"@type":"ReadAction","target":["https:\/\/lojaintegrada.com.br/hub\/tamanho-post-instagram\/"]}]},{"@type":"ImageObject","inLanguage":"pt-BR","@id":"https:\/\/lojaintegrada.com.br/hub\/tamanho-post-instagram\/#primaryimage","url":"https:\/\/lojaintegrada.com.br/hub\/wp-content\/uploads\/2023\/09\/tamanho-post-instagram.jpg","contentUrl":"https:\/\/lojaintegrada.com.br/hub\/wp-content\/uploads\/2023\/09\/tamanho-post-instagram.jpg","width":1200,"height":801},{"@type":"BreadcrumbList","@id":"https:\/\/lojaintegrada.com.br/hub\/tamanho-post-instagram\/#breadcrumb","itemListElement":[{"@type":"ListItem","position":1,"name":"In\u00edcio","item":"https:\/\/lojaintegrada.com.br/hub\/"},{"@type":"ListItem","position":2,"name":"O Guia Definitivo para o Tamanho Ideal de Post no Instagram"}]},{"@type":"WebSite","@id":"https:\/\/lojaintegrada.com.br/hub\/#website","url":"https:\/\/lojaintegrada.com.br/hub\/","name":"Blog da Loja Integrada","description":"Conte\u00fado para ecommerce","publisher":{"@id":"https:\/\/lojaintegrada.com.br/hub\/#organization"},"potentialAction":[{"@type":"SearchAction","target":{"@type":"EntryPoint","urlTemplate":"https:\/\/lojaintegrada.com.br/hub\/?s={search_term_string}"},"query-input":{"@type":"PropertyValueSpecification","valueRequired":true,"valueName":"search_term_string"}}],"inLanguage":"pt-BR"},{"@type":"Organization","@id":"https:\/\/lojaintegrada.com.br/hub\/#organization","name":"Loja Integrada","url":"https:\/\/lojaintegrada.com.br/hub\/","logo":{"@type":"ImageObject","inLanguage":"pt-BR","@id":"https:\/\/lojaintegrada.com.br/hub\/#\/schema\/logo\/image\/","url":"https:\/\/lojaintegrada.com.br/hub\/wp-content\/uploads\/2022\/05\/Loja-Integrada-RGB-Flat-Fundo-Branco-LOGO.png","contentUrl":"https:\/\/lojaintegrada.com.br/hub\/wp-content\/uploads\/2022\/05\/Loja-Integrada-RGB-Flat-Fundo-Branco-LOGO.png","width":1394,"height":209,"caption":"Loja Integrada"},"image":{"@id":"https:\/\/lojaintegrada.com.br/hub\/#\/schema\/logo\/image\/"}},{"@type":"Person","@id":"https:\/\/lojaintegrada.com.br/hub\/#\/schema\/person\/c4c7b9ba18e7d609a360ade001a7e889","name":"Raphael Spagnuolo","image":{"@type":"ImageObject","inLanguage":"pt-BR","@id":"https:\/\/lojaintegrada.com.br/hub\/#\/schema\/person\/image\/","url":"https:\/\/lojaintegrada.com.br/hub\/wp-content\/uploads\/2023\/03\/299484235_8240765175948434_2124469046896124149_n.jpg","contentUrl":"https:\/\/lojaintegrada.com.br/hub\/wp-content\/uploads\/2023\/03\/299484235_8240765175948434_2124469046896124149_n.jpg","caption":"Raphael Spagnuolo"},"description":"Sou um entusiasta de tecnologia, ecommerce e jogos digitais. Minha paix\u00e3o por esses temas me levou a anos de estudos e pesquisa para entender tudo sobre eles. Adoro compartilhar meus conhecimentos com outros apaixonados por tecnologia e neg\u00f3cios online. Mal posso esperar para ajudar voc\u00eas a dominar o mundo dos ecommerces!"}]}},"_links":{"self":[{"href":"https:\/\/lojaintegrada.com.br/hub\/wp-json\/wp\/v2\/posts\/41596","targetHints":{"allow":["GET"]}}],"collection":[{"href":"https:\/\/lojaintegrada.com.br/hub\/wp-json\/wp\/v2\/posts"}],"about":[{"href":"https:\/\/lojaintegrada.com.br/hub\/wp-json\/wp\/v2\/types\/post"}],"author":[{"embeddable":true,"href":"https:\/\/lojaintegrada.com.br/hub\/wp-json\/wp\/v2\/users\/96"}],"replies":[{"embeddable":true,"href":"https:\/\/lojaintegrada.com.br/hub\/wp-json\/wp\/v2\/comments?post=41596"}],"version-history":[{"count":0,"href":"https:\/\/lojaintegrada.com.br/hub\/wp-json\/wp\/v2\/posts\/41596\/revisions"}],"wp:featuredmedia":[{"embeddable":true,"href":"https:\/\/lojaintegrada.com.br/hub\/wp-json\/wp\/v2\/media\/41597"}],"wp:attachment":[{"href":"https:\/\/lojaintegrada.com.br/hub\/wp-json\/wp\/v2\/media?parent=41596"}],"wp:term":[{"taxonomy":"category","embeddable":true,"href":"https:\/\/lojaintegrada.com.br/hub\/wp-json\/wp\/v2\/categories?post=41596"},{"taxonomy":"post_tag","embeddable":true,"href":"https:\/\/lojaintegrada.com.br/hub\/wp-json\/wp\/v2\/tags?post=41596"}],"curies":[{"name":"wp","href":"https:\/\/api.w.org\/{rel}","templated":true}]}}