{"id":41223,"date":"2023-08-16T23:21:14","date_gmt":"2023-08-17T02:21:14","guid":{"rendered":"https:\/\/lojaintegrada.com.br/hub\/\/?p=41223"},"modified":"2024-10-11T12:53:38","modified_gmt":"2024-10-11T15:53:38","slug":"linha-editorial-instagram","status":"publish","type":"post","link":"https:\/\/lojaintegrada.com.br/hub\/linha-editorial-instagram\/","title":{"rendered":"Linha Editorial no Instagram &#8211; Como Definir e Ter Sucesso"},"content":{"rendered":"\n<p>Voc\u00ea j\u00e1 se perguntou como algumas marcas brilham no Instagram, mantendo uma presen\u00e7a consistente e envolvente? A resposta est\u00e1 na linha editorial. Se voc\u00ea \u00e9 um lojista com grandes ideias e busca gerar neg\u00f3cios brilhantes, este artigo \u00e9 para voc\u00ea.<\/p>\n\n\n\n<p>Entenda o conceito de linha editorial do Instagram e como ela pode ser a chave para compartilhar conhecimento e conquistar seu p\u00fablico de forma aut\u00eantica.<\/p>\n\n\n\n<p>Portanto, se voc\u00ea est\u00e1 pronto para aprimorar sua presen\u00e7a no Instagram e alcan\u00e7ar resultados incr\u00edveis, continue a leitura. Vamos l\u00e1!<\/p>\n\n\n\n<figure class=\"wp-block-image size-large\"><img decoding=\"async\" src=\"https:\/\/lojaintegrada.com.br/hub\/\/wp-content\/uploads\/2023\/08\/linha-editorial-instagram-1024x683.jpg\" alt=\"\" class=\"wp-image-41224\"\/><\/figure>\n\n\n\n<h2 class=\"wp-block-heading\">O que \u00e9 uma Linha Editorial do Instagram: Entendendo o Conceito<\/h2>\n\n\n\n<p>A linha editorial \u00e9 o pilar da estrat\u00e9gia de conte\u00fado de uma marca no Instagram. Ela \u00e9 a base que sustenta a identidade visual, o tom de voz e os temas abordados nas postagens.<\/p>\n\n\n\n<p>De forma simples, podemos compar\u00e1-la a um guia que orienta a produ\u00e7\u00e3o de conte\u00fado, garantindo coes\u00e3o e consist\u00eancia em todas as publica\u00e7\u00f5es.<\/p>\n\n\n\n<p>No contexto do Instagram, onde a competi\u00e7\u00e3o pela aten\u00e7\u00e3o do p\u00fablico \u00e9 acirrada, ter uma linha editorial bem definida \u00e9 crucial. Ao estabelecer uma identidade \u00fanica, sua marca se torna facilmente reconhec\u00edvel em meio ao mar de informa\u00e7\u00f5es.<\/p>\n\n\n\n<p>Al\u00e9m disso, uma linha editorial alinhada aos valores e prop\u00f3sito da marca fortalece o relacionamento com os seguidores e estabelece uma conex\u00e3o emocional.<\/p>\n\n\n\n<p>Para criar uma linha editorial eficiente, \u00e9 fundamental entender o p\u00fablico-alvo e suas necessidades. Quem s\u00e3o seus seguidores? O que eles buscam no Instagram? Quais problemas enfrentam e como sua marca pode ajud\u00e1-los? Essas perguntas guiar\u00e3o a defini\u00e7\u00e3o dos temas e assuntos abordados nas postagens.<\/p>\n\n\n\n<p>Outro aspecto importante \u00e9 a est\u00e9tica visual. Cores, fontes, filtros e estilo de imagens podem fazer toda a diferen\u00e7a na percep\u00e7\u00e3o da marca. Uma linha editorial coesa e atrativa aumenta o engajamento e estimula os seguidores a interagirem com o conte\u00fado.<\/p>\n\n\n\n<p>N\u00e3o se trata de ser repetitivo ou limitar a criatividade, mas sim de criar uma identidade \u00fanica que seja facilmente reconhec\u00edvel. A linha editorial permite a diversifica\u00e7\u00e3o de conte\u00fados, mas com um toque de consist\u00eancia que reflete a personalidade da marca.<\/p>\n\n\n\n<p>Ao adotar uma linha editorial, sua marca se posiciona como uma refer\u00eancia no mercado, transmitindo confian\u00e7a e autoridade. Al\u00e9m disso, a estrat\u00e9gia ajuda a alinhar os esfor\u00e7os de marketing, transformando o conte\u00fado em uma poderosa ferramenta para atrair novos clientes e fidelizar os existentes.<\/p>\n\n\n\n<h2 class=\"wp-block-heading\">Por que ter uma Linha Editorial: Benef\u00edcios e Vantagens<\/h2>\n\n\n\n<p>Agora que entendemos o que \u00e9 a linha editorial do Instagram, \u00e9 hora de explorar por que adotar essa estrat\u00e9gia pode ser a chave para o sucesso da sua marca nas redes sociais.<\/p>\n\n\n\n<h3 class=\"wp-block-heading\">Consist\u00eancia e Identidade Visual<\/h3>\n\n\n\n<p>Ter uma linha editorial garante que todas as postagens tenham uma apar\u00eancia coerente e alinhada \u00e0 identidade da marca. Isso ajuda a criar uma percep\u00e7\u00e3o positiva e reconhecimento imediato, tornando sua marca memor\u00e1vel em meio \u00e0 concorr\u00eancia.<\/p>\n\n\n\n<h3 class=\"wp-block-heading\">Engajamento do P\u00fablico<\/h3>\n\n\n\n<p>Uma linha editorial bem definida permite que voc\u00ea crie conte\u00fado relevante e interessante para seu p\u00fablico-alvo. Ao oferecer informa\u00e7\u00f5es valiosas e entretenimento, voc\u00ea incentiva o engajamento, seja atrav\u00e9s de likes, coment\u00e1rios ou compartilhamentos.<\/p>\n\n\n\n<h3 class=\"wp-block-heading\">Constru\u00e7\u00e3o de Autoridade<\/h3>\n\n\n\n<p>Com uma estrat\u00e9gia consistente, voc\u00ea se posiciona como uma autoridade em seu nicho de mercado. Isso aumenta a confian\u00e7a dos seguidores em sua marca e os transforma em defensores, ajudando a atrair novos seguidores.<\/p>\n\n\n\n<h3 class=\"wp-block-heading\">Fideliza\u00e7\u00e3o de Clientes<\/h3>\n\n\n\n<p>Uma linha editorial bem estruturada cria um senso de comunidade em torno da marca. Os seguidores se sentem parte de algo maior e t\u00eam mais probabilidade de se tornarem clientes fi\u00e9is e defensores da marca.<\/p>\n\n\n\n<h3 class=\"wp-block-heading\">Maior Alcance Org\u00e2nico<\/h3>\n\n\n\n<p>As redes sociais valorizam a consist\u00eancia e relev\u00e2ncia do conte\u00fado para determinar o alcance org\u00e2nico das postagens. Com uma linha editorial, suas publica\u00e7\u00f5es ser\u00e3o mais bem classificadas e ter\u00e3o mais chances de alcan\u00e7ar novos seguidores.<\/p>\n\n\n\n<h3 class=\"wp-block-heading\">Facilita\u00e7\u00e3o da Cria\u00e7\u00e3o de Conte\u00fado<\/h3>\n\n\n\n<p>Uma linha editorial serve como um guia para a cria\u00e7\u00e3o de conte\u00fado. Isso torna o processo de planejamento e produ\u00e7\u00e3o mais eficiente, economizando tempo e esfor\u00e7o.<\/p>\n\n\n\n<h3 class=\"wp-block-heading\">Direcionamento da Audi\u00eancia<\/h3>\n\n\n\n<p>Ao conhecer bem o seu p\u00fablico-alvo e suas necessidades, voc\u00ea pode direcionar suas postagens de forma mais estrat\u00e9gica. Isso garante que o conte\u00fado seja relevante e \u00fatil para quem o consome.<\/p>\n\n\n\n<h3 class=\"wp-block-heading\">Diferencia\u00e7\u00e3o da Concorr\u00eancia<\/h3>\n\n\n\n<p>Com uma identidade visual e editorial \u00fanica, sua marca se destaca em meio \u00e0 concorr\u00eancia. Isso \u00e9 essencial em um ambiente t\u00e3o competitivo quanto as redes sociais.<\/p>\n\n\n\n<figure class=\"wp-block-image size-large\"><img decoding=\"async\" src=\"https:\/\/lojaintegrada.com.br/hub\/\/wp-content\/uploads\/2023\/08\/linha-editorial-instagram-2-1024x683.jpg\" alt=\"\" class=\"wp-image-41225\"\/><figcaption class=\"wp-element-caption\">Descubra como criar um bom marketing digital em sua rede social. Entenda tudo sobre linhas editoriais. Fonte: Freepik<\/figcaption><\/figure>\n\n\n\n<h2 class=\"wp-block-heading\">Como Definir uma Linha Editorial para o Instagram: Passo a Passo<\/h2>\n\n\n\n<p>Agora que j\u00e1 compreendemos a import\u00e2ncia de uma linha editorial do Instagram, \u00e9 hora de mergulhar no processo de defini\u00e7\u00e3o. Criar uma estrat\u00e9gia personalizada \u00e9 essencial para garantir que ela esteja alinhada aos valores e objetivos da sua marca, bem como \u00e0s necessidades do seu p\u00fablico-alvo.<\/p>\n\n\n\n<h3 class=\"wp-block-heading\">Passo 1: Conhe\u00e7a seu P\u00fablico-Alvo e Personas<\/h3>\n\n\n\n<p>O primeiro passo para definir uma linha editorial nas redes sociais eficiente \u00e9 conhecer profundamente seu p\u00fablico-alvo. Quem s\u00e3o seus seguidores? Quais s\u00e3o suas necessidades, desejos e dores? Ao entender quem voc\u00ea est\u00e1 atingindo, ser\u00e1 mais f\u00e1cil criar conte\u00fados relevantes e que realmente ressoem com eles.<\/p>\n\n\n\n<p>Al\u00e9m disso, \u00e9 importante identificar personas espec\u00edficas, representando diferentes segmentos do seu p\u00fablico. Isso permitir\u00e1 uma segmenta\u00e7\u00e3o mais direcionada e a cria\u00e7\u00e3o de conte\u00fados personalizados para cada grupo.<\/p>\n\n\n\n<h3 class=\"wp-block-heading\">Passo 2: Defina os Temas e Assuntos Relevantes<\/h3>\n\n\n\n<p>Com o conhecimento do p\u00fablico em m\u00e3os, \u00e9 hora de definir os temas e assuntos que ser\u00e3o abordados nas postagens. Pense em t\u00f3picos que sejam relevantes para o seu nicho de mercado e que atendam \u00e0s necessidades do seu p\u00fablico.<\/p>\n\n\n\n<p>Esses temas devem estar alinhados com a proposta da sua marca e contribuir para a constru\u00e7\u00e3o de uma imagem s\u00f3lida.<\/p>\n\n\n\n<h3 class=\"wp-block-heading\">Passo 3: Escolha a Est\u00e9tica Visual e Paleta de Cores<\/h3>\n\n\n\n<p>A est\u00e9tica visual \u00e9 um aspecto fundamental da linha editorial. Escolha uma <a href=\"https:\/\/lojaintegrada.com.br\/ferramentas\/gerador-paleta\/\">paleta de cores<\/a> que esteja alinhada \u00e0 identidade da marca e que transmita a mensagem que voc\u00ea deseja. Al\u00e9m disso, defina um estilo de imagens que seja consistente e reflita a personalidade da marca.<\/p>\n\n\n\n<h3 class=\"wp-block-heading\">Passo 4: Determine o Tom de Voz e Estilo de Linguagem<\/h3>\n\n\n\n<p>O tom de voz \u00e9 a personalidade da sua marca se manifestando na comunica\u00e7\u00e3o. Defina se sua marca ser\u00e1 mais formal, descontra\u00edda, divertida, s\u00e9ria ou autorit\u00e1ria.<\/p>\n\n\n\n<p>Escolha um estilo de linguagem que seja adequado ao seu p\u00fablico e que esteja de acordo com a imagem que voc\u00ea quer transmitir.<\/p>\n\n\n\n<h3 class=\"wp-block-heading\">Passo 5: Planeje o Calend\u00e1rio Editorial<\/h3>\n\n\n\n<p>Com todos os elementos definidos, \u00e9 hora de planejar o calend\u00e1rio editorial. Estabele\u00e7a uma frequ\u00eancia de postagens que seja vi\u00e1vel para a sua equipe e crie um cronograma com os temas e formatos de conte\u00fado para cada dia.<\/p>\n\n\n\n<h3 class=\"wp-block-heading\">Passo 6: Monitore e Ajuste a Estrat\u00e9gia<\/h3>\n\n\n\n<p>Uma linha editorial n\u00e3o \u00e9 algo fixo e imut\u00e1vel. \u00c9 importante monitorar os resultados das postagens e estar aberto a ajustes conforme necess\u00e1rio.<\/p>\n\n\n\n<p>Analise as m\u00e9tricas, ou\u00e7a o feedback dos seguidores e esteja disposto a adaptar a estrat\u00e9gia para garantir o m\u00e1ximo de efici\u00eancia.<\/p>\n\n\n\n<p>Com esses passos, voc\u00ea estar\u00e1 preparado para criar uma linha editorial personalizada, que reflete a identidade da sua marca e conquista a aten\u00e7\u00e3o do seu p\u00fablico no Instagram.<\/p>\n\n\n\n<h2 class=\"wp-block-heading\">O que deve Ter em uma Linha Editorial: Elementos Essenciais<\/h2>\n\n\n\n<p>Uma linha editorial bem estruturada deve conter elementos essenciais que contribuem para o sucesso da estrat\u00e9gia no Instagram. Vamos explorar alguns desses elementos importantes para garantir uma presen\u00e7a marcante e cativante na plataforma:<\/p>\n\n\n\n<p><strong>1. Diversidade de Conte\u00fado:<\/strong> Uma linha editorial eficiente n\u00e3o se resume a um \u00fanico tipo de conte\u00fado. Inclua uma variedade de formatos, como fotos, v\u00eddeos, carross\u00e9is, Stories e Reels. Isso mant\u00e9m o feed din\u00e2mico e atrativo para diferentes tipos de p\u00fablico.<\/p>\n\n\n\n<p><strong>2. Conte\u00fado Informativo e Educacional:<\/strong> Al\u00e9m de promover produtos e servi\u00e7os, ofere\u00e7a conte\u00fado informativo e educacional. Compartilhe dicas, tutoriais e informa\u00e7\u00f5es relevantes para o seu p\u00fablico. Isso demonstra que sua marca se preocupa em agregar valor aos seguidores.<\/p>\n\n\n\n<p><strong>3. Call-to-Action (CTA) Estrat\u00e9gicos:<\/strong> Incentive a intera\u00e7\u00e3o dos seguidores atrav\u00e9s de CTAs estrat\u00e9gicos. Pe\u00e7a para que eles curtam, comentem, compartilhem ou salvem as postagens. Isso aumenta o engajamento e ajuda a impulsionar o alcance org\u00e2nico.<\/p>\n\n\n\n<p><strong>4. Consist\u00eancia Visual e de Tom:<\/strong> Mantenha uma est\u00e9tica visual consistente, utilizando a paleta de cores e estilo de imagens definidos previamente. Al\u00e9m disso, seja consistente no tom de voz adotado, refletindo a personalidade da marca em todas as intera\u00e7\u00f5es.<\/p>\n\n\n\n<p><strong>5. Conte\u00fado Relevante para o P\u00fablico-Alvo: <\/strong>Coloque-se no lugar do seu p\u00fablico-alvo ao criar conte\u00fado. Pense nas suas necessidades, interesses e desejos. Ofere\u00e7a conte\u00fado que seja relevante e \u00fatil para eles.<\/p>\n\n\n\n<p><strong>6. Storytelling Cativante:<\/strong> Utilize o poder do storytelling para criar conex\u00f5es emocionais com os seguidores. Conte hist\u00f3rias aut\u00eanticas que demonstrem os valores e a miss\u00e3o da sua marca.<\/p>\n\n\n\n<p><strong>7. Personaliza\u00e7\u00e3o e Humaniza\u00e7\u00e3o:<\/strong> Mostre a humanidade por tr\u00e1s da marca. Apresente a equipe, compartilhe bastidores e hist\u00f3rias dos colaboradores. Isso cria um senso de proximidade e confian\u00e7a com os seguidores.<\/p>\n\n\n\n<p><strong>8. Interatividade e Engajamento:<\/strong> Promova a interatividade atrav\u00e9s de enquetes, perguntas e respostas, quizzes e outras formas de estimular a participa\u00e7\u00e3o dos seguidores. Isso aumenta o engajamento e fortalece o relacionamento com a audi\u00eancia.<\/p>\n\n\n\n<p><strong>9. Conte\u00fado de Valor e Exclusivo:<\/strong> Ofere\u00e7a conte\u00fados exclusivos e de valor para os seguidores, como descontos especiais, lan\u00e7amentos em primeira m\u00e3o ou acesso antecipado a novidades.<\/p>\n\n\n\n<p>Ao incorporar esses elementos em sua linha editorial, voc\u00ea estar\u00e1 criando uma estrat\u00e9gia abrangente, que vai al\u00e9m da simples promo\u00e7\u00e3o de produtos. Sua marca se tornar\u00e1 uma fonte confi\u00e1vel de informa\u00e7\u00f5es e inspira\u00e7\u00e3o para os seguidores.<\/p>\n\n\n\n<figure class=\"wp-block-image size-large\"><img decoding=\"async\" src=\"https:\/\/lojaintegrada.com.br/hub\/\/wp-content\/uploads\/2023\/08\/linha-editorial-instagram-3-1024x683.jpg\" alt=\"\" class=\"wp-image-41226\"\/><figcaption class=\"wp-element-caption\">Saiba tudo que tem import\u00e2ncia no mercado de vendas. Aprenda os passos para tornar suas redes sociais mais interessante com o marketing de conte\u00fado. Fonte: Freepik<\/figcaption><\/figure>\n\n\n\n<h2 class=\"wp-block-heading\">Como Criar uma Linha Editorial Eficiente: Dicas e Pr\u00e1ticas<\/h2>\n\n\n\n<p>Criar uma linha editorial eficiente no Instagram requer um planejamento cuidadoso e estrat\u00e9gico. Vamos explorar um passo a passo para te ajudar a construir uma estrat\u00e9gia vencedora.<\/p>\n\n\n\n<h3 class=\"wp-block-heading\">Passo 1: Defina a Identidade da Marca<\/h3>\n\n\n\n<p>Antes de tudo, \u00e9 essencial ter clareza sobre a identidade da marca. Defina sua miss\u00e3o, valores e personalidade. Isso guiar\u00e1 a cria\u00e7\u00e3o de conte\u00fado e a escolha da est\u00e9tica visual e tom de voz.<\/p>\n\n\n\n<h3 class=\"wp-block-heading\">Passo 2: Conhe\u00e7a Profundamente o P\u00fablico-Alvo<\/h3>\n\n\n\n<p>Invista tempo em pesquisas para entender o seu p\u00fablico-alvo. Saiba quem s\u00e3o, quais s\u00e3o seus interesses, desafios e desejos. Isso te ajudar\u00e1 a criar conte\u00fado relevante e que realmente ressoe com eles.<\/p>\n\n\n\n<h3 class=\"wp-block-heading\">Passo 3: Estabele\u00e7a Temas e Pilares de Conte\u00fado<\/h3>\n\n\n\n<p>Com base no conhecimento do p\u00fablico, defina os temas e pilares de conte\u00fado que ser\u00e3o abordados nas postagens. Esses pilares devem estar alinhados com os valores e prop\u00f3sito da marca, al\u00e9m de atenderem \u00e0s necessidades do p\u00fablico.<\/p>\n\n\n\n<h3 class=\"wp-block-heading\">Passo 4: Escolha uma Paleta de Cores e Estilo de Imagens<\/h3>\n\n\n\n<p>A est\u00e9tica visual \u00e9 um elemento fundamental para criar uma identidade \u00fanica. Escolha uma paleta de cores que reflita a personalidade da marca e que esteja alinhada com o perfil do p\u00fablico. Defina tamb\u00e9m um estilo de imagens que seja consistente e atraente.<\/p>\n\n\n\n<h3 class=\"wp-block-heading\">Passo 5: Defina o Tom de Voz e Estilo de Linguagem<\/h3>\n\n\n\n<p>O tom de voz \u00e9 a voz da marca se manifestando na comunica\u00e7\u00e3o. Escolha um tom que esteja alinhado com a personalidade da marca e que seja adequado ao p\u00fablico. Seja aut\u00eantico e humano nas intera\u00e7\u00f5es.<\/p>\n\n\n\n<h3 class=\"wp-block-heading\">Passo 6: Planeje o Calend\u00e1rio Editorial<\/h3>\n\n\n\n<p>Com todos os elementos definidos, \u00e9 hora de planejar o calend\u00e1rio editorial. Estabele\u00e7a a frequ\u00eancia de postagens, os hor\u00e1rios ideais para publica\u00e7\u00e3o e os temas para cada dia. Isso ajudar\u00e1 a manter a consist\u00eancia na estrat\u00e9gia.<\/p>\n\n\n\n<h3 class=\"wp-block-heading\">Passo 7: Use Conte\u00fado Gerado pelo Usu\u00e1rio (UGC)<\/h3>\n\n\n\n<p>O conte\u00fado gerado pelo usu\u00e1rio \u00e9 uma poderosa ferramenta para aumentar o engajamento. Incentive seus seguidores a marcarem a marca em suas postagens e compartilhe esse conte\u00fado em seu perfil. Isso cria um senso de comunidade em torno da marca.<\/p>\n\n\n\n<h3 class=\"wp-block-heading\">Passo 8: Seja Flex\u00edvel e Adapt\u00e1vel<\/h3>\n\n\n\n<p>Uma linha editorial n\u00e3o \u00e9 algo fixo e imut\u00e1vel. Esteja aberto a ajustes e mudan\u00e7as conforme necess\u00e1rio. Monitore os resultados das postagens, ou\u00e7a o feedback dos seguidores e esteja disposto a adaptar a estrat\u00e9gia para melhor atender ao p\u00fablico.<\/p>\n\n\n\n<p>Seguindo esse passo a passo, voc\u00ea estar\u00e1 preparado para criar uma linha editorial eficiente e alinhada com a identidade da sua marca.<\/p>\n\n\n\n<h2 class=\"wp-block-heading\">O Caminho para o Sucesso no Instagram com uma Linha Editorial Forte<\/h2>\n\n\n\n<p>Agora voc\u00ea sabe a import\u00e2ncia de uma linha editorial e como estabelecer uma estrat\u00e9gia poderosa para fortalecer a presen\u00e7a da sua marca nas redes sociais. Com uma abordagem bem definida, voc\u00ea pode criar um conte\u00fado atraente, relevante e alinhado aos interesses do seu p\u00fablico-alvo!<\/p>\n\n\n\n<p>Entender o conceito de linha editorial nas redes sociais, pode ser a chave para a consist\u00eancia visual, identidade da marca e o engajamento dos seguidores.<\/p>\n\n\n\n<p>Esteja preparado para criar sua pr\u00f3pria linha editorial. N\u00e3o tenha medo de testar novas ideias, ouvir o feedback dos seguidores e ajustar a estrat\u00e9gia conforme necess\u00e1rio. O Instagram \u00e9 uma rede social din\u00e2mica, e estar atento \u00e0s tend\u00eancias e mudan\u00e7as \u00e9 fundamental para se manter relevante.<\/p>\n\n\n\n<p>Agora \u00e9 hora de colocar em pr\u00e1tica o que aprendeu e conquistar o cora\u00e7\u00e3o dos seus seguidores.<\/p>\n\n\n\n<p>Para continuar aprendendo estrat\u00e9gias para impulsionar sua marca no mercado, visite nosso <a target=\"_blank\" rel=\"noreferrer noopener\" href=\"https:\/\/lojaintegrada.com.br/hub\/\/\">blog<\/a>!<\/p>\n","protected":false},"excerpt":{"rendered":"<p>Voc\u00ea j\u00e1 se perguntou como algumas marcas brilham no Instagram, mantendo uma presen\u00e7a consistente e envolvente? A resposta est\u00e1 na linha editorial. Se voc\u00ea \u00e9 um lojista com grandes ideias e busca gerar neg\u00f3cios brilhantes, este artigo \u00e9 para voc\u00ea.<\/p>\n","protected":false},"author":1,"featured_media":41225,"comment_status":"open","ping_status":"open","sticky":false,"template":"","format":"standard","meta":{"content-type":"","two_page_speed":[],"footnotes":""},"categories":[2814],"tags":[324,92,794,1400,150,151,167,168],"class_list":["post-41223","post","type-post","status-publish","format-standard","has-post-thumbnail","hentry","category-marketing-e-vendas","tag-artigo","tag-dicas-para-ecommerce","tag-instagram","tag-linha-editorial","tag-mergulhando-em-marketing-e-vendas","tag-mergulhando-no-ecommerce","tag-primeiros-passos-no-ecommerce","tag-primeiros-passos-no-marketing-e-vendas"],"yoast_head":"<!-- This site is optimized with the Yoast SEO plugin v23.9 - https:\/\/yoast.com\/wordpress\/plugins\/seo\/ -->\n<title>Linha Editorial no Instagram - Como Definir e Ter Sucesso<\/title>\n<meta name=\"description\" content=\"Descubra como criar uma linha editorial eficiente no Instagram para o seu neg\u00f3cio. Atraia mais p\u00fablico, engajamento e vendas. Confira nossas dicas!\" \/>\n<meta name=\"robots\" content=\"index, follow, max-snippet:-1, max-image-preview:large, max-video-preview:-1\" \/>\n<link rel=\"canonical\" href=\"https:\/\/lojaintegrada.com.br/hub\/linha-editorial-instagram\/\" \/>\n<meta property=\"og:locale\" content=\"pt_BR\" \/>\n<meta property=\"og:type\" content=\"article\" \/>\n<meta property=\"og:title\" content=\"Linha Editorial no Instagram - Como Definir e Ter Sucesso\" \/>\n<meta property=\"og:description\" content=\"Descubra como criar uma linha editorial eficiente no Instagram para o seu neg\u00f3cio. Atraia mais p\u00fablico, engajamento e vendas. Confira nossas dicas!\" \/>\n<meta property=\"og:url\" content=\"https:\/\/lojaintegrada.com.br/hub\/linha-editorial-instagram\/\" \/>\n<meta property=\"og:site_name\" content=\"Blog da Loja Integrada\" \/>\n<meta property=\"article:published_time\" content=\"2023-08-17T02:21:14+00:00\" \/>\n<meta property=\"article:modified_time\" content=\"2024-10-11T15:53:38+00:00\" \/>\n<meta property=\"og:image\" content=\"https:\/\/lojaintegrada.com.br/hub\/wp-content\/uploads\/2023\/08\/linha-editorial-instagram-2.jpg\" \/>\n\t<meta property=\"og:image:width\" content=\"1200\" \/>\n\t<meta property=\"og:image:height\" content=\"800\" \/>\n\t<meta property=\"og:image:type\" content=\"image\/jpeg\" \/>\n<meta name=\"author\" content=\"newblogli\" \/>\n<meta name=\"twitter:card\" content=\"summary_large_image\" \/>\n<meta name=\"twitter:label1\" content=\"Escrito por\" \/>\n\t<meta name=\"twitter:data1\" content=\"newblogli\" \/>\n\t<meta name=\"twitter:label2\" content=\"Est. tempo de leitura\" \/>\n\t<meta name=\"twitter:data2\" content=\"12 minutos\" \/>\n<script type=\"application\/ld+json\" class=\"yoast-schema-graph\">{\"@context\":\"https:\/\/schema.org\",\"@graph\":[{\"@type\":[\"Article\",\"BlogPosting\"],\"@id\":\"https:\/\/lojaintegrada.com.br/hub\/linha-editorial-instagram\/#article\",\"isPartOf\":{\"@id\":\"https:\/\/lojaintegrada.com.br/hub\/linha-editorial-instagram\/\"},\"author\":{\"name\":\"newblogli\",\"@id\":\"https:\/\/lojaintegrada.com.br/hub\/#\/schema\/person\/3d384ca924d813313c7a447083639058\"},\"headline\":\"Linha Editorial no Instagram &#8211; Como Definir e Ter Sucesso\",\"datePublished\":\"2023-08-17T02:21:14+00:00\",\"dateModified\":\"2024-10-11T15:53:38+00:00\",\"mainEntityOfPage\":{\"@id\":\"https:\/\/lojaintegrada.com.br/hub\/linha-editorial-instagram\/\"},\"wordCount\":2370,\"commentCount\":0,\"publisher\":{\"@id\":\"https:\/\/lojaintegrada.com.br/hub\/#organization\"},\"image\":{\"@id\":\"https:\/\/lojaintegrada.com.br/hub\/linha-editorial-instagram\/#primaryimage\"},\"thumbnailUrl\":\"https:\/\/lojaintegrada.com.br/hub\/wp-content\/uploads\/2023\/08\/linha-editorial-instagram-2.jpg\",\"keywords\":[\"Artigo\",\"Dicas para ecommerce\",\"instagram\",\"linha editorial\",\"Mergulhando em Marketing e Vendas\",\"Mergulhando no ecommerce\",\"Primeiros passos no ecommerce\",\"primeiros passos no marketing e vendas\"],\"articleSection\":[\"Marketing e Vendas\"],\"inLanguage\":\"pt-BR\",\"potentialAction\":[{\"@type\":\"CommentAction\",\"name\":\"Comment\",\"target\":[\"https:\/\/lojaintegrada.com.br/hub\/linha-editorial-instagram\/#respond\"]}]},{\"@type\":\"WebPage\",\"@id\":\"https:\/\/lojaintegrada.com.br/hub\/linha-editorial-instagram\/\",\"url\":\"https:\/\/lojaintegrada.com.br/hub\/linha-editorial-instagram\/\",\"name\":\"Linha Editorial no Instagram - Como Definir e Ter Sucesso\",\"isPartOf\":{\"@id\":\"https:\/\/lojaintegrada.com.br/hub\/#website\"},\"primaryImageOfPage\":{\"@id\":\"https:\/\/lojaintegrada.com.br/hub\/linha-editorial-instagram\/#primaryimage\"},\"image\":{\"@id\":\"https:\/\/lojaintegrada.com.br/hub\/linha-editorial-instagram\/#primaryimage\"},\"thumbnailUrl\":\"https:\/\/lojaintegrada.com.br/hub\/wp-content\/uploads\/2023\/08\/linha-editorial-instagram-2.jpg\",\"datePublished\":\"2023-08-17T02:21:14+00:00\",\"dateModified\":\"2024-10-11T15:53:38+00:00\",\"description\":\"Descubra como criar uma linha editorial eficiente no Instagram para o seu neg\u00f3cio. Atraia mais p\u00fablico, engajamento e vendas. Confira nossas dicas!\",\"breadcrumb\":{\"@id\":\"https:\/\/lojaintegrada.com.br/hub\/linha-editorial-instagram\/#breadcrumb\"},\"inLanguage\":\"pt-BR\",\"potentialAction\":[{\"@type\":\"ReadAction\",\"target\":[\"https:\/\/lojaintegrada.com.br/hub\/linha-editorial-instagram\/\"]}]},{\"@type\":\"ImageObject\",\"inLanguage\":\"pt-BR\",\"@id\":\"https:\/\/lojaintegrada.com.br/hub\/linha-editorial-instagram\/#primaryimage\",\"url\":\"https:\/\/lojaintegrada.com.br/hub\/wp-content\/uploads\/2023\/08\/linha-editorial-instagram-2.jpg\",\"contentUrl\":\"https:\/\/lojaintegrada.com.br/hub\/wp-content\/uploads\/2023\/08\/linha-editorial-instagram-2.jpg\",\"width\":1200,\"height\":800},{\"@type\":\"BreadcrumbList\",\"@id\":\"https:\/\/lojaintegrada.com.br/hub\/linha-editorial-instagram\/#breadcrumb\",\"itemListElement\":[{\"@type\":\"ListItem\",\"position\":1,\"name\":\"In\u00edcio\",\"item\":\"https:\/\/lojaintegrada.com.br/hub\/\"},{\"@type\":\"ListItem\",\"position\":2,\"name\":\"Linha Editorial no Instagram &#8211; Como Definir e Ter Sucesso\"}]},{\"@type\":\"WebSite\",\"@id\":\"https:\/\/lojaintegrada.com.br/hub\/#website\",\"url\":\"https:\/\/lojaintegrada.com.br/hub\/\",\"name\":\"Blog da Loja Integrada\",\"description\":\"Conte\u00fado para ecommerce\",\"publisher\":{\"@id\":\"https:\/\/lojaintegrada.com.br/hub\/#organization\"},\"potentialAction\":[{\"@type\":\"SearchAction\",\"target\":{\"@type\":\"EntryPoint\",\"urlTemplate\":\"https:\/\/lojaintegrada.com.br/hub\/?s={search_term_string}\"},\"query-input\":{\"@type\":\"PropertyValueSpecification\",\"valueRequired\":true,\"valueName\":\"search_term_string\"}}],\"inLanguage\":\"pt-BR\"},{\"@type\":\"Organization\",\"@id\":\"https:\/\/lojaintegrada.com.br/hub\/#organization\",\"name\":\"Loja Integrada\",\"url\":\"https:\/\/lojaintegrada.com.br/hub\/\",\"logo\":{\"@type\":\"ImageObject\",\"inLanguage\":\"pt-BR\",\"@id\":\"https:\/\/lojaintegrada.com.br/hub\/#\/schema\/logo\/image\/\",\"url\":\"https:\/\/lojaintegrada.com.br/hub\/wp-content\/uploads\/2022\/05\/Loja-Integrada-RGB-Flat-Fundo-Branco-LOGO.png\",\"contentUrl\":\"https:\/\/lojaintegrada.com.br/hub\/wp-content\/uploads\/2022\/05\/Loja-Integrada-RGB-Flat-Fundo-Branco-LOGO.png\",\"width\":1394,\"height\":209,\"caption\":\"Loja Integrada\"},\"image\":{\"@id\":\"https:\/\/lojaintegrada.com.br/hub\/#\/schema\/logo\/image\/\"}},{\"@type\":\"Person\",\"@id\":\"https:\/\/lojaintegrada.com.br/hub\/#\/schema\/person\/3d384ca924d813313c7a447083639058\",\"name\":\"newblogli\",\"image\":{\"@type\":\"ImageObject\",\"inLanguage\":\"pt-BR\",\"@id\":\"https:\/\/lojaintegrada.com.br/hub\/#\/schema\/person\/image\/\",\"url\":\"https:\/\/secure.gravatar.com\/avatar\/2de4e5f3cb4d0a522153d19ffa25a5e466af92db632980ddbb23c07c83e43382?s=96&d=mm&r=g\",\"contentUrl\":\"https:\/\/secure.gravatar.com\/avatar\/2de4e5f3cb4d0a522153d19ffa25a5e466af92db632980ddbb23c07c83e43382?s=96&d=mm&r=g\",\"caption\":\"newblogli\"},\"sameAs\":[\"http:\/\/35.238.254.29\/\"]}]}<\/script>\n<!-- \/ Yoast SEO plugin. -->","yoast_head_json":{"title":"Linha Editorial no Instagram - Como Definir e Ter Sucesso","description":"Descubra como criar uma linha editorial eficiente no Instagram para o seu neg\u00f3cio. Atraia mais p\u00fablico, engajamento e vendas. Confira nossas dicas!","robots":{"index":"index","follow":"follow","max-snippet":"max-snippet:-1","max-image-preview":"max-image-preview:large","max-video-preview":"max-video-preview:-1"},"canonical":"https:\/\/lojaintegrada.com.br/hub\/linha-editorial-instagram\/","og_locale":"pt_BR","og_type":"article","og_title":"Linha Editorial no Instagram - Como Definir e Ter Sucesso","og_description":"Descubra como criar uma linha editorial eficiente no Instagram para o seu neg\u00f3cio. Atraia mais p\u00fablico, engajamento e vendas. Confira nossas dicas!","og_url":"https:\/\/lojaintegrada.com.br/hub\/linha-editorial-instagram\/","og_site_name":"Blog da Loja Integrada","article_published_time":"2023-08-17T02:21:14+00:00","article_modified_time":"2024-10-11T15:53:38+00:00","og_image":[{"width":1200,"height":800,"url":"https:\/\/lojaintegrada.com.br/hub\/wp-content\/uploads\/2023\/08\/linha-editorial-instagram-2.jpg","type":"image\/jpeg"}],"author":"newblogli","twitter_card":"summary_large_image","twitter_misc":{"Escrito por":"newblogli","Est. tempo de leitura":"12 minutos"},"schema":{"@context":"https:\/\/schema.org","@graph":[{"@type":["Article","BlogPosting"],"@id":"https:\/\/lojaintegrada.com.br/hub\/linha-editorial-instagram\/#article","isPartOf":{"@id":"https:\/\/lojaintegrada.com.br/hub\/linha-editorial-instagram\/"},"author":{"name":"newblogli","@id":"https:\/\/lojaintegrada.com.br/hub\/#\/schema\/person\/3d384ca924d813313c7a447083639058"},"headline":"Linha Editorial no Instagram &#8211; Como Definir e Ter Sucesso","datePublished":"2023-08-17T02:21:14+00:00","dateModified":"2024-10-11T15:53:38+00:00","mainEntityOfPage":{"@id":"https:\/\/lojaintegrada.com.br/hub\/linha-editorial-instagram\/"},"wordCount":2370,"commentCount":0,"publisher":{"@id":"https:\/\/lojaintegrada.com.br/hub\/#organization"},"image":{"@id":"https:\/\/lojaintegrada.com.br/hub\/linha-editorial-instagram\/#primaryimage"},"thumbnailUrl":"https:\/\/lojaintegrada.com.br/hub\/wp-content\/uploads\/2023\/08\/linha-editorial-instagram-2.jpg","keywords":["Artigo","Dicas para ecommerce","instagram","linha editorial","Mergulhando em Marketing e Vendas","Mergulhando no ecommerce","Primeiros passos no ecommerce","primeiros passos no marketing e vendas"],"articleSection":["Marketing e Vendas"],"inLanguage":"pt-BR","potentialAction":[{"@type":"CommentAction","name":"Comment","target":["https:\/\/lojaintegrada.com.br/hub\/linha-editorial-instagram\/#respond"]}]},{"@type":"WebPage","@id":"https:\/\/lojaintegrada.com.br/hub\/linha-editorial-instagram\/","url":"https:\/\/lojaintegrada.com.br/hub\/linha-editorial-instagram\/","name":"Linha Editorial no Instagram - Como Definir e Ter Sucesso","isPartOf":{"@id":"https:\/\/lojaintegrada.com.br/hub\/#website"},"primaryImageOfPage":{"@id":"https:\/\/lojaintegrada.com.br/hub\/linha-editorial-instagram\/#primaryimage"},"image":{"@id":"https:\/\/lojaintegrada.com.br/hub\/linha-editorial-instagram\/#primaryimage"},"thumbnailUrl":"https:\/\/lojaintegrada.com.br/hub\/wp-content\/uploads\/2023\/08\/linha-editorial-instagram-2.jpg","datePublished":"2023-08-17T02:21:14+00:00","dateModified":"2024-10-11T15:53:38+00:00","description":"Descubra como criar uma linha editorial eficiente no Instagram para o seu neg\u00f3cio. Atraia mais p\u00fablico, engajamento e vendas. Confira nossas dicas!","breadcrumb":{"@id":"https:\/\/lojaintegrada.com.br/hub\/linha-editorial-instagram\/#breadcrumb"},"inLanguage":"pt-BR","potentialAction":[{"@type":"ReadAction","target":["https:\/\/lojaintegrada.com.br/hub\/linha-editorial-instagram\/"]}]},{"@type":"ImageObject","inLanguage":"pt-BR","@id":"https:\/\/lojaintegrada.com.br/hub\/linha-editorial-instagram\/#primaryimage","url":"https:\/\/lojaintegrada.com.br/hub\/wp-content\/uploads\/2023\/08\/linha-editorial-instagram-2.jpg","contentUrl":"https:\/\/lojaintegrada.com.br/hub\/wp-content\/uploads\/2023\/08\/linha-editorial-instagram-2.jpg","width":1200,"height":800},{"@type":"BreadcrumbList","@id":"https:\/\/lojaintegrada.com.br/hub\/linha-editorial-instagram\/#breadcrumb","itemListElement":[{"@type":"ListItem","position":1,"name":"In\u00edcio","item":"https:\/\/lojaintegrada.com.br/hub\/"},{"@type":"ListItem","position":2,"name":"Linha Editorial no Instagram &#8211; Como Definir e Ter Sucesso"}]},{"@type":"WebSite","@id":"https:\/\/lojaintegrada.com.br/hub\/#website","url":"https:\/\/lojaintegrada.com.br/hub\/","name":"Blog da Loja Integrada","description":"Conte\u00fado para ecommerce","publisher":{"@id":"https:\/\/lojaintegrada.com.br/hub\/#organization"},"potentialAction":[{"@type":"SearchAction","target":{"@type":"EntryPoint","urlTemplate":"https:\/\/lojaintegrada.com.br/hub\/?s={search_term_string}"},"query-input":{"@type":"PropertyValueSpecification","valueRequired":true,"valueName":"search_term_string"}}],"inLanguage":"pt-BR"},{"@type":"Organization","@id":"https:\/\/lojaintegrada.com.br/hub\/#organization","name":"Loja Integrada","url":"https:\/\/lojaintegrada.com.br/hub\/","logo":{"@type":"ImageObject","inLanguage":"pt-BR","@id":"https:\/\/lojaintegrada.com.br/hub\/#\/schema\/logo\/image\/","url":"https:\/\/lojaintegrada.com.br/hub\/wp-content\/uploads\/2022\/05\/Loja-Integrada-RGB-Flat-Fundo-Branco-LOGO.png","contentUrl":"https:\/\/lojaintegrada.com.br/hub\/wp-content\/uploads\/2022\/05\/Loja-Integrada-RGB-Flat-Fundo-Branco-LOGO.png","width":1394,"height":209,"caption":"Loja Integrada"},"image":{"@id":"https:\/\/lojaintegrada.com.br/hub\/#\/schema\/logo\/image\/"}},{"@type":"Person","@id":"https:\/\/lojaintegrada.com.br/hub\/#\/schema\/person\/3d384ca924d813313c7a447083639058","name":"newblogli","image":{"@type":"ImageObject","inLanguage":"pt-BR","@id":"https:\/\/lojaintegrada.com.br/hub\/#\/schema\/person\/image\/","url":"https:\/\/secure.gravatar.com\/avatar\/2de4e5f3cb4d0a522153d19ffa25a5e466af92db632980ddbb23c07c83e43382?s=96&d=mm&r=g","contentUrl":"https:\/\/secure.gravatar.com\/avatar\/2de4e5f3cb4d0a522153d19ffa25a5e466af92db632980ddbb23c07c83e43382?s=96&d=mm&r=g","caption":"newblogli"},"sameAs":["http:\/\/35.238.254.29\/"]}]}},"_links":{"self":[{"href":"https:\/\/lojaintegrada.com.br/hub\/wp-json\/wp\/v2\/posts\/41223","targetHints":{"allow":["GET"]}}],"collection":[{"href":"https:\/\/lojaintegrada.com.br/hub\/wp-json\/wp\/v2\/posts"}],"about":[{"href":"https:\/\/lojaintegrada.com.br/hub\/wp-json\/wp\/v2\/types\/post"}],"author":[{"embeddable":true,"href":"https:\/\/lojaintegrada.com.br/hub\/wp-json\/wp\/v2\/users\/1"}],"replies":[{"embeddable":true,"href":"https:\/\/lojaintegrada.com.br/hub\/wp-json\/wp\/v2\/comments?post=41223"}],"version-history":[{"count":0,"href":"https:\/\/lojaintegrada.com.br/hub\/wp-json\/wp\/v2\/posts\/41223\/revisions"}],"wp:featuredmedia":[{"embeddable":true,"href":"https:\/\/lojaintegrada.com.br/hub\/wp-json\/wp\/v2\/media\/41225"}],"wp:attachment":[{"href":"https:\/\/lojaintegrada.com.br/hub\/wp-json\/wp\/v2\/media?parent=41223"}],"wp:term":[{"taxonomy":"category","embeddable":true,"href":"https:\/\/lojaintegrada.com.br/hub\/wp-json\/wp\/v2\/categories?post=41223"},{"taxonomy":"post_tag","embeddable":true,"href":"https:\/\/lojaintegrada.com.br/hub\/wp-json\/wp\/v2\/tags?post=41223"}],"curies":[{"name":"wp","href":"https:\/\/api.w.org\/{rel}","templated":true}]}}