{"id":37349,"date":"2022-07-16T19:01:00","date_gmt":"2022-07-16T22:01:00","guid":{"rendered":"https:\/\/lojaintegrada.com.br/hub\/\/?p=37349"},"modified":"2022-08-01T16:07:36","modified_gmt":"2022-08-01T19:07:36","slug":"por-que-criar-uma-loja-virtual","status":"publish","type":"post","link":"https:\/\/lojaintegrada.com.br/hub\/por-que-criar-uma-loja-virtual\/","title":{"rendered":"Por que criar uma loja virtual \u00e9 uma boa ideia?"},"content":{"rendered":"\n<p><strong><em>Entenda porque criar uma loja virtual \u00e9 uma boa ideia, al\u00e9m dos benef\u00edcios provenientes desse modelo de neg\u00f3cio.<\/em><\/strong><\/p>\n\n\n\n<p>Quem nunca pensou em ser o seu pr\u00f3prio chefe? Ou ent\u00e3o em abrir um neg\u00f3cio que te permita trabalhar de casa e ter mais tempo para fazer as coisas que voc\u00ea realmente gosta? Nesse sentido, pessoas em busca da independ\u00eancia financeira e da liberdade de tempo, escolhem criar uma loja virtual e fazer das vendas online sua principal fonte de renda.<\/p>\n\n\n\n<p>Assim, hoje decidimos falar sobre todas as vantagens que envolvem criar uma loja virtual e o porqu\u00ea dela ser uma excelente ideia de neg\u00f3cio para voc\u00ea que est\u00e1 pensando em trabalhar por conta pr\u00f3pria.<\/p>\n\n\n\n<h2 class=\"wp-block-heading\" id=\"h-por-que-criar-uma-loja-virtual-uma-tend-ncia-para-os-pr-ximos-anos\"><strong>Por que criar uma loja virtual \u00e9 uma tend\u00eancia para os pr\u00f3ximos anos?<\/strong><\/h2>\n\n\n\n<p>Atualmente e, somente no Brasil, mais de <a href=\"https:\/\/agenciabrasil.ebc.com.br\/geral\/noticia\/2021-08\/brasil-tem-152-milhoes-de-pessoas-com-acesso-internet\" target=\"_blank\" rel=\"noreferrer noopener\">152 milh\u00f5es de pessoas<\/a> possuem acesso \u00e0 internet. E n\u00e3o para por a\u00ed, j\u00e1 que segundo uma entrevista realizada pela <a href=\"https:\/\/canaltech.com.br\/negocios\/estudo-aponta-que-88-dos-brasileiros-entrevistados-compra-online-195253\/\" target=\"_blank\" rel=\"noreferrer noopener\">Infobip \u00e0 consultoria IDC<\/a>, 88% de um total de 1.800 brasileiros entrevistados, admitiram fazer compras online. Ou seja, tais n\u00fameros n\u00e3o s\u00f3 evidenciam a for\u00e7a do ecommerce no cen\u00e1rio atual, mas, tamb\u00e9m, todo o seu poder de crescimento para os pr\u00f3ximos anos.<\/p>\n\n\n\n<div class=\"wp-block-image\"><figure class=\"aligncenter size-full\"><a href=\"https:\/\/criar.lojaintegrada.com.br\/tudo-sobre\"><img fetchpriority=\"high\" decoding=\"async\" width=\"800\" height=\"300\" src=\"https:\/\/lojaintegrada.com.br/hub\/\/wp-content\/uploads\/2022\/06\/banner-crie-sua-loja-virtual.png\" alt=\"\" class=\"wp-image-36980\" srcset=\"https:\/\/lojaintegrada.com.br/hub\/wp-content\/uploads\/2022\/06\/banner-crie-sua-loja-virtual.png 800w, https:\/\/lojaintegrada.com.br/hub\/wp-content\/uploads\/2022\/06\/banner-crie-sua-loja-virtual-768x288.png 768w\" sizes=\"(max-width: 800px) 100vw, 800px\" \/><\/a><\/figure><\/div>\n\n\n\n<p>Como sabemos, a forma como o consumidor se relaciona com as empresas mudou radicalmente nos \u00faltimos anos. Dessa forma, o que vemos hoje s\u00e3o clientes muito mais exigentes, buscando por informa\u00e7\u00f5es e refer\u00eancias sobre o produto antes de realizar sua aquisi\u00e7\u00e3o.<\/p>\n\n\n\n<p>Al\u00e9m disso, a possibilidade de acesso a qualquer item diretamente da tela do computador, fez com que muitas pessoas abandonassem o h\u00e1bito de sair de casa para adquirir novos produtos, colaborando ainda mais para o crescimento do mercado digital.<\/p>\n\n\n\n<p>Fato \u00e9 que a quantidade de informa\u00e7\u00e3o dispon\u00edvel na internet, aliada a toda facilidade que ela oferece, viabiliza uma poss\u00edvel expans\u00e3o do setor de <a href=\"https:\/\/lojaintegrada.com.br/hub\/\/como-criar-um-ecommerce\/\" target=\"_blank\" rel=\"noreferrer noopener\">ecommerce<\/a> a curto\/m\u00e9dio prazo, ao passo que criar uma loja virtual pode vir a ser uma \u00f3tima fonte de renda principal ou alternativa para muitos.<\/p>\n\n\n\n<h2 class=\"wp-block-heading\" id=\"h-quanto-custa-criar-uma-loja-virtual\"><strong>Quanto custa criar uma loja virtual?<\/strong><\/h2>\n\n\n\n<p>Primeiramente, antes de criar uma loja virtual, \u00e9 necess\u00e1rio ter em mente o quanto se pretende investir. De modo geral, os gastos para se criar um ecommerce s\u00e3o relativamente baixos, se comparados a uma loja f\u00edsica. <\/p>\n\n\n\n<p>Assim, fizemos uma compila\u00e7\u00e3o dos principais custos que voc\u00ea ter\u00e1 de arcar ao dar in\u00edcio nesse projeto &#8211; lembrando que essa \u00e9 apenas uma estimativa. Os valores podem variar de acordo com as suas necessidades.<\/p>\n\n\n\n<ul class=\"wp-block-list\"><li>Cria\u00e7\u00e3o e registro da marca: R$ 440 (R$ 142 no pedido de licen\u00e7a + R$ 298 nas taxas de prote\u00e7\u00e3o dos primeiros dez anos e de expedi\u00e7\u00e3o do certificado de registro);<\/li><li>Registro do dom\u00ednio do site: R$ 40.<\/li><\/ul>\n\n\n\n<p>Al\u00e9m disso, vale ressaltar os custos necess\u00e1rios para manter o seu neg\u00f3cio funcionando:<\/p>\n\n\n\n<ul class=\"wp-block-list\"><li>Guia de impostos do MEI (DAS): R$ 60;<\/li><li>Contador: R$ 250; Investimento em marketing: R$ 500;<\/li><li>Sal\u00e1rio mensal de algum funcion\u00e1rio: R$ 1.500.<\/li><\/ul>\n\n\n\n<p>Conforme mencionado anteriormente, esses valores s\u00e3o apenas estimativas. Fatores como contrata\u00e7\u00e3o de funcion\u00e1rio ou tipo de figura jur\u00eddica, por exemplo, podem interferir na quantia final a ser despendida.<\/p>\n\n\n\n<p>Entretanto, de forma resumida, o custo para criar uma loja virtual \u00e9 de R$ 480, al\u00e9m do or\u00e7amento mensal que deve ser desembolsado para manter o neg\u00f3cio funcionando e em dia, que \u00e9 de cerca de R$ 2.310.<\/p>\n\n\n\n<h2 class=\"wp-block-heading\" id=\"h-como-criar-uma-loja-virtual\"><strong>Como criar uma loja virtual?<\/strong><\/h2>\n\n\n\n<p>Separamos um passo a passo bem simples que te ajudar\u00e1 a montar o seu ecommerce de forma r\u00e1pida e eficiente. Confira:<\/p>\n\n\n\n<ul class=\"wp-block-list\"><li><strong>Planejamento:<\/strong> crie o esbo\u00e7o da sua loja utilizando ferramentas de gerenciamento estrat\u00e9gico, como o Business Model Canvas e o Plano de Neg\u00f3cios;<\/li><li><strong>Abra a sua empresa:<\/strong> abra um CNPJ para a sua empresa e passe a emitir notas fiscais. Isso passa credibilidade para o seu cliente e mant\u00e9m sua loja em dia junto ao Fisco;<\/li><li><strong>Obtenha o investimento:<\/strong> em s\u00edntese, caso voc\u00ea n\u00e3o tenha dinheiro para come\u00e7ar a investir na sua loja, procure por parceiros que possam te ajudar ou, em \u00faltimo caso, recorra a um empr\u00e9stimo;<\/li><li><strong>Fa\u00e7a a estrutura\u00e7\u00e3o do seu ecommerce:<\/strong> utilize uma <a href=\"https:\/\/lojaintegrada.com.br\/plataforma-de-ecommerce\" target=\"_blank\" rel=\"noreferrer noopener\">plataforma de ecommerce completa<\/a> para hospedar a sua loja. A <a href=\"http:\/\/criar.lojaintegrada.com.br\/tudo-sobre\" target=\"_blank\" rel=\"noreferrer noopener\">Loja Integrada<\/a> pode te ajudar nesse sentido;<\/li><li><strong>Divulgue o seu neg\u00f3cio: <\/strong>criar uma loja virtual \u00e9 o primeiro passo, o segundo \u00e9 divulg\u00e1-la. Dessa forma, crie campanhas de marketing nas redes sociais e nos motores de busca;<\/li><li><strong>Otimize continuamente:<\/strong> por fim, n\u00e3o se esque\u00e7a de avaliar os resultados da sua loja e prover mudan\u00e7as sempre que for preciso.<\/li><\/ul>\n\n\n\n<h2 class=\"wp-block-heading\" id=\"h-quais-s-o-as-vantagens-de-trabalhar-por-conta-pr-pria\"><strong>Quais s\u00e3o as vantagens de trabalhar por conta pr\u00f3pria?<\/strong><\/h2>\n\n\n\n<p>O setor de ecommerce vem se expandindo com bastante rapidez, fazendo com que muita gente resolva migrar para essa \u00e1rea todos os dias. Por\u00e9m, outro ponto que chama a aten\u00e7\u00e3o das pessoas \u00e9 a possibilidade de poder trabalhar por conta pr\u00f3pria, do conforto de casa e sendo seu pr\u00f3prio chefe.<\/p>\n\n\n\n<p>Desse modo, separamos 5 benef\u00edcios que voc\u00ea passar\u00e1 a usufruir ao criar a sua loja virtual e trabalhar por conta pr\u00f3pria:<\/p>\n\n\n\n<h3 class=\"wp-block-heading\" id=\"h-qualidade-de-vida\"><strong>Qualidade de vida<\/strong><\/h3>\n\n\n\n<p>Em suma, ao trabalhar em casa voc\u00ea n\u00e3o perde tempo no tr\u00e2nsito. Al\u00e9m disso, voc\u00ea aumenta a sua produtividade, n\u00e3o vai trabalhar estressado e ainda ganha mais horas no seu dia, seja para produzir mais ou fazer coisas que antes voc\u00ea n\u00e3o conseguia.<\/p>\n\n\n\n<h3 class=\"wp-block-heading\" id=\"h-flexibilidade\"><strong>Flexibilidade<\/strong><\/h3>\n\n\n\n<p>Trabalhar de casa permite que voc\u00ea decida os seus hor\u00e1rios e tire suas folgas nos dias que mais lhe conv\u00e9m. Dessa forma, se voc\u00ea \u00e9 uma pessoa que se sente melhor trabalhando a noite, tire a parte do dia para descansar. <\/p>\n\n\n\n<p>Por outro lado, caso prefira trabalhar de dia, utilize a noite para recuperar suas energias. Al\u00e9m disso, tire suas folgas aos finais de semana, ou, caso prefira, \u00e0s segundas-feiras.<\/p>\n\n\n\n<h3 class=\"wp-block-heading\" id=\"h-seja-o-seu-pr-prio-chefe\"><strong>Seja o seu pr\u00f3prio chefe<\/strong><\/h3>\n\n\n\n<p>De fato, essa \u00e9 uma das maiores vantagens ao se trabalhar por conta pr\u00f3pria. Voc\u00ea \u00e9 seu pr\u00f3prio chefe e n\u00e3o recebe ordens. E, embora essa premissa n\u00e3o te isente de cumprir seus prazos e compromissos, ela te d\u00e1 mais liberdade de escolher como e quando trabalhar.<\/p>\n\n\n\n<h3 class=\"wp-block-heading\" id=\"h-redu-o-de-gastos\"><strong>Redu\u00e7\u00e3o de gastos<\/strong><\/h3>\n\n\n\n<p>Nem todo mundo tem a sorte de receber um vale refei\u00e7\u00e3o compat\u00edvel com os valores do local onde trabalha e, por isso, sempre acaba excedendo um pouco nos gastos. Al\u00e9m disso, a depender do ambiente de trabalho, tamb\u00e9m \u00e9 necess\u00e1rio investir em roupas.<\/p>\n\n\n\n<p>Pois bem, trabalhando em casa n\u00e3o h\u00e1 porque gastar com nenhuma dessas coisas. Voc\u00ea mesmo pode preparar a sua comida e ainda trabalhar com as roupas que voc\u00ea j\u00e1 possui.<\/p>\n\n\n\n<h3 class=\"wp-block-heading\" id=\"h-trabalhe-de-qualquer-lugar\"><strong>Trabalhe de qualquer lugar<\/strong><\/h3>\n\n\n\n<p>Por fim, ao criar uma loja virtual, voc\u00ea poder\u00e1 trabalhar de qualquer lugar do mundo, sendo necess\u00e1rio apenas um dispositivo fixo ou m\u00f3vel com acesso a internet.<\/p>\n\n\n\n<h2 class=\"wp-block-heading\" id=\"h-conclus-o\"><strong>Conclus\u00e3o<\/strong><\/h2>\n\n\n\n<p>Criar uma loja virtual n\u00e3o \u00e9 uma tarefa t\u00e3o dif\u00edcil quanto muitas pessoas pensam. Entretanto, exige muito empenho e dedica\u00e7\u00e3o para fazer dar certo. Fato \u00e9 que esse mercado se encontra aquecido e cheio de oportunidades, logo, caso voc\u00ea esteja pensando em mudar de carreira e entrar de vez para o mundo digital, esse certamente \u00e9 o melhor momento.<\/p>\n\n\n\n<p>E ent\u00e3o, gostou da leitura? <a href=\"https:\/\/lojaintegrada.com.br/hub\/\/\" target=\"_blank\" rel=\"noreferrer noopener\">Acesse nosso blog<\/a> para mais conte\u00fados como esse e diversos outros artigos sobre o mundo do marketing digital.<\/p>\n","protected":false},"excerpt":{"rendered":"<p>Entenda porque criar uma loja virtual \u00e9 uma boa ideia, al\u00e9m dos benef\u00edcios provenientes desse modelo de neg\u00f3cio. Quem nunca pensou em ser o seu pr\u00f3prio chefe? Ou ent\u00e3o em abrir um neg\u00f3cio que te permita trabalhar de casa e ter mais tempo para fazer as coisas que voc\u00ea realmente gosta? Nesse sentido, pessoas em [&hellip;]<\/p>\n","protected":false},"author":85,"featured_media":37350,"comment_status":"open","ping_status":"open","sticky":false,"template":"","format":"standard","meta":{"content-type":"","two_page_speed":[],"footnotes":""},"categories":[2815],"tags":[55,324,167],"class_list":["post-37349","post","type-post","status-publish","format-standard","has-post-thumbnail","hentry","category-administracao-e-gestao","tag-abrir-loja-virtual","tag-artigo","tag-primeiros-passos-no-ecommerce"],"yoast_head":"<!-- This site is optimized with the Yoast SEO plugin v23.9 - https:\/\/yoast.com\/wordpress\/plugins\/seo\/ -->\n<title>Por que criar uma Loja Virtual \u00e9 uma boa ideia?<\/title>\n<meta name=\"description\" content=\"Entenda porque criar uma loja virtual \u00e9 uma boa ideia, al\u00e9m dos benef\u00edcios provenientes desse modelo de neg\u00f3cio.\" \/>\n<meta name=\"robots\" content=\"index, follow, max-snippet:-1, max-image-preview:large, max-video-preview:-1\" \/>\n<link rel=\"canonical\" href=\"https:\/\/lojaintegrada.com.br/hub\/por-que-criar-uma-loja-virtual\/\" \/>\n<meta property=\"og:locale\" content=\"pt_BR\" \/>\n<meta property=\"og:type\" content=\"article\" \/>\n<meta property=\"og:title\" content=\"Por que criar uma Loja Virtual \u00e9 uma boa ideia?\" \/>\n<meta property=\"og:description\" content=\"Entenda porque criar uma loja virtual \u00e9 uma boa ideia, al\u00e9m dos benef\u00edcios provenientes desse modelo de neg\u00f3cio.\" \/>\n<meta property=\"og:url\" content=\"https:\/\/lojaintegrada.com.br/hub\/por-que-criar-uma-loja-virtual\/\" \/>\n<meta property=\"og:site_name\" content=\"Blog da Loja Integrada\" \/>\n<meta property=\"article:published_time\" content=\"2022-07-16T22:01:00+00:00\" \/>\n<meta property=\"article:modified_time\" content=\"2022-08-01T19:07:36+00:00\" \/>\n<meta property=\"og:image\" content=\"https:\/\/lojaintegrada.com.br/hub\/wp-content\/uploads\/2022\/07\/Criar-uma-loja-virtual.png\" \/>\n\t<meta property=\"og:image:width\" content=\"650\" \/>\n\t<meta property=\"og:image:height\" content=\"350\" \/>\n\t<meta property=\"og:image:type\" content=\"image\/png\" \/>\n<meta name=\"author\" content=\"Karine Dias\" \/>\n<meta name=\"twitter:card\" content=\"summary_large_image\" \/>\n<meta name=\"twitter:label1\" content=\"Escrito por\" \/>\n\t<meta name=\"twitter:data1\" content=\"Karine Dias\" \/>\n\t<meta name=\"twitter:label2\" content=\"Est. tempo de leitura\" \/>\n\t<meta name=\"twitter:data2\" content=\"7 minutos\" \/>\n<script type=\"application\/ld+json\" class=\"yoast-schema-graph\">{\"@context\":\"https:\/\/schema.org\",\"@graph\":[{\"@type\":[\"Article\",\"BlogPosting\"],\"@id\":\"https:\/\/lojaintegrada.com.br/hub\/por-que-criar-uma-loja-virtual\/#article\",\"isPartOf\":{\"@id\":\"https:\/\/lojaintegrada.com.br/hub\/por-que-criar-uma-loja-virtual\/\"},\"author\":{\"name\":\"Karine Dias\",\"@id\":\"https:\/\/lojaintegrada.com.br/hub\/#\/schema\/person\/812943019968b151a7776e6084ffcce4\"},\"headline\":\"Por que criar uma loja virtual \u00e9 uma boa ideia?\",\"datePublished\":\"2022-07-16T22:01:00+00:00\",\"dateModified\":\"2022-08-01T19:07:36+00:00\",\"mainEntityOfPage\":{\"@id\":\"https:\/\/lojaintegrada.com.br/hub\/por-que-criar-uma-loja-virtual\/\"},\"wordCount\":1250,\"commentCount\":0,\"publisher\":{\"@id\":\"https:\/\/lojaintegrada.com.br/hub\/#organization\"},\"image\":{\"@id\":\"https:\/\/lojaintegrada.com.br/hub\/por-que-criar-uma-loja-virtual\/#primaryimage\"},\"thumbnailUrl\":\"https:\/\/lojaintegrada.com.br/hub\/wp-content\/uploads\/2022\/07\/Criar-uma-loja-virtual.png\",\"keywords\":[\"abrir loja virtual\",\"Artigo\",\"Primeiros passos no ecommerce\"],\"articleSection\":[\"Administra\u00e7\u00e3o e Gest\u00e3o\"],\"inLanguage\":\"pt-BR\",\"potentialAction\":[{\"@type\":\"CommentAction\",\"name\":\"Comment\",\"target\":[\"https:\/\/lojaintegrada.com.br/hub\/por-que-criar-uma-loja-virtual\/#respond\"]}]},{\"@type\":\"WebPage\",\"@id\":\"https:\/\/lojaintegrada.com.br/hub\/por-que-criar-uma-loja-virtual\/\",\"url\":\"https:\/\/lojaintegrada.com.br/hub\/por-que-criar-uma-loja-virtual\/\",\"name\":\"Por que criar uma Loja Virtual \u00e9 uma boa ideia?\",\"isPartOf\":{\"@id\":\"https:\/\/lojaintegrada.com.br/hub\/#website\"},\"primaryImageOfPage\":{\"@id\":\"https:\/\/lojaintegrada.com.br/hub\/por-que-criar-uma-loja-virtual\/#primaryimage\"},\"image\":{\"@id\":\"https:\/\/lojaintegrada.com.br/hub\/por-que-criar-uma-loja-virtual\/#primaryimage\"},\"thumbnailUrl\":\"https:\/\/lojaintegrada.com.br/hub\/wp-content\/uploads\/2022\/07\/Criar-uma-loja-virtual.png\",\"datePublished\":\"2022-07-16T22:01:00+00:00\",\"dateModified\":\"2022-08-01T19:07:36+00:00\",\"description\":\"Entenda porque criar uma loja virtual \u00e9 uma boa ideia, al\u00e9m dos benef\u00edcios provenientes desse modelo de neg\u00f3cio.\",\"breadcrumb\":{\"@id\":\"https:\/\/lojaintegrada.com.br/hub\/por-que-criar-uma-loja-virtual\/#breadcrumb\"},\"inLanguage\":\"pt-BR\",\"potentialAction\":[{\"@type\":\"ReadAction\",\"target\":[\"https:\/\/lojaintegrada.com.br/hub\/por-que-criar-uma-loja-virtual\/\"]}]},{\"@type\":\"ImageObject\",\"inLanguage\":\"pt-BR\",\"@id\":\"https:\/\/lojaintegrada.com.br/hub\/por-que-criar-uma-loja-virtual\/#primaryimage\",\"url\":\"https:\/\/lojaintegrada.com.br/hub\/wp-content\/uploads\/2022\/07\/Criar-uma-loja-virtual.png\",\"contentUrl\":\"https:\/\/lojaintegrada.com.br/hub\/wp-content\/uploads\/2022\/07\/Criar-uma-loja-virtual.png\",\"width\":650,\"height\":350,\"caption\":\"Criar uma loja virtual\"},{\"@type\":\"BreadcrumbList\",\"@id\":\"https:\/\/lojaintegrada.com.br/hub\/por-que-criar-uma-loja-virtual\/#breadcrumb\",\"itemListElement\":[{\"@type\":\"ListItem\",\"position\":1,\"name\":\"In\u00edcio\",\"item\":\"https:\/\/lojaintegrada.com.br/hub\/\"},{\"@type\":\"ListItem\",\"position\":2,\"name\":\"Por que criar uma loja virtual \u00e9 uma boa ideia?\"}]},{\"@type\":\"WebSite\",\"@id\":\"https:\/\/lojaintegrada.com.br/hub\/#website\",\"url\":\"https:\/\/lojaintegrada.com.br/hub\/\",\"name\":\"Blog da Loja Integrada\",\"description\":\"Conte\u00fado para ecommerce\",\"publisher\":{\"@id\":\"https:\/\/lojaintegrada.com.br/hub\/#organization\"},\"potentialAction\":[{\"@type\":\"SearchAction\",\"target\":{\"@type\":\"EntryPoint\",\"urlTemplate\":\"https:\/\/lojaintegrada.com.br/hub\/?s={search_term_string}\"},\"query-input\":{\"@type\":\"PropertyValueSpecification\",\"valueRequired\":true,\"valueName\":\"search_term_string\"}}],\"inLanguage\":\"pt-BR\"},{\"@type\":\"Organization\",\"@id\":\"https:\/\/lojaintegrada.com.br/hub\/#organization\",\"name\":\"Loja Integrada\",\"url\":\"https:\/\/lojaintegrada.com.br/hub\/\",\"logo\":{\"@type\":\"ImageObject\",\"inLanguage\":\"pt-BR\",\"@id\":\"https:\/\/lojaintegrada.com.br/hub\/#\/schema\/logo\/image\/\",\"url\":\"https:\/\/lojaintegrada.com.br/hub\/wp-content\/uploads\/2022\/05\/Loja-Integrada-RGB-Flat-Fundo-Branco-LOGO.png\",\"contentUrl\":\"https:\/\/lojaintegrada.com.br/hub\/wp-content\/uploads\/2022\/05\/Loja-Integrada-RGB-Flat-Fundo-Branco-LOGO.png\",\"width\":1394,\"height\":209,\"caption\":\"Loja Integrada\"},\"image\":{\"@id\":\"https:\/\/lojaintegrada.com.br/hub\/#\/schema\/logo\/image\/\"}},{\"@type\":\"Person\",\"@id\":\"https:\/\/lojaintegrada.com.br/hub\/#\/schema\/person\/812943019968b151a7776e6084ffcce4\",\"name\":\"Karine Dias\",\"image\":{\"@type\":\"ImageObject\",\"inLanguage\":\"pt-BR\",\"@id\":\"https:\/\/lojaintegrada.com.br/hub\/#\/schema\/person\/image\/\",\"url\":\"https:\/\/secure.gravatar.com\/avatar\/33814b1c6158876e0e3d49790204024933e0fab79cc88bee72c64b8075a48399?s=96&d=mm&r=g\",\"contentUrl\":\"https:\/\/secure.gravatar.com\/avatar\/33814b1c6158876e0e3d49790204024933e0fab79cc88bee72c64b8075a48399?s=96&d=mm&r=g\",\"caption\":\"Karine Dias\"},\"description\":\"Rela\u00e7\u00f5es P\u00fablicas, especialista em marketing digital, tenho passagem em diferentes segmentos de mercado. Encontrei minha paix\u00e3o na internet, ajudando empresas a potencializarem os seus neg\u00f3cios.\"}]}<\/script>\n<!-- \/ Yoast SEO plugin. -->","yoast_head_json":{"title":"Por que criar uma Loja Virtual \u00e9 uma boa ideia?","description":"Entenda porque criar uma loja virtual \u00e9 uma boa ideia, al\u00e9m dos benef\u00edcios provenientes desse modelo de neg\u00f3cio.","robots":{"index":"index","follow":"follow","max-snippet":"max-snippet:-1","max-image-preview":"max-image-preview:large","max-video-preview":"max-video-preview:-1"},"canonical":"https:\/\/lojaintegrada.com.br/hub\/por-que-criar-uma-loja-virtual\/","og_locale":"pt_BR","og_type":"article","og_title":"Por que criar uma Loja Virtual \u00e9 uma boa ideia?","og_description":"Entenda porque criar uma loja virtual \u00e9 uma boa ideia, al\u00e9m dos benef\u00edcios provenientes desse modelo de neg\u00f3cio.","og_url":"https:\/\/lojaintegrada.com.br/hub\/por-que-criar-uma-loja-virtual\/","og_site_name":"Blog da Loja Integrada","article_published_time":"2022-07-16T22:01:00+00:00","article_modified_time":"2022-08-01T19:07:36+00:00","og_image":[{"width":650,"height":350,"url":"https:\/\/lojaintegrada.com.br/hub\/wp-content\/uploads\/2022\/07\/Criar-uma-loja-virtual.png","type":"image\/png"}],"author":"Karine Dias","twitter_card":"summary_large_image","twitter_misc":{"Escrito por":"Karine Dias","Est. tempo de leitura":"7 minutos"},"schema":{"@context":"https:\/\/schema.org","@graph":[{"@type":["Article","BlogPosting"],"@id":"https:\/\/lojaintegrada.com.br/hub\/por-que-criar-uma-loja-virtual\/#article","isPartOf":{"@id":"https:\/\/lojaintegrada.com.br/hub\/por-que-criar-uma-loja-virtual\/"},"author":{"name":"Karine Dias","@id":"https:\/\/lojaintegrada.com.br/hub\/#\/schema\/person\/812943019968b151a7776e6084ffcce4"},"headline":"Por que criar uma loja virtual \u00e9 uma boa ideia?","datePublished":"2022-07-16T22:01:00+00:00","dateModified":"2022-08-01T19:07:36+00:00","mainEntityOfPage":{"@id":"https:\/\/lojaintegrada.com.br/hub\/por-que-criar-uma-loja-virtual\/"},"wordCount":1250,"commentCount":0,"publisher":{"@id":"https:\/\/lojaintegrada.com.br/hub\/#organization"},"image":{"@id":"https:\/\/lojaintegrada.com.br/hub\/por-que-criar-uma-loja-virtual\/#primaryimage"},"thumbnailUrl":"https:\/\/lojaintegrada.com.br/hub\/wp-content\/uploads\/2022\/07\/Criar-uma-loja-virtual.png","keywords":["abrir loja virtual","Artigo","Primeiros passos no ecommerce"],"articleSection":["Administra\u00e7\u00e3o e Gest\u00e3o"],"inLanguage":"pt-BR","potentialAction":[{"@type":"CommentAction","name":"Comment","target":["https:\/\/lojaintegrada.com.br/hub\/por-que-criar-uma-loja-virtual\/#respond"]}]},{"@type":"WebPage","@id":"https:\/\/lojaintegrada.com.br/hub\/por-que-criar-uma-loja-virtual\/","url":"https:\/\/lojaintegrada.com.br/hub\/por-que-criar-uma-loja-virtual\/","name":"Por que criar uma Loja Virtual \u00e9 uma boa ideia?","isPartOf":{"@id":"https:\/\/lojaintegrada.com.br/hub\/#website"},"primaryImageOfPage":{"@id":"https:\/\/lojaintegrada.com.br/hub\/por-que-criar-uma-loja-virtual\/#primaryimage"},"image":{"@id":"https:\/\/lojaintegrada.com.br/hub\/por-que-criar-uma-loja-virtual\/#primaryimage"},"thumbnailUrl":"https:\/\/lojaintegrada.com.br/hub\/wp-content\/uploads\/2022\/07\/Criar-uma-loja-virtual.png","datePublished":"2022-07-16T22:01:00+00:00","dateModified":"2022-08-01T19:07:36+00:00","description":"Entenda porque criar uma loja virtual \u00e9 uma boa ideia, al\u00e9m dos benef\u00edcios provenientes desse modelo de neg\u00f3cio.","breadcrumb":{"@id":"https:\/\/lojaintegrada.com.br/hub\/por-que-criar-uma-loja-virtual\/#breadcrumb"},"inLanguage":"pt-BR","potentialAction":[{"@type":"ReadAction","target":["https:\/\/lojaintegrada.com.br/hub\/por-que-criar-uma-loja-virtual\/"]}]},{"@type":"ImageObject","inLanguage":"pt-BR","@id":"https:\/\/lojaintegrada.com.br/hub\/por-que-criar-uma-loja-virtual\/#primaryimage","url":"https:\/\/lojaintegrada.com.br/hub\/wp-content\/uploads\/2022\/07\/Criar-uma-loja-virtual.png","contentUrl":"https:\/\/lojaintegrada.com.br/hub\/wp-content\/uploads\/2022\/07\/Criar-uma-loja-virtual.png","width":650,"height":350,"caption":"Criar uma loja virtual"},{"@type":"BreadcrumbList","@id":"https:\/\/lojaintegrada.com.br/hub\/por-que-criar-uma-loja-virtual\/#breadcrumb","itemListElement":[{"@type":"ListItem","position":1,"name":"In\u00edcio","item":"https:\/\/lojaintegrada.com.br/hub\/"},{"@type":"ListItem","position":2,"name":"Por que criar uma loja virtual \u00e9 uma boa ideia?"}]},{"@type":"WebSite","@id":"https:\/\/lojaintegrada.com.br/hub\/#website","url":"https:\/\/lojaintegrada.com.br/hub\/","name":"Blog da Loja Integrada","description":"Conte\u00fado para ecommerce","publisher":{"@id":"https:\/\/lojaintegrada.com.br/hub\/#organization"},"potentialAction":[{"@type":"SearchAction","target":{"@type":"EntryPoint","urlTemplate":"https:\/\/lojaintegrada.com.br/hub\/?s={search_term_string}"},"query-input":{"@type":"PropertyValueSpecification","valueRequired":true,"valueName":"search_term_string"}}],"inLanguage":"pt-BR"},{"@type":"Organization","@id":"https:\/\/lojaintegrada.com.br/hub\/#organization","name":"Loja Integrada","url":"https:\/\/lojaintegrada.com.br/hub\/","logo":{"@type":"ImageObject","inLanguage":"pt-BR","@id":"https:\/\/lojaintegrada.com.br/hub\/#\/schema\/logo\/image\/","url":"https:\/\/lojaintegrada.com.br/hub\/wp-content\/uploads\/2022\/05\/Loja-Integrada-RGB-Flat-Fundo-Branco-LOGO.png","contentUrl":"https:\/\/lojaintegrada.com.br/hub\/wp-content\/uploads\/2022\/05\/Loja-Integrada-RGB-Flat-Fundo-Branco-LOGO.png","width":1394,"height":209,"caption":"Loja Integrada"},"image":{"@id":"https:\/\/lojaintegrada.com.br/hub\/#\/schema\/logo\/image\/"}},{"@type":"Person","@id":"https:\/\/lojaintegrada.com.br/hub\/#\/schema\/person\/812943019968b151a7776e6084ffcce4","name":"Karine Dias","image":{"@type":"ImageObject","inLanguage":"pt-BR","@id":"https:\/\/lojaintegrada.com.br/hub\/#\/schema\/person\/image\/","url":"https:\/\/secure.gravatar.com\/avatar\/33814b1c6158876e0e3d49790204024933e0fab79cc88bee72c64b8075a48399?s=96&d=mm&r=g","contentUrl":"https:\/\/secure.gravatar.com\/avatar\/33814b1c6158876e0e3d49790204024933e0fab79cc88bee72c64b8075a48399?s=96&d=mm&r=g","caption":"Karine Dias"},"description":"Rela\u00e7\u00f5es P\u00fablicas, especialista em marketing digital, tenho passagem em diferentes segmentos de mercado. Encontrei minha paix\u00e3o na internet, ajudando empresas a potencializarem os seus neg\u00f3cios."}]}},"_links":{"self":[{"href":"https:\/\/lojaintegrada.com.br/hub\/wp-json\/wp\/v2\/posts\/37349","targetHints":{"allow":["GET"]}}],"collection":[{"href":"https:\/\/lojaintegrada.com.br/hub\/wp-json\/wp\/v2\/posts"}],"about":[{"href":"https:\/\/lojaintegrada.com.br/hub\/wp-json\/wp\/v2\/types\/post"}],"author":[{"embeddable":true,"href":"https:\/\/lojaintegrada.com.br/hub\/wp-json\/wp\/v2\/users\/85"}],"replies":[{"embeddable":true,"href":"https:\/\/lojaintegrada.com.br/hub\/wp-json\/wp\/v2\/comments?post=37349"}],"version-history":[{"count":0,"href":"https:\/\/lojaintegrada.com.br/hub\/wp-json\/wp\/v2\/posts\/37349\/revisions"}],"wp:featuredmedia":[{"embeddable":true,"href":"https:\/\/lojaintegrada.com.br/hub\/wp-json\/wp\/v2\/media\/37350"}],"wp:attachment":[{"href":"https:\/\/lojaintegrada.com.br/hub\/wp-json\/wp\/v2\/media?parent=37349"}],"wp:term":[{"taxonomy":"category","embeddable":true,"href":"https:\/\/lojaintegrada.com.br/hub\/wp-json\/wp\/v2\/categories?post=37349"},{"taxonomy":"post_tag","embeddable":true,"href":"https:\/\/lojaintegrada.com.br/hub\/wp-json\/wp\/v2\/tags?post=37349"}],"curies":[{"name":"wp","href":"https:\/\/api.w.org\/{rel}","templated":true}]}}