{"id":36259,"date":"2022-03-18T15:31:00","date_gmt":"2022-03-18T18:31:00","guid":{"rendered":"https:\/\/lojaintegrada.com.br/hub\/\/?p=36259"},"modified":"2022-06-15T16:24:25","modified_gmt":"2022-06-15T19:24:25","slug":"tema-padrao-ou-layout-personalizado","status":"publish","type":"post","link":"https:\/\/lojaintegrada.com.br/hub\/tema-padrao-ou-layout-personalizado\/","title":{"rendered":"Tema padr\u00e3o ou layout personalizado, qual usar na loja virtual?"},"content":{"rendered":"\n<h4 class=\"wp-block-heading\" id=\"h-optar-por-um-tema-padr-o-ou-layout-personalizado-para-seu-ecommerce-depende-de-v-rios-fatores-saiba-quais-s-o-neste-conte-do\">Optar por um tema padr\u00e3o ou layout personalizado para seu ecommerce depende de v\u00e1rios fatores. Saiba quais s\u00e3o neste conte\u00fado.<\/h4>\n\n\n\n<p>Para quem<a href=\"https:\/\/lojaintegrada.com.br/hub\/\/como-configurar-uma-loja-virtual-e-comecar-a-vender\/\"> quer come\u00e7ar<\/a>, ou deseja renovar sua loja virtual, existem muitas escolhas a serem feitas, e uma delas \u00e9 sobre usar um tema padr\u00e3o ou layout personalizado. Tanto um quanto outro se referem a identidade visual do seu neg\u00f3cio e sobre as funcionalidades que estar\u00e3o dispon\u00edveis.<\/p>\n\n\n\n<p>Aqui vamos falar um pouco sobre a import\u00e2ncia de ter um bom layout no seu ecommerce, a diferen\u00e7a entre tema padr\u00e3o e layout personalizado, algumas dicas para escolher o seu e, o melhor de tudo, um <strong>benef\u00edcio da Loja Integrada<\/strong> que vai melhorar ainda mais a sua loja virtual.<\/p>\n\n\n\n<h2 class=\"wp-block-heading\" id=\"h-a-import-ncia-de-um-bom-layout\"><strong>A import\u00e2ncia de um bom layout<\/strong><\/h2>\n\n\n\n<p>Quem possui um ecommerce sabe o quanto o layout influencia na venda, j\u00e1 que ele \u00e9 a vitrine dos produtos. Por isso, esta escolha, que vai dar a \u201ccara\u201d da sua loja, precisa ser feita com calma e cuidado. Geralmente, essa decis\u00e3o se baseia no investimento que precisar\u00e1 ser feito e um tempo estimado para o retorno desse investimento.<\/p>\n\n\n\n<p>Com o ecommerce ganhando muito espa\u00e7o, especialmente pela situa\u00e7\u00e3o vivida com a pandemia nos \u00faltimos anos, fazer<a href=\"https:\/\/lojaintegrada.com.br/hub\/\/melhorar-vendas-no-ecommerce\/\"> vendas online<\/a> se tornou uma excelente op\u00e7\u00e3o para manter os neg\u00f3cios funcionando.<\/p>\n\n\n\n<p>Segundo um<a href=\"https:\/\/www.ecommercebrasil.com.br\/noticias\/neotrust-e-commerce-fatura-2021\/\" target=\"_blank\" rel=\"noreferrer noopener\"> levantamento da Neotrust<\/a>, a proje\u00e7\u00e3o de crescimento das vendas pela internet para 2022, \u00e9 de 9%, podendo chegar a um faturamento recorde de R$ 174 bilh\u00f5es. Certamente, voc\u00ea n\u00e3o pode ficar fora disso, certo?<\/p>\n\n\n\n<p>Por\u00e9m, a concorr\u00eancia tamb\u00e9m aumentou. Por isso, \u00e9 importante pensar na melhor experi\u00eancia do usu\u00e1rio que navega em sua loja, para ser competitivo no mercado. Afinal, optar por um tema padr\u00e3o ou layout personalizado, que seja adequado,&nbsp; pode impactar na percep\u00e7\u00e3o dos consumidores sobre o seu produto ou a sua loja.<\/p>\n\n\n\n<p>Para te ajudar nessa dif\u00edcil decis\u00e3o, vamos falar sobre os detalhes de cada um deles e fazer um comparativo sobre as duas op\u00e7\u00f5es, para que voc\u00ea possa avaliar qual \u00e9 a melhor para o seu neg\u00f3cio.<\/p>\n\n\n\n<h2 class=\"wp-block-heading\" id=\"h-o-que-tema-padr-o\"><strong>O que \u00e9 tema padr\u00e3o?<\/strong><\/h2>\n\n\n\n<p>O tema \u00e9 quando o layout est\u00e1 praticamente pronto, mas que permite mudan\u00e7as como cores, \u00edcones e banners, mas n\u00e3o \u00e9 poss\u00edvel modificar sua estrutura. Mas isso n\u00e3o quer dizer que voc\u00ea n\u00e3o vai conseguir colocar o seu estilo na loja, ok? Ele possui in\u00fameros itens edit\u00e1veis.<\/p>\n\n\n\n<p>De modo geral, um tema padr\u00e3o \u00e9 recomendado para quem est\u00e1 come\u00e7ando agora a criar uma loja virtual, ou at\u00e9 mesmo ainda n\u00e3o tem tanto dinheiro para investir no digital. Isso porque o tema padr\u00e3o costuma custar menos.&nbsp;<\/p>\n\n\n\n<h2 class=\"wp-block-heading\" id=\"h-o-que-layout-personalizado\"><strong>O que \u00e9 layout personalizado?<\/strong><\/h2>\n\n\n\n<p>Quando o ecommerce tem um layout personalizado, quer dizer que ele \u00e9 feito a partir do zero, ou seja, \u00e9 uma cria\u00e7\u00e3o exclusiva, feita para um neg\u00f3cio espec\u00edfico.<\/p>\n\n\n\n<p>Muitas vezes, trata-se de um processo mais complexo, que segue a necessidade do lojista e procura ter a identidade visual e funcionalidades que condizem melhor com a marca e atendem o que o p\u00fablico-alvo exige.<\/p>\n\n\n\n<p>Neste caso, muitas vezes, \u00e9 necess\u00e1rio contar com ajuda de uma ag\u00eancia especializada ou um profissional, que v\u00e3o desenvolver o layout totalmente personalizado.&nbsp;<\/p>\n\n\n\n<h2 class=\"wp-block-heading\" id=\"h-tema-padr-o-ou-layout-personalizado-afinal-qual-escolher\"><strong>Tema padr\u00e3o ou layout personalizado? Afinal, qual escolher?<\/strong><\/h2>\n\n\n\n<p>Na verdade, n\u00e3o h\u00e1 um melhor que o outro. O que deve ser analisado aqui \u00e9 a necessidade, o poder de investimento do lojista e o tamanho do neg\u00f3cio. Quando falamos de um ecommerce, a parte financeira conta muito, j\u00e1 que \u00e9 necess\u00e1rio alguns<a href=\"https:\/\/lojaintegrada.com.br/hub\/\/quanto-custa-para-abrir-uma-loja-virtual\/\"> investimentos<\/a> para o neg\u00f3cio funcionar adequadamente.<\/p>\n\n\n\n<h3 class=\"wp-block-heading\" id=\"h-custo-benef-cio-tema-padr-o-ou-layout-personalizado\"><strong>Custo benef\u00edcio: tema padr\u00e3o ou layout personalizado<\/strong><\/h3>\n\n\n\n<p>No caso de voc\u00ea optar por um <strong>tema padr\u00e3o<\/strong>, o investimento ser\u00e1 mais baixo. Por exemplo, na Loja Integrada, al\u00e9m dos temas oferecidos pelas ag\u00eancias parceiras, a partir do <strong>plano PRO 1 <\/strong>o lojista pode contar com tr\u00eas temas b\u00f4nus.&nbsp;<\/p>\n\n\n\n<p>Eles s\u00e3o temas padr\u00e3o desenvolvidos pelo Google e oferecidos aos lojistas PRO da LI. Ou seja, <strong>por R$49,90 por m\u00eas<\/strong> al\u00e9m de todos os benef\u00edcios de ser assinante PRO da Loja Integrada, voc\u00ea ter\u00e1 \u00e0 sua disposi\u00e7\u00e3o quatro temas incr\u00edveis para caprichar no visual da sua loja virtual.&nbsp;<\/p>\n\n\n\n<p><strong>As op\u00e7\u00f5es de temas dispon\u00edveis s\u00e3o as seguintes:<\/strong><\/p>\n\n\n\n<p>\u27a1\ufe0f <a href=\"https:\/\/google-tema-1.lojaintegrada.com.br\/\">Vitrine Geral 1 &#8211; Tema Mix de Imagens<\/a><\/p>\n\n\n\n<p>\u27a1\ufe0f <a href=\"https:\/\/google-tema-2.lojaintegrada.com.br\/\">Vitrine Geral 2 &#8211; Tema Cantos Arredondados<\/a><\/p>\n\n\n\n<p>\u27a1\ufe0f <a href=\"https:\/\/google-tema-3.lojaintegrada.com.br\/\">Vitrine Geral 3 &#8211; Tema Mosaico<\/a><\/p>\n\n\n\n<p>\u27a1\ufe0f <a href=\"https:\/\/tema-4-lojistas-pro.lojaintegrada.com.br\/\">Vitrine Geral 4 &#8211; Tema Tecnologia &amp; Eletr\u00f4nicos <\/a><\/p>\n\n\n\n<p><\/p>\n\n\n\n<p>Al\u00e9m de reduzir os custos, outra vantagem deste tipo de layout \u00e9 o tempo de implementa\u00e7\u00e3o. Com ele, \u00e9 poss\u00edvel colocar sua loja no ar mais r\u00e1pido, se comparado a um layout personalizado.<\/p>\n\n\n\n<p>Por outro lado, quando falamos em<a href=\"https:\/\/lojaintegrada.com.br/hub\/\/dicas-para-escolher-layout\/\"> escolher um layout<\/a> personalizado, as vantagens tamb\u00e9m s\u00e3o in\u00fameras. Com esta op\u00e7\u00e3o, \u00e9 poss\u00edvel ter algumas funcionalidades espec\u00edficas para sua loja que muitas vezes um tema padr\u00e3o n\u00e3o permite. Como as p\u00e1ginas s\u00e3o criadas do zero, meio que o c\u00e9u \u00e9 o limite e voc\u00ea pode pensar em um modelo pr\u00f3prio pra sua loja virtual.&nbsp;<\/p>\n\n\n\n<p><strong>Lembre-se!<\/strong> Tudo vai depender do momento que seu neg\u00f3cio est\u00e1 vivendo e quanto voc\u00ea pode investir.&nbsp;<\/p>\n\n\n\n<p>Como a primeira impress\u00e3o \u00e9 a que fica, fizemos<a href=\"https:\/\/lojaintegrada.com.br/hub\/\/dicas-para-escolher-layout\/\"> este conte\u00fado<\/a> incr\u00edvel com dicas incr\u00edveis para voc\u00ea escolher a cara da sua loja virtual.<\/p>\n\n\n\n<h3 class=\"wp-block-heading\" id=\"h-a-experi-ncia-do-usu-rio\"><strong>A experi\u00eancia do usu\u00e1rio<\/strong><\/h3>\n\n\n\n<p>Seja qual for sua escolha, um tema padr\u00e3o ou layout personalizado deve ser responsivo, ou seja, deve permitir que o usu\u00e1rio consiga completar a compra sem nenhuma dificuldade. Isso vale para qualquer dispositivo, seja celular, tablet ou computador.<\/p>\n\n\n\n<p>Ali\u00e1s, trabalhar com uma boa experi\u00eancia do usu\u00e1rio, de forma simples e otimizada, vai aumentar suas chances de conquistar mais clientes. Ou seja, sua loja deve proporcionar uma navega\u00e7\u00e3o intuitiva, em que o cliente n\u00e3o encontre problemas at\u00e9 efetuar a compra. Neste caso, est\u00e9tica e funcionalidade precisam andar de m\u00e3os dadas.<\/p>\n\n\n\n<p>Al\u00e9m disso, voc\u00ea tamb\u00e9m precisa dar aten\u00e7\u00e3o para a organiza\u00e7\u00e3o da sua loja. Imagine em uma loja f\u00edsica, onde tudo est\u00e1 misturado e voc\u00ea n\u00e3o consegue encontrar o que procura?<\/p>\n\n\n\n<p>No ecommerce \u00e9 muito parecido. Se h\u00e1 excesso ou falta de informa\u00e7\u00f5es ou, at\u00e9 mesmo se os bot\u00f5es de navega\u00e7\u00e3o n\u00e3o funcionam perfeitamente, o cliente provavelmente sair\u00e1 da sua loja para procurar por outra que proporcione uma experi\u00eancia melhor. E \u00e9 justamente isso que voc\u00ea precisa evitar.<\/p>\n\n\n\n<p>Por isso, opte por um tema padr\u00e3o ou layout personalizado que ofere\u00e7a as melhores funcionalidades para seu consumidor e que ajude a aumentar a convers\u00e3o na sua loja. Teste, pe\u00e7a opini\u00e3o das outras pessoas, e comece a vender agora mesmo na sua loja virtual.<\/p>\n\n\n\n<h3 class=\"wp-block-heading\" id=\"h-conclus-o\"><strong>Conclus\u00e3o<\/strong><\/h3>\n\n\n\n<p>Se voc\u00ea chegou at\u00e9 aqui, significa que j\u00e1 est\u00e1 bem informado sobre como escolher entre o tema padr\u00e3o ou layout personalizado. Al\u00e9m disso, n\u00e3o \u00e9 somente do layout que o sucesso da sua loja depende. Desempenho e dedica\u00e7\u00e3o s\u00e3o ferramentas essenciais para ter os melhores resultados em vendas.<\/p>\n\n\n\n<p>E com essa proje\u00e7\u00e3o incr\u00edvel para 2022, \u00e9 hora de colocar a m\u00e3o na massa e montar seu ecommerce agora mesmo com a Loja Integrada. Junte-se a mais de 2 milh\u00f5es de lojas, inspire-se em todos os nossos<a href=\"https:\/\/lojaintegrada.com.br\/cases\/\" target=\"_blank\" rel=\"noreferrer noopener\"> cases de sucesso<\/a> e seja dona ou dono do seu pr\u00f3prio neg\u00f3cio.<\/p>\n\n\n\n<p>Confira outros conte\u00fados do nosso blog e continue aprendendo sobre aspectos importantes para o visual da sua loja. Aproveite e comece lendo agora mesmo o conte\u00fado \u201c<a href=\"https:\/\/lojaintegrada.com.br/hub\/\/banner-para-loja-virtual\/\" target=\"_blank\" rel=\"noreferrer noopener\">Aprenda a criar banners para sua loja virtual<\/a>\u201d.<\/p>\n","protected":false},"excerpt":{"rendered":"<p>Optar por um tema padr\u00e3o ou layout personalizado para seu ecommerce depende de v\u00e1rios fatores. Saiba quais s\u00e3o neste conte\u00fado. Para quem quer come\u00e7ar, ou deseja renovar sua loja virtual, existem muitas escolhas a serem feitas, e uma delas \u00e9 sobre usar um tema padr\u00e3o ou layout personalizado. Tanto um quanto outro se referem a [&hellip;]<\/p>\n","protected":false},"author":65,"featured_media":36269,"comment_status":"closed","ping_status":"open","sticky":false,"template":"","format":"standard","meta":{"content-type":"","two_page_speed":[],"footnotes":""},"categories":[2816,2814],"tags":[137,167],"class_list":["post-36259","post","type-post","status-publish","format-standard","has-post-thumbnail","hentry","category-criacao-e-operacao","category-marketing-e-vendas","tag-layout-da-loja-virtual","tag-primeiros-passos-no-ecommerce"],"yoast_head":"<!-- This site is optimized with the Yoast SEO plugin v23.9 - https:\/\/yoast.com\/wordpress\/plugins\/seo\/ -->\n<title>Tema padr\u00e3o ou layout personalizado, qual usar na loja virtual?<\/title>\n<meta name=\"description\" content=\"Escolher por um tema padr\u00e3o ou layout personalizado para seu ecommerce depende de v\u00e1rios fatores. Saiba quais s\u00e3o neste conte\u00fado!\" \/>\n<meta name=\"robots\" content=\"index, follow, max-snippet:-1, max-image-preview:large, max-video-preview:-1\" \/>\n<link rel=\"canonical\" href=\"https:\/\/lojaintegrada.com.br/hub\/tema-padrao-ou-layout-personalizado\/\" \/>\n<meta property=\"og:locale\" content=\"pt_BR\" \/>\n<meta property=\"og:type\" content=\"article\" \/>\n<meta property=\"og:title\" content=\"Tema padr\u00e3o ou layout personalizado, qual usar na loja virtual?\" \/>\n<meta property=\"og:description\" content=\"Escolher por um tema padr\u00e3o ou layout personalizado para seu ecommerce depende de v\u00e1rios fatores. Saiba quais s\u00e3o neste conte\u00fado!\" \/>\n<meta property=\"og:url\" content=\"https:\/\/lojaintegrada.com.br/hub\/tema-padrao-ou-layout-personalizado\/\" \/>\n<meta property=\"og:site_name\" content=\"Blog da Loja Integrada\" \/>\n<meta property=\"article:published_time\" content=\"2022-03-18T18:31:00+00:00\" \/>\n<meta property=\"article:modified_time\" content=\"2022-06-15T19:24:25+00:00\" \/>\n<meta property=\"og:image\" content=\"https:\/\/lojaintegrada.com.br/hub\/wp-content\/uploads\/2022\/03\/Tema-padrao-ou-layout-personalizado.png\" \/>\n\t<meta property=\"og:image:width\" content=\"650\" \/>\n\t<meta property=\"og:image:height\" content=\"350\" \/>\n\t<meta property=\"og:image:type\" content=\"image\/png\" \/>\n<meta name=\"author\" content=\"Gabriel Melo\" \/>\n<meta name=\"twitter:card\" content=\"summary_large_image\" \/>\n<meta name=\"twitter:label1\" content=\"Escrito por\" \/>\n\t<meta name=\"twitter:data1\" content=\"Gabriel Melo\" \/>\n\t<meta name=\"twitter:label2\" content=\"Est. tempo de leitura\" \/>\n\t<meta name=\"twitter:data2\" content=\"7 minutos\" \/>\n<script type=\"application\/ld+json\" class=\"yoast-schema-graph\">{\"@context\":\"https:\/\/schema.org\",\"@graph\":[{\"@type\":[\"Article\",\"BlogPosting\"],\"@id\":\"https:\/\/lojaintegrada.com.br/hub\/tema-padrao-ou-layout-personalizado\/#article\",\"isPartOf\":{\"@id\":\"https:\/\/lojaintegrada.com.br/hub\/tema-padrao-ou-layout-personalizado\/\"},\"author\":{\"name\":\"Gabriel Melo\",\"@id\":\"https:\/\/lojaintegrada.com.br/hub\/#\/schema\/person\/c79ea037d2c2e5bf998b0ec429f0c58c\"},\"headline\":\"Tema padr\u00e3o ou layout personalizado, qual usar na loja virtual?\",\"datePublished\":\"2022-03-18T18:31:00+00:00\",\"dateModified\":\"2022-06-15T19:24:25+00:00\",\"mainEntityOfPage\":{\"@id\":\"https:\/\/lojaintegrada.com.br/hub\/tema-padrao-ou-layout-personalizado\/\"},\"wordCount\":1305,\"publisher\":{\"@id\":\"https:\/\/lojaintegrada.com.br/hub\/#organization\"},\"image\":{\"@id\":\"https:\/\/lojaintegrada.com.br/hub\/tema-padrao-ou-layout-personalizado\/#primaryimage\"},\"thumbnailUrl\":\"https:\/\/lojaintegrada.com.br/hub\/wp-content\/uploads\/2022\/03\/Tema-padrao-ou-layout-personalizado.png\",\"keywords\":[\"Layout da loja virtual\",\"Primeiros passos no ecommerce\"],\"articleSection\":[\"Cria\u00e7\u00e3o e Opera\u00e7\u00e3o\",\"Marketing e Vendas\"],\"inLanguage\":\"pt-BR\"},{\"@type\":\"WebPage\",\"@id\":\"https:\/\/lojaintegrada.com.br/hub\/tema-padrao-ou-layout-personalizado\/\",\"url\":\"https:\/\/lojaintegrada.com.br/hub\/tema-padrao-ou-layout-personalizado\/\",\"name\":\"Tema padr\u00e3o ou layout personalizado, qual usar na loja virtual?\",\"isPartOf\":{\"@id\":\"https:\/\/lojaintegrada.com.br/hub\/#website\"},\"primaryImageOfPage\":{\"@id\":\"https:\/\/lojaintegrada.com.br/hub\/tema-padrao-ou-layout-personalizado\/#primaryimage\"},\"image\":{\"@id\":\"https:\/\/lojaintegrada.com.br/hub\/tema-padrao-ou-layout-personalizado\/#primaryimage\"},\"thumbnailUrl\":\"https:\/\/lojaintegrada.com.br/hub\/wp-content\/uploads\/2022\/03\/Tema-padrao-ou-layout-personalizado.png\",\"datePublished\":\"2022-03-18T18:31:00+00:00\",\"dateModified\":\"2022-06-15T19:24:25+00:00\",\"description\":\"Escolher por um tema padr\u00e3o ou layout personalizado para seu ecommerce depende de v\u00e1rios fatores. Saiba quais s\u00e3o neste conte\u00fado!\",\"breadcrumb\":{\"@id\":\"https:\/\/lojaintegrada.com.br/hub\/tema-padrao-ou-layout-personalizado\/#breadcrumb\"},\"inLanguage\":\"pt-BR\",\"potentialAction\":[{\"@type\":\"ReadAction\",\"target\":[\"https:\/\/lojaintegrada.com.br/hub\/tema-padrao-ou-layout-personalizado\/\"]}]},{\"@type\":\"ImageObject\",\"inLanguage\":\"pt-BR\",\"@id\":\"https:\/\/lojaintegrada.com.br/hub\/tema-padrao-ou-layout-personalizado\/#primaryimage\",\"url\":\"https:\/\/lojaintegrada.com.br/hub\/wp-content\/uploads\/2022\/03\/Tema-padrao-ou-layout-personalizado.png\",\"contentUrl\":\"https:\/\/lojaintegrada.com.br/hub\/wp-content\/uploads\/2022\/03\/Tema-padrao-ou-layout-personalizado.png\",\"width\":650,\"height\":350,\"caption\":\"Tema padr\u00e3o ou layout personalizado\"},{\"@type\":\"BreadcrumbList\",\"@id\":\"https:\/\/lojaintegrada.com.br/hub\/tema-padrao-ou-layout-personalizado\/#breadcrumb\",\"itemListElement\":[{\"@type\":\"ListItem\",\"position\":1,\"name\":\"In\u00edcio\",\"item\":\"https:\/\/lojaintegrada.com.br/hub\/\"},{\"@type\":\"ListItem\",\"position\":2,\"name\":\"Tema padr\u00e3o ou layout personalizado, qual usar na loja virtual?\"}]},{\"@type\":\"WebSite\",\"@id\":\"https:\/\/lojaintegrada.com.br/hub\/#website\",\"url\":\"https:\/\/lojaintegrada.com.br/hub\/\",\"name\":\"Blog da Loja Integrada\",\"description\":\"Conte\u00fado para ecommerce\",\"publisher\":{\"@id\":\"https:\/\/lojaintegrada.com.br/hub\/#organization\"},\"potentialAction\":[{\"@type\":\"SearchAction\",\"target\":{\"@type\":\"EntryPoint\",\"urlTemplate\":\"https:\/\/lojaintegrada.com.br/hub\/?s={search_term_string}\"},\"query-input\":{\"@type\":\"PropertyValueSpecification\",\"valueRequired\":true,\"valueName\":\"search_term_string\"}}],\"inLanguage\":\"pt-BR\"},{\"@type\":\"Organization\",\"@id\":\"https:\/\/lojaintegrada.com.br/hub\/#organization\",\"name\":\"Loja Integrada\",\"url\":\"https:\/\/lojaintegrada.com.br/hub\/\",\"logo\":{\"@type\":\"ImageObject\",\"inLanguage\":\"pt-BR\",\"@id\":\"https:\/\/lojaintegrada.com.br/hub\/#\/schema\/logo\/image\/\",\"url\":\"https:\/\/lojaintegrada.com.br/hub\/wp-content\/uploads\/2022\/05\/Loja-Integrada-RGB-Flat-Fundo-Branco-LOGO.png\",\"contentUrl\":\"https:\/\/lojaintegrada.com.br/hub\/wp-content\/uploads\/2022\/05\/Loja-Integrada-RGB-Flat-Fundo-Branco-LOGO.png\",\"width\":1394,\"height\":209,\"caption\":\"Loja Integrada\"},\"image\":{\"@id\":\"https:\/\/lojaintegrada.com.br/hub\/#\/schema\/logo\/image\/\"}},{\"@type\":\"Person\",\"@id\":\"https:\/\/lojaintegrada.com.br/hub\/#\/schema\/person\/c79ea037d2c2e5bf998b0ec429f0c58c\",\"name\":\"Gabriel Melo\",\"image\":{\"@type\":\"ImageObject\",\"inLanguage\":\"pt-BR\",\"@id\":\"https:\/\/lojaintegrada.com.br/hub\/#\/schema\/person\/image\/\",\"url\":\"https:\/\/secure.gravatar.com\/avatar\/24bc8fb89176abd49ed271e80392591455b1986d3b9e2e64a918c9a2ea087010?s=96&d=mm&r=g\",\"contentUrl\":\"https:\/\/secure.gravatar.com\/avatar\/24bc8fb89176abd49ed271e80392591455b1986d3b9e2e64a918c9a2ea087010?s=96&d=mm&r=g\",\"caption\":\"Gabriel Melo\"},\"description\":\"Product Marketing Manager da Loja Integrada - Especialista em fazer ideias e construir o futuro das vendas digitais na Loja Integrada.\"}]}<\/script>\n<!-- \/ Yoast SEO plugin. -->","yoast_head_json":{"title":"Tema padr\u00e3o ou layout personalizado, qual usar na loja virtual?","description":"Escolher por um tema padr\u00e3o ou layout personalizado para seu ecommerce depende de v\u00e1rios fatores. Saiba quais s\u00e3o neste conte\u00fado!","robots":{"index":"index","follow":"follow","max-snippet":"max-snippet:-1","max-image-preview":"max-image-preview:large","max-video-preview":"max-video-preview:-1"},"canonical":"https:\/\/lojaintegrada.com.br/hub\/tema-padrao-ou-layout-personalizado\/","og_locale":"pt_BR","og_type":"article","og_title":"Tema padr\u00e3o ou layout personalizado, qual usar na loja virtual?","og_description":"Escolher por um tema padr\u00e3o ou layout personalizado para seu ecommerce depende de v\u00e1rios fatores. Saiba quais s\u00e3o neste conte\u00fado!","og_url":"https:\/\/lojaintegrada.com.br/hub\/tema-padrao-ou-layout-personalizado\/","og_site_name":"Blog da Loja Integrada","article_published_time":"2022-03-18T18:31:00+00:00","article_modified_time":"2022-06-15T19:24:25+00:00","og_image":[{"width":650,"height":350,"url":"https:\/\/lojaintegrada.com.br/hub\/wp-content\/uploads\/2022\/03\/Tema-padrao-ou-layout-personalizado.png","type":"image\/png"}],"author":"Gabriel Melo","twitter_card":"summary_large_image","twitter_misc":{"Escrito por":"Gabriel Melo","Est. tempo de leitura":"7 minutos"},"schema":{"@context":"https:\/\/schema.org","@graph":[{"@type":["Article","BlogPosting"],"@id":"https:\/\/lojaintegrada.com.br/hub\/tema-padrao-ou-layout-personalizado\/#article","isPartOf":{"@id":"https:\/\/lojaintegrada.com.br/hub\/tema-padrao-ou-layout-personalizado\/"},"author":{"name":"Gabriel Melo","@id":"https:\/\/lojaintegrada.com.br/hub\/#\/schema\/person\/c79ea037d2c2e5bf998b0ec429f0c58c"},"headline":"Tema padr\u00e3o ou layout personalizado, qual usar na loja virtual?","datePublished":"2022-03-18T18:31:00+00:00","dateModified":"2022-06-15T19:24:25+00:00","mainEntityOfPage":{"@id":"https:\/\/lojaintegrada.com.br/hub\/tema-padrao-ou-layout-personalizado\/"},"wordCount":1305,"publisher":{"@id":"https:\/\/lojaintegrada.com.br/hub\/#organization"},"image":{"@id":"https:\/\/lojaintegrada.com.br/hub\/tema-padrao-ou-layout-personalizado\/#primaryimage"},"thumbnailUrl":"https:\/\/lojaintegrada.com.br/hub\/wp-content\/uploads\/2022\/03\/Tema-padrao-ou-layout-personalizado.png","keywords":["Layout da loja virtual","Primeiros passos no ecommerce"],"articleSection":["Cria\u00e7\u00e3o e Opera\u00e7\u00e3o","Marketing e Vendas"],"inLanguage":"pt-BR"},{"@type":"WebPage","@id":"https:\/\/lojaintegrada.com.br/hub\/tema-padrao-ou-layout-personalizado\/","url":"https:\/\/lojaintegrada.com.br/hub\/tema-padrao-ou-layout-personalizado\/","name":"Tema padr\u00e3o ou layout personalizado, qual usar na loja virtual?","isPartOf":{"@id":"https:\/\/lojaintegrada.com.br/hub\/#website"},"primaryImageOfPage":{"@id":"https:\/\/lojaintegrada.com.br/hub\/tema-padrao-ou-layout-personalizado\/#primaryimage"},"image":{"@id":"https:\/\/lojaintegrada.com.br/hub\/tema-padrao-ou-layout-personalizado\/#primaryimage"},"thumbnailUrl":"https:\/\/lojaintegrada.com.br/hub\/wp-content\/uploads\/2022\/03\/Tema-padrao-ou-layout-personalizado.png","datePublished":"2022-03-18T18:31:00+00:00","dateModified":"2022-06-15T19:24:25+00:00","description":"Escolher por um tema padr\u00e3o ou layout personalizado para seu ecommerce depende de v\u00e1rios fatores. Saiba quais s\u00e3o neste conte\u00fado!","breadcrumb":{"@id":"https:\/\/lojaintegrada.com.br/hub\/tema-padrao-ou-layout-personalizado\/#breadcrumb"},"inLanguage":"pt-BR","potentialAction":[{"@type":"ReadAction","target":["https:\/\/lojaintegrada.com.br/hub\/tema-padrao-ou-layout-personalizado\/"]}]},{"@type":"ImageObject","inLanguage":"pt-BR","@id":"https:\/\/lojaintegrada.com.br/hub\/tema-padrao-ou-layout-personalizado\/#primaryimage","url":"https:\/\/lojaintegrada.com.br/hub\/wp-content\/uploads\/2022\/03\/Tema-padrao-ou-layout-personalizado.png","contentUrl":"https:\/\/lojaintegrada.com.br/hub\/wp-content\/uploads\/2022\/03\/Tema-padrao-ou-layout-personalizado.png","width":650,"height":350,"caption":"Tema padr\u00e3o ou layout personalizado"},{"@type":"BreadcrumbList","@id":"https:\/\/lojaintegrada.com.br/hub\/tema-padrao-ou-layout-personalizado\/#breadcrumb","itemListElement":[{"@type":"ListItem","position":1,"name":"In\u00edcio","item":"https:\/\/lojaintegrada.com.br/hub\/"},{"@type":"ListItem","position":2,"name":"Tema padr\u00e3o ou layout personalizado, qual usar na loja virtual?"}]},{"@type":"WebSite","@id":"https:\/\/lojaintegrada.com.br/hub\/#website","url":"https:\/\/lojaintegrada.com.br/hub\/","name":"Blog da Loja Integrada","description":"Conte\u00fado para ecommerce","publisher":{"@id":"https:\/\/lojaintegrada.com.br/hub\/#organization"},"potentialAction":[{"@type":"SearchAction","target":{"@type":"EntryPoint","urlTemplate":"https:\/\/lojaintegrada.com.br/hub\/?s={search_term_string}"},"query-input":{"@type":"PropertyValueSpecification","valueRequired":true,"valueName":"search_term_string"}}],"inLanguage":"pt-BR"},{"@type":"Organization","@id":"https:\/\/lojaintegrada.com.br/hub\/#organization","name":"Loja Integrada","url":"https:\/\/lojaintegrada.com.br/hub\/","logo":{"@type":"ImageObject","inLanguage":"pt-BR","@id":"https:\/\/lojaintegrada.com.br/hub\/#\/schema\/logo\/image\/","url":"https:\/\/lojaintegrada.com.br/hub\/wp-content\/uploads\/2022\/05\/Loja-Integrada-RGB-Flat-Fundo-Branco-LOGO.png","contentUrl":"https:\/\/lojaintegrada.com.br/hub\/wp-content\/uploads\/2022\/05\/Loja-Integrada-RGB-Flat-Fundo-Branco-LOGO.png","width":1394,"height":209,"caption":"Loja Integrada"},"image":{"@id":"https:\/\/lojaintegrada.com.br/hub\/#\/schema\/logo\/image\/"}},{"@type":"Person","@id":"https:\/\/lojaintegrada.com.br/hub\/#\/schema\/person\/c79ea037d2c2e5bf998b0ec429f0c58c","name":"Gabriel Melo","image":{"@type":"ImageObject","inLanguage":"pt-BR","@id":"https:\/\/lojaintegrada.com.br/hub\/#\/schema\/person\/image\/","url":"https:\/\/secure.gravatar.com\/avatar\/24bc8fb89176abd49ed271e80392591455b1986d3b9e2e64a918c9a2ea087010?s=96&d=mm&r=g","contentUrl":"https:\/\/secure.gravatar.com\/avatar\/24bc8fb89176abd49ed271e80392591455b1986d3b9e2e64a918c9a2ea087010?s=96&d=mm&r=g","caption":"Gabriel Melo"},"description":"Product Marketing Manager da Loja Integrada - Especialista em fazer ideias e construir o futuro das vendas digitais na Loja Integrada."}]}},"_links":{"self":[{"href":"https:\/\/lojaintegrada.com.br/hub\/wp-json\/wp\/v2\/posts\/36259","targetHints":{"allow":["GET"]}}],"collection":[{"href":"https:\/\/lojaintegrada.com.br/hub\/wp-json\/wp\/v2\/posts"}],"about":[{"href":"https:\/\/lojaintegrada.com.br/hub\/wp-json\/wp\/v2\/types\/post"}],"author":[{"embeddable":true,"href":"https:\/\/lojaintegrada.com.br/hub\/wp-json\/wp\/v2\/users\/65"}],"replies":[{"embeddable":true,"href":"https:\/\/lojaintegrada.com.br/hub\/wp-json\/wp\/v2\/comments?post=36259"}],"version-history":[{"count":0,"href":"https:\/\/lojaintegrada.com.br/hub\/wp-json\/wp\/v2\/posts\/36259\/revisions"}],"wp:featuredmedia":[{"embeddable":true,"href":"https:\/\/lojaintegrada.com.br/hub\/wp-json\/wp\/v2\/media\/36269"}],"wp:attachment":[{"href":"https:\/\/lojaintegrada.com.br/hub\/wp-json\/wp\/v2\/media?parent=36259"}],"wp:term":[{"taxonomy":"category","embeddable":true,"href":"https:\/\/lojaintegrada.com.br/hub\/wp-json\/wp\/v2\/categories?post=36259"},{"taxonomy":"post_tag","embeddable":true,"href":"https:\/\/lojaintegrada.com.br/hub\/wp-json\/wp\/v2\/tags?post=36259"}],"curies":[{"name":"wp","href":"https:\/\/api.w.org\/{rel}","templated":true}]}}