{"id":35383,"date":"2021-11-19T08:00:00","date_gmt":"2021-11-19T11:00:00","guid":{"rendered":"https:\/\/lojaintegrada.com.br/hub\/\/?p=35383"},"modified":"2023-03-17T15:46:18","modified_gmt":"2023-03-17T18:46:18","slug":"loja-integrada-gratis","status":"publish","type":"post","link":"https:\/\/lojaintegrada.com.br/hub\/loja-integrada-gratis\/","title":{"rendered":"A Loja Integrada \u00e9 gr\u00e1tis mesmo?"},"content":{"rendered":"\n<p class=\"wp-block-paragraph\">Voc\u00ea provavelmente est\u00e1 pesquisando bastante pra <strong>abrir sua loja virtual<\/strong> e quer saber se a <strong>Loja Integrada \u00e9 gr\u00e1tis mesmo<\/strong>. Ent\u00e3o, preparamos esse conte\u00fado que explica tudo, tintim-por-tin-tin sobre a plataforma e responde a essa pergunta que n\u00e3o quer calar: a plataforma da <strong>Loja Integrada \u00e9 gr\u00e1tis de verdade<\/strong>?&nbsp;<\/p>\n\n\n\n<p class=\"wp-block-paragraph\">Vamos come\u00e7ar falando um pouco sobre o que \u00e9 a Loja Integrada, logo em seguida vamos falar como a plataforma funciona, se ela \u00e9 gratuita ou n\u00e3o, se voc\u00ea precisa ter CNPJ para abrir sua loja virtual e um passo a passo para criar seu ecoomerce na Loja Integrada.<\/p>\n\n\n\n<p class=\"wp-block-paragraph\">Ent\u00e3o, bora come\u00e7ar!<\/p>\n\n\n\n<p class=\"wp-block-paragraph\"><\/p>\n\n\n\n<h2 class=\"wp-block-heading\" id=\"h-o-que-a-loja-integrada\">O que \u00e9 a Loja Integrada?<\/h2>\n\n\n\n<p class=\"wp-block-paragraph\"><\/p>\n\n\n\n<p class=\"wp-block-paragraph\">A Loja Integrada \u00e9 uma <strong>plataforma para cria\u00e7\u00e3o de ecommerce<\/strong>. Al\u00e9m da cria\u00e7\u00e3o, a partir dela \u00e9 poss\u00edvel fazer toda a gest\u00e3o de uma loja virtual. Ou seja, a Loja Integrada, ou LI como a gente gosta de chamar, te ajuda a tirar uma ideia do papel e transform\u00e1-la em neg\u00f3cio na internet.<\/p>\n\n\n\n<p class=\"wp-block-paragraph\">A LI re\u00fane <strong>ferramentas e integra\u00e7\u00f5es super necess\u00e1rias<\/strong> pra gerenciar uma loja virtual de um jeito bem f\u00e1cil e muito completo. A plataforma da Loja Integrada \u00e9 boa pra quem t\u00e1 come\u00e7ando e pra quem j\u00e1 vende na internet. Isso porque, as integra\u00e7\u00f5es d\u00e3o aquela for\u00e7a em toda a gest\u00e3o e ajudam a loja virtual a vender a be\u00e7a.<\/p>\n\n\n\n<p class=\"wp-block-paragraph\">Desde o cadastro dos produtos na plataforma, formas de envio, meios de pagamento, divulga\u00e7\u00e3o, at\u00e9 o p\u00f3s-venda. Voc\u00ea consegue fazer tudo a partir da LI.&nbsp;<\/p>\n\n\n\n<p class=\"wp-block-paragraph\">N\u00e3o \u00e9 \u00e0 toa que a <strong>Loja Integrada \u00e9 a plataforma para ecommerce mais escolhida no Brasil<\/strong>: at\u00e9 hoje, mais de 2 milh\u00f5es de pessoas empreendedoras j\u00e1 come\u00e7aram suas jornadas no mundo das vendas online com ajuda da gente.&nbsp;<\/p>\n\n\n\n<p class=\"wp-block-paragraph\">Um bom exemplo disso \u00e9 o Jhonatan Teixeira, fundador e CEO da <a href=\"https:\/\/www.oncube.com.br\/\">On Cube<\/a>.<\/p>\n\n\n\n<div class=\"wp-block-columns is-layout-flex wp-container-core-columns-is-layout-8f761849 wp-block-columns-is-layout-flex\">\n<div class=\"wp-block-column is-layout-flow wp-block-column-is-layout-flow\"><div class=\"wp-block-image\">\n<figure class=\"aligncenter size-full is-resized\"><a href=\"https:\/\/lojaintegrada.com.br/hub\/\/wp-content\/uploads\/2021\/11\/Duplicate-Layer.webp\"><img fetchpriority=\"high\" decoding=\"async\" src=\"https:\/\/lojaintegrada.com.br/hub\/\/wp-content\/uploads\/2021\/11\/Duplicate-Layer.webp\" alt=\"\" class=\"wp-image-35387\" width=\"368\" height=\"325\" srcset=\"https:\/\/lojaintegrada.com.br/hub\/wp-content\/uploads\/2021\/11\/Duplicate-Layer.webp 490w, https:\/\/lojaintegrada.com.br/hub\/wp-content\/uploads\/2021\/11\/Duplicate-Layer-300x265.webp 300w\" sizes=\"(max-width: 368px) 100vw, 368px\" \/><\/a><\/figure>\n<\/div>\n\n\n<div class=\"wp-block-buttons is-horizontal is-content-justification-center is-layout-flex wp-container-core-buttons-is-layout-7d812b4c wp-block-buttons-is-layout-flex\">\n<div class=\"wp-block-button\"><a class=\"wp-block-button__link has-background wp-element-button\" href=\"https:\/\/criar.lojaintegrada.com.br\/crie-sua-loja?utm_source=blog&amp;utm_medium=referral&amp;utm_campaign=li_estatico_novos-leads_aberta_mkt_ff-material\" style=\"background-color:#2bc4c3\">Criar meu ecommerce tamb\u00e9m<\/a><\/div>\n<\/div>\n<\/div>\n\n\n\n<div class=\"wp-block-column is-layout-flow wp-block-column-is-layout-flow\">\n<p class=\"has-text-color wp-block-paragraph\" style=\"color:#371e56\"><strong>Jhonatan Teixeira,<br>Fundador e CEO da On Cube<\/strong><\/p>\n\n\n\n<p class=\"wp-block-paragraph\">&#8220;Em 2013 fundei a On Cube e vendia s\u00f3 pelo Mercado Livre. Vi que o neg\u00f3cio podia evoluir, mas eu me sentia preso ao marketplace.<br><br>Quando conheci a Loja Integrada.&nbsp;<strong>Criei a minha pr\u00f3pria loja online, sem dificuldades<\/strong>. Hoje, al\u00e9m das vendas do meu ecommerce, que s\u00e3o muito mais vantajosas para mim, vendo tamb\u00e9m em v\u00e1rios outros marketplaces, todos com estoque, gest\u00e3o e frete integrados gra\u00e7as \u00e0s ferramentas dos parceiros que a LI tem.&#8221;<\/p>\n<\/div>\n<\/div>\n\n\n\n<h2 class=\"wp-block-heading\" id=\"h-afinal-a-loja-integrada-gr-tis-mesmo\">Afinal, a Loja Integrada \u00e9 gr\u00e1tis mesmo?<\/h2>\n\n\n\n<p class=\"wp-block-paragraph\"><\/p>\n\n\n\n<p class=\"wp-block-paragraph\">Sim, <strong>a Loja Integrada \u00e9 gr\u00e1tis<\/strong> de verdade! Quem est\u00e1 come\u00e7ando no ecommerce e, talvez n\u00e3o tenha tanta experi\u00eancia, pode <strong>criar uma loja virtual na Loja Integrada sem pagar nada<\/strong>.&nbsp;<\/p>\n\n\n\n<p class=\"wp-block-paragraph\">E com o tempo, \u00e0 medida que a sua loja virtual vai crescendo, aumentando o n\u00famero de vendas e de visitantes, vai ser necess\u00e1rio acrescentar mais recursos, quando isso acontecer, voc\u00ea pode contratar um dos<a href=\"https:\/\/lojaintegrada.com.br/hub\/\/planos-pro\/\"> nossos planos PRO<\/a>.<\/p>\n\n\n\n<p class=\"wp-block-paragraph\">Antes de a gente falar sobre os nossos planos, vale lembrar que n e n h u m dos nossos planos te cobra por vendas. Isso mesmo! <strong>Na Loja Integrada voc\u00ea n\u00e3o paga comiss\u00e3o por vendas<\/strong>. Ou seja, voc\u00ea paga o valor da mensalidade e nada mais. Assim fica f\u00e1cil prever seus gastos, n\u00e9?<br><br>\u00c9 importante lembrar que a Loja Integrada tem um monte de ag\u00eancias parceiras e empresas de tecnologia certificadas que oferecem milhares de servi\u00e7os adicionais \u2013 mas s\u00f3 os que voc\u00ea quiser! Esses, sim, s\u00e3o pagos \u00e0 parte pra cada uma dessas empresas, ta?<\/p>\n\n\n\n<h3 class=\"wp-block-heading\" id=\"h-confira-os-detalhes-dos-nossos-planos\">Confira os detalhes dos nossos planos:<\/h3>\n\n\n\n<p class=\"wp-block-paragraph\"><strong>Gr\u00e1tis<\/strong>: oferece a possibilidade de cadastrar at\u00e9 50 produtos, um limite de at\u00e9 5 mil visitas por m\u00eas, um usu\u00e1rio e suporte via chatbot.<br><\/p>\n\n\n\n<p class=\"wp-block-paragraph\"><strong>PRO 1 <\/strong>&#8211; R$49,00: permite cadastrar at\u00e9 100 produtos, tem um limite de 10 mil visitas mensais, um usu\u00e1rio e o suporte \u00e9 feito por pessoas<br><\/p>\n\n\n\n<p class=\"wp-block-paragraph\"><strong>PRO 2 <\/strong>&#8211; R$99,00: permite cadastrar at\u00e9 300 produtos, tem um limite de 20 mil visitas por m\u00eas,&nbsp; dois usu\u00e1rios e o suporte \u00e9 feito por pessoas<br><\/p>\n\n\n\n<p class=\"wp-block-paragraph\"><strong>PRO 3 <\/strong>&#8211; R$199,00: permite cadastrar um n\u00famero ilimitado de produtos, tem um limite de 30 mil visitas por m\u00eas,&nbsp; tr\u00eas usu\u00e1rios e o atendimento \u00e9 feito por pessoas<br><\/p>\n\n\n\n<p class=\"wp-block-paragraph\"><strong>PRO 4<\/strong> &#8211; R$399,00: permite cadastrar um n\u00famero ilimitado de produtos, bem como um n\u00famero ilimitado de visitas por m\u00eas e usu\u00e1rios, o suporte feito por pessoas.<\/p>\n\n\n\n<p class=\"wp-block-paragraph\"><strong>PRO MAX<\/strong> &#8211; R$499,00: oferece tudo que o plano PRO 4 j\u00e1 oferece, com o diferencial de oferecer a integra\u00e7\u00e3o com Plugg.to, Enviou e Frenet inclusos.<\/p>\n\n\n\n<p class=\"wp-block-paragraph\"><\/p>\n\n\n\n<h2 class=\"wp-block-heading\" id=\"h-preciso-ter-cnpj-pra-abrir-um-ecommerce\">Preciso ter CNPJ pra abrir um ecommerce?<\/h2>\n\n\n\n<p class=\"wp-block-paragraph\">Agora que voc\u00ea j\u00e1 sabe um pouco mais sobre a LI, vamos conversar sobre um assunto bem importante pra quem quer come\u00e7ar uma loja virtual. Afinal, voc\u00ea pode abrir um ecommerce sem CNPJ??<\/p>\n\n\n\n<p class=\"wp-block-paragraph\">Sim, <strong>\u00e9 poss\u00edvel come\u00e7ar uma loja virtual apenas com CPF<\/strong>. Inclusive aqui na LI. Mas \u00e9 importante levar algumas coisas em considera\u00e7\u00e3o.<\/p>\n\n\n\n<p class=\"wp-block-paragraph\">Mesmo que seja poss\u00edvel come\u00e7ar um ecommerce apenas com seu CPF, todo neg\u00f3cio precisa estar registrado como pessoa jur\u00eddica. E, ao contr\u00e1rio do que muitos pensam, isso n\u00e3o significa mais impostos ou burocracia. Pelo contr\u00e1rio! Como pessoa f\u00edsica operando um neg\u00f3cio, \u00e9 poss\u00edvel que voc\u00ea acabe pagando mais imposto do que como uma pessoa jur\u00eddica, sabia?<\/p>\n\n\n\n<p class=\"wp-block-paragraph\">Al\u00e9m disso, existem alguns regimes tribut\u00e1rios especiais e dispon\u00edveis pros pequenos empreendedores, que facilitam o recolhimento dos impostos e possuem carga tribut\u00e1ria reduzida.<\/p>\n\n\n\n<p class=\"wp-block-paragraph\">Tamb\u00e9m vale dizer que <strong>abrir um CNPJ proporciona mais profissionalismo e seriedade ao seu neg\u00f3cio<\/strong>, fazendo com que voc\u00ea tenha melhores chances de negocia\u00e7\u00e3o com fornecedores e acabe aumentando a confian\u00e7a do p\u00fablico. Bom, n\u00e9??<\/p>\n\n\n\n<p class=\"wp-block-paragraph\">Aqui no Blog j\u00e1 compartilhamos um conte\u00fado completo sobre esse assunto, inclusive com as vantagens de ter uma loja virtual como pessoa jur\u00eddica. N\u00e3o deixe de conferir!<\/p>\n\n\n<div class=\"wp-block-image\">\n<figure class=\"aligncenter size-full is-resized\"><a href=\"https:\/\/lojaintegrada.com.br/hub\/\/pessoa-fisica-ou-juridica\/\"><img decoding=\"async\" src=\"https:\/\/lojaintegrada.com.br/hub\/\/wp-content\/uploads\/2021\/11\/pra-ecommerce-e-melhor-ser-pessoa-fisica-ou-juridica.png\" alt=\"\" class=\"wp-image-35386\" width=\"600\" height=\"225\" srcset=\"https:\/\/lojaintegrada.com.br/hub\/wp-content\/uploads\/2021\/11\/pra-ecommerce-e-melhor-ser-pessoa-fisica-ou-juridica.png 800w, https:\/\/lojaintegrada.com.br/hub\/wp-content\/uploads\/2021\/11\/pra-ecommerce-e-melhor-ser-pessoa-fisica-ou-juridica-768x288.png 768w\" sizes=\"(max-width: 600px) 100vw, 600px\" \/><\/a><\/figure>\n<\/div>\n\n\n<h2 class=\"wp-block-heading\" id=\"h-passo-a-passo-para-criar-sua-loja-virtual\">Passo a passo para criar sua loja virtual<\/h2>\n\n\n\n<p class=\"wp-block-paragraph\">Agora que voc\u00ea j\u00e1 sabe que d\u00e1 para come\u00e7ar seu ecommerce de gra\u00e7a e j\u00e1 conhece tudo sobre a Loja Integrada, que tal aprender o passo a passo e come\u00e7ar hoje mesmo?<\/p>\n\n\n\n<p class=\"wp-block-paragraph\">\u27a1\ufe0f <a href=\"https:\/\/criar.lojaintegrada.com.br\/crie-sua-loja?utm_source=blog&amp;utm_medium=referral&amp;utm_campaign=li_estatico_novos-leads_aberta_mkt_ff-material\">Crie a loja online<\/a>: o cadastro \u00e9 r\u00e1pido e simples.<\/p>\n\n\n\n<p class=\"wp-block-paragraph\">\u27a1\ufe0f Insira produtos: agora \u00e9 hora de inserir os produtos que voc\u00ea vai vender e detalhes como fotos, pre\u00e7os e descri\u00e7\u00e3o.<\/p>\n\n\n\n<p class=\"wp-block-paragraph\">\u27a1\ufe0f Configure: defina meios de pagamento, envio, dom\u00ednio etc.<\/p>\n\n\n\n<p class=\"wp-block-paragraph\">\u27a1\ufe0f Personalize: escolha um dos temas prontos, se desejar, e deixe tudo com a sua cara.<\/p>\n\n\n\n<p class=\"wp-block-paragraph\">\u27a1\ufe0f Dom\u00ednio: configure e comece a usar seu site para vender.<\/p>\n\n\n\n<p class=\"wp-block-paragraph\"><strong>Pronto! Agora \u00e9 s\u00f3 correr pro abra\u00e7o, ou melhor, pras vendas!<\/strong>??<\/p>\n","protected":false},"excerpt":{"rendered":"<p>Voc\u00ea provavelmente est\u00e1 pesquisando bastante pra abrir sua loja virtual e quer saber se a Loja Integrada \u00e9 gr\u00e1tis mesmo. Ent\u00e3o, preparamos esse conte\u00fado que explica tudo, tintim-por-tin-tin sobre a plataforma e responde a essa pergunta que n\u00e3o quer calar: a plataforma da Loja Integrada \u00e9 gr\u00e1tis de verdade?&nbsp; Vamos come\u00e7ar falando um pouco sobre [&hellip;]<\/p>\n","protected":false},"author":77,"featured_media":35388,"comment_status":"open","ping_status":"open","sticky":false,"template":"","format":"standard","meta":{"content-type":"","two_page_speed":[],"footnotes":""},"categories":[2822],"tags":[324],"class_list":["post-35383","post","type-post","status-publish","format-standard","has-post-thumbnail","hentry","category-institucional","tag-artigo"],"yoast_head":"<!-- This site is optimized with the Yoast SEO plugin v28.0 - https:\/\/yoast.com\/product\/yoast-seo-wordpress\/ -->\n<title>A Loja Integrada \u00e9 gr\u00e1tis mesmo?<\/title>\n<meta name=\"description\" content=\"Quer saber se a plataforma da Loja Integrada \u00e9 gr\u00e1tis mesmo? A resposta \u00e9 sim! :) Acesse o Blog e confira os detalhes pra abrir seu ecommerce\" \/>\n<meta name=\"robots\" content=\"index, follow, max-snippet:-1, max-image-preview:large, max-video-preview:-1\" \/>\n<link rel=\"canonical\" href=\"https:\/\/lojaintegrada.com.br/hub\/loja-integrada-gratis\/\" \/>\n<meta property=\"og:locale\" content=\"pt_BR\" \/>\n<meta property=\"og:type\" content=\"article\" \/>\n<meta property=\"og:title\" content=\"A Loja Integrada \u00e9 gr\u00e1tis mesmo?\" \/>\n<meta property=\"og:description\" content=\"Quer saber se a plataforma da Loja Integrada \u00e9 gr\u00e1tis mesmo? A resposta \u00e9 sim! :) Acesse o Blog e confira os detalhes pra abrir seu ecommerce\" \/>\n<meta property=\"og:url\" content=\"https:\/\/lojaintegrada.com.br/hub\/loja-integrada-gratis\/\" \/>\n<meta property=\"og:site_name\" content=\"Blog da Loja Integrada\" \/>\n<meta property=\"article:published_time\" content=\"2021-11-19T11:00:00+00:00\" \/>\n<meta property=\"article:modified_time\" content=\"2023-03-17T18:46:18+00:00\" \/>\n<meta property=\"og:image\" content=\"https:\/\/lojaintegrada.com.br/hub\/wp-content\/uploads\/2021\/11\/a-loja-integrada-e-gratis.png\" \/>\n\t<meta property=\"og:image:width\" content=\"650\" \/>\n\t<meta property=\"og:image:height\" content=\"350\" \/>\n\t<meta property=\"og:image:type\" content=\"image\/png\" \/>\n<meta name=\"author\" content=\"Thalita Sigler\" \/>\n<meta name=\"twitter:card\" content=\"summary_large_image\" \/>\n<meta name=\"twitter:label1\" content=\"Escrito por\" \/>\n\t<meta name=\"twitter:data1\" content=\"Thalita Sigler\" \/>\n\t<meta name=\"twitter:label2\" content=\"Est. tempo de leitura\" \/>\n\t<meta name=\"twitter:data2\" content=\"7 minutos\" \/>\n<script type=\"application\/ld+json\" class=\"yoast-schema-graph\">{\"@context\":\"https:\\\/\\\/schema.org\",\"@graph\":[{\"@type\":[\"Article\",\"BlogPosting\"],\"@id\":\"https:\\\/\\\/lojaintegrada.com.br/hub\\\/loja-integrada-gratis\\\/#article\",\"isPartOf\":{\"@id\":\"https:\\\/\\\/lojaintegrada.com.br/hub\\\/loja-integrada-gratis\\\/\"},\"author\":{\"name\":\"Thalita Sigler\",\"@id\":\"https:\\\/\\\/lojaintegrada.com.br/hub\\\/#\\\/schema\\\/person\\\/61729458b3bdc9637f499acc6de9df17\"},\"headline\":\"A Loja Integrada \u00e9 gr\u00e1tis mesmo?\",\"datePublished\":\"2021-11-19T11:00:00+00:00\",\"dateModified\":\"2023-03-17T18:46:18+00:00\",\"mainEntityOfPage\":{\"@id\":\"https:\\\/\\\/lojaintegrada.com.br/hub\\\/loja-integrada-gratis\\\/\"},\"wordCount\":1114,\"commentCount\":0,\"publisher\":{\"@id\":\"https:\\\/\\\/lojaintegrada.com.br/hub\\\/#organization\"},\"image\":{\"@id\":\"https:\\\/\\\/lojaintegrada.com.br/hub\\\/loja-integrada-gratis\\\/#primaryimage\"},\"thumbnailUrl\":\"https:\\\/\\\/lojaintegrada.com.br/hub\\\/wp-content\\\/uploads\\\/2021\\\/11\\\/a-loja-integrada-e-gratis.png\",\"keywords\":[\"Artigo\"],\"articleSection\":[\"Institucional\"],\"inLanguage\":\"pt-BR\",\"potentialAction\":[{\"@type\":\"CommentAction\",\"name\":\"Comment\",\"target\":[\"https:\\\/\\\/lojaintegrada.com.br/hub\\\/loja-integrada-gratis\\\/#respond\"]}]},{\"@type\":\"WebPage\",\"@id\":\"https:\\\/\\\/lojaintegrada.com.br/hub\\\/loja-integrada-gratis\\\/\",\"url\":\"https:\\\/\\\/lojaintegrada.com.br/hub\\\/loja-integrada-gratis\\\/\",\"name\":\"A Loja Integrada \u00e9 gr\u00e1tis mesmo?\",\"isPartOf\":{\"@id\":\"https:\\\/\\\/lojaintegrada.com.br/hub\\\/#website\"},\"primaryImageOfPage\":{\"@id\":\"https:\\\/\\\/lojaintegrada.com.br/hub\\\/loja-integrada-gratis\\\/#primaryimage\"},\"image\":{\"@id\":\"https:\\\/\\\/lojaintegrada.com.br/hub\\\/loja-integrada-gratis\\\/#primaryimage\"},\"thumbnailUrl\":\"https:\\\/\\\/lojaintegrada.com.br/hub\\\/wp-content\\\/uploads\\\/2021\\\/11\\\/a-loja-integrada-e-gratis.png\",\"datePublished\":\"2021-11-19T11:00:00+00:00\",\"dateModified\":\"2023-03-17T18:46:18+00:00\",\"description\":\"Quer saber se a plataforma da Loja Integrada \u00e9 gr\u00e1tis mesmo? A resposta \u00e9 sim! :) Acesse o Blog e confira os detalhes pra abrir seu ecommerce\",\"breadcrumb\":{\"@id\":\"https:\\\/\\\/lojaintegrada.com.br/hub\\\/loja-integrada-gratis\\\/#breadcrumb\"},\"inLanguage\":\"pt-BR\",\"potentialAction\":[{\"@type\":\"ReadAction\",\"target\":[\"https:\\\/\\\/lojaintegrada.com.br/hub\\\/loja-integrada-gratis\\\/\"]}]},{\"@type\":\"ImageObject\",\"inLanguage\":\"pt-BR\",\"@id\":\"https:\\\/\\\/lojaintegrada.com.br/hub\\\/loja-integrada-gratis\\\/#primaryimage\",\"url\":\"https:\\\/\\\/lojaintegrada.com.br/hub\\\/wp-content\\\/uploads\\\/2021\\\/11\\\/a-loja-integrada-e-gratis.png\",\"contentUrl\":\"https:\\\/\\\/lojaintegrada.com.br/hub\\\/wp-content\\\/uploads\\\/2021\\\/11\\\/a-loja-integrada-e-gratis.png\",\"width\":650,\"height\":350},{\"@type\":\"BreadcrumbList\",\"@id\":\"https:\\\/\\\/lojaintegrada.com.br/hub\\\/loja-integrada-gratis\\\/#breadcrumb\",\"itemListElement\":[{\"@type\":\"ListItem\",\"position\":1,\"name\":\"In\u00edcio\",\"item\":\"https:\\\/\\\/lojaintegrada.com.br/hub\\\/\"},{\"@type\":\"ListItem\",\"position\":2,\"name\":\"A Loja Integrada \u00e9 gr\u00e1tis mesmo?\"}]},{\"@type\":\"WebSite\",\"@id\":\"https:\\\/\\\/lojaintegrada.com.br/hub\\\/#website\",\"url\":\"https:\\\/\\\/lojaintegrada.com.br/hub\\\/\",\"name\":\"Blog da Loja Integrada\",\"description\":\"Conte\u00fado para ecommerce\",\"publisher\":{\"@id\":\"https:\\\/\\\/lojaintegrada.com.br/hub\\\/#organization\"},\"potentialAction\":[{\"@type\":\"SearchAction\",\"target\":{\"@type\":\"EntryPoint\",\"urlTemplate\":\"https:\\\/\\\/lojaintegrada.com.br/hub\\\/?s={search_term_string}\"},\"query-input\":{\"@type\":\"PropertyValueSpecification\",\"valueRequired\":true,\"valueName\":\"search_term_string\"}}],\"inLanguage\":\"pt-BR\"},{\"@type\":\"Organization\",\"@id\":\"https:\\\/\\\/lojaintegrada.com.br/hub\\\/#organization\",\"name\":\"Loja Integrada\",\"url\":\"https:\\\/\\\/lojaintegrada.com.br/hub\\\/\",\"logo\":{\"@type\":\"ImageObject\",\"inLanguage\":\"pt-BR\",\"@id\":\"https:\\\/\\\/lojaintegrada.com.br/hub\\\/#\\\/schema\\\/logo\\\/image\\\/\",\"url\":\"https:\\\/\\\/lojaintegrada.com.br/hub\\\/wp-content\\\/uploads\\\/2022\\\/05\\\/Loja-Integrada-RGB-Flat-Fundo-Branco-LOGO.png\",\"contentUrl\":\"https:\\\/\\\/lojaintegrada.com.br/hub\\\/wp-content\\\/uploads\\\/2022\\\/05\\\/Loja-Integrada-RGB-Flat-Fundo-Branco-LOGO.png\",\"width\":1394,\"height\":209,\"caption\":\"Loja Integrada\"},\"image\":{\"@id\":\"https:\\\/\\\/lojaintegrada.com.br/hub\\\/#\\\/schema\\\/logo\\\/image\\\/\"}},{\"@type\":\"Person\",\"@id\":\"https:\\\/\\\/lojaintegrada.com.br/hub\\\/#\\\/schema\\\/person\\\/61729458b3bdc9637f499acc6de9df17\",\"name\":\"Thalita Sigler\",\"image\":{\"@type\":\"ImageObject\",\"inLanguage\":\"pt-BR\",\"@id\":\"https:\\\/\\\/secure.gravatar.com\\\/avatar\\\/1e1d246952810fe582a3b878cb90972ea9e54848cf531fefc6185a5c03f6d8a8?s=96&d=mm&r=g\",\"url\":\"https:\\\/\\\/secure.gravatar.com\\\/avatar\\\/1e1d246952810fe582a3b878cb90972ea9e54848cf531fefc6185a5c03f6d8a8?s=96&d=mm&r=g\",\"contentUrl\":\"https:\\\/\\\/secure.gravatar.com\\\/avatar\\\/1e1d246952810fe582a3b878cb90972ea9e54848cf531fefc6185a5c03f6d8a8?s=96&d=mm&r=g\",\"caption\":\"Thalita Sigler\"},\"description\":\"Comunic\u00f3loga, especialista em marketing digital, que descobriu no ecommerce um mundo a ser explorado!\"}]}<\/script>\n<!-- \/ Yoast SEO plugin. -->","yoast_head_json":{"title":"A Loja Integrada \u00e9 gr\u00e1tis mesmo?","description":"Quer saber se a plataforma da Loja Integrada \u00e9 gr\u00e1tis mesmo? A resposta \u00e9 sim! :) Acesse o Blog e confira os detalhes pra abrir seu ecommerce","robots":{"index":"index","follow":"follow","max-snippet":"max-snippet:-1","max-image-preview":"max-image-preview:large","max-video-preview":"max-video-preview:-1"},"canonical":"https:\/\/lojaintegrada.com.br/hub\/loja-integrada-gratis\/","og_locale":"pt_BR","og_type":"article","og_title":"A Loja Integrada \u00e9 gr\u00e1tis mesmo?","og_description":"Quer saber se a plataforma da Loja Integrada \u00e9 gr\u00e1tis mesmo? A resposta \u00e9 sim! :) Acesse o Blog e confira os detalhes pra abrir seu ecommerce","og_url":"https:\/\/lojaintegrada.com.br/hub\/loja-integrada-gratis\/","og_site_name":"Blog da Loja Integrada","article_published_time":"2021-11-19T11:00:00+00:00","article_modified_time":"2023-03-17T18:46:18+00:00","og_image":[{"width":650,"height":350,"url":"https:\/\/lojaintegrada.com.br/hub\/wp-content\/uploads\/2021\/11\/a-loja-integrada-e-gratis.png","type":"image\/png"}],"author":"Thalita Sigler","twitter_card":"summary_large_image","twitter_misc":{"Escrito por":"Thalita Sigler","Est. tempo de leitura":"7 minutos"},"schema":{"@context":"https:\/\/schema.org","@graph":[{"@type":["Article","BlogPosting"],"@id":"https:\/\/lojaintegrada.com.br/hub\/loja-integrada-gratis\/#article","isPartOf":{"@id":"https:\/\/lojaintegrada.com.br/hub\/loja-integrada-gratis\/"},"author":{"name":"Thalita Sigler","@id":"https:\/\/lojaintegrada.com.br/hub\/#\/schema\/person\/61729458b3bdc9637f499acc6de9df17"},"headline":"A Loja Integrada \u00e9 gr\u00e1tis mesmo?","datePublished":"2021-11-19T11:00:00+00:00","dateModified":"2023-03-17T18:46:18+00:00","mainEntityOfPage":{"@id":"https:\/\/lojaintegrada.com.br/hub\/loja-integrada-gratis\/"},"wordCount":1114,"commentCount":0,"publisher":{"@id":"https:\/\/lojaintegrada.com.br/hub\/#organization"},"image":{"@id":"https:\/\/lojaintegrada.com.br/hub\/loja-integrada-gratis\/#primaryimage"},"thumbnailUrl":"https:\/\/lojaintegrada.com.br/hub\/wp-content\/uploads\/2021\/11\/a-loja-integrada-e-gratis.png","keywords":["Artigo"],"articleSection":["Institucional"],"inLanguage":"pt-BR","potentialAction":[{"@type":"CommentAction","name":"Comment","target":["https:\/\/lojaintegrada.com.br/hub\/loja-integrada-gratis\/#respond"]}]},{"@type":"WebPage","@id":"https:\/\/lojaintegrada.com.br/hub\/loja-integrada-gratis\/","url":"https:\/\/lojaintegrada.com.br/hub\/loja-integrada-gratis\/","name":"A Loja Integrada \u00e9 gr\u00e1tis mesmo?","isPartOf":{"@id":"https:\/\/lojaintegrada.com.br/hub\/#website"},"primaryImageOfPage":{"@id":"https:\/\/lojaintegrada.com.br/hub\/loja-integrada-gratis\/#primaryimage"},"image":{"@id":"https:\/\/lojaintegrada.com.br/hub\/loja-integrada-gratis\/#primaryimage"},"thumbnailUrl":"https:\/\/lojaintegrada.com.br/hub\/wp-content\/uploads\/2021\/11\/a-loja-integrada-e-gratis.png","datePublished":"2021-11-19T11:00:00+00:00","dateModified":"2023-03-17T18:46:18+00:00","description":"Quer saber se a plataforma da Loja Integrada \u00e9 gr\u00e1tis mesmo? A resposta \u00e9 sim! :) Acesse o Blog e confira os detalhes pra abrir seu ecommerce","breadcrumb":{"@id":"https:\/\/lojaintegrada.com.br/hub\/loja-integrada-gratis\/#breadcrumb"},"inLanguage":"pt-BR","potentialAction":[{"@type":"ReadAction","target":["https:\/\/lojaintegrada.com.br/hub\/loja-integrada-gratis\/"]}]},{"@type":"ImageObject","inLanguage":"pt-BR","@id":"https:\/\/lojaintegrada.com.br/hub\/loja-integrada-gratis\/#primaryimage","url":"https:\/\/lojaintegrada.com.br/hub\/wp-content\/uploads\/2021\/11\/a-loja-integrada-e-gratis.png","contentUrl":"https:\/\/lojaintegrada.com.br/hub\/wp-content\/uploads\/2021\/11\/a-loja-integrada-e-gratis.png","width":650,"height":350},{"@type":"BreadcrumbList","@id":"https:\/\/lojaintegrada.com.br/hub\/loja-integrada-gratis\/#breadcrumb","itemListElement":[{"@type":"ListItem","position":1,"name":"In\u00edcio","item":"https:\/\/lojaintegrada.com.br/hub\/"},{"@type":"ListItem","position":2,"name":"A Loja Integrada \u00e9 gr\u00e1tis mesmo?"}]},{"@type":"WebSite","@id":"https:\/\/lojaintegrada.com.br/hub\/#website","url":"https:\/\/lojaintegrada.com.br/hub\/","name":"Blog da Loja Integrada","description":"Conte\u00fado para ecommerce","publisher":{"@id":"https:\/\/lojaintegrada.com.br/hub\/#organization"},"potentialAction":[{"@type":"SearchAction","target":{"@type":"EntryPoint","urlTemplate":"https:\/\/lojaintegrada.com.br/hub\/?s={search_term_string}"},"query-input":{"@type":"PropertyValueSpecification","valueRequired":true,"valueName":"search_term_string"}}],"inLanguage":"pt-BR"},{"@type":"Organization","@id":"https:\/\/lojaintegrada.com.br/hub\/#organization","name":"Loja Integrada","url":"https:\/\/lojaintegrada.com.br/hub\/","logo":{"@type":"ImageObject","inLanguage":"pt-BR","@id":"https:\/\/lojaintegrada.com.br/hub\/#\/schema\/logo\/image\/","url":"https:\/\/lojaintegrada.com.br/hub\/wp-content\/uploads\/2022\/05\/Loja-Integrada-RGB-Flat-Fundo-Branco-LOGO.png","contentUrl":"https:\/\/lojaintegrada.com.br/hub\/wp-content\/uploads\/2022\/05\/Loja-Integrada-RGB-Flat-Fundo-Branco-LOGO.png","width":1394,"height":209,"caption":"Loja Integrada"},"image":{"@id":"https:\/\/lojaintegrada.com.br/hub\/#\/schema\/logo\/image\/"}},{"@type":"Person","@id":"https:\/\/lojaintegrada.com.br/hub\/#\/schema\/person\/61729458b3bdc9637f499acc6de9df17","name":"Thalita Sigler","image":{"@type":"ImageObject","inLanguage":"pt-BR","@id":"https:\/\/secure.gravatar.com\/avatar\/1e1d246952810fe582a3b878cb90972ea9e54848cf531fefc6185a5c03f6d8a8?s=96&d=mm&r=g","url":"https:\/\/secure.gravatar.com\/avatar\/1e1d246952810fe582a3b878cb90972ea9e54848cf531fefc6185a5c03f6d8a8?s=96&d=mm&r=g","contentUrl":"https:\/\/secure.gravatar.com\/avatar\/1e1d246952810fe582a3b878cb90972ea9e54848cf531fefc6185a5c03f6d8a8?s=96&d=mm&r=g","caption":"Thalita Sigler"},"description":"Comunic\u00f3loga, especialista em marketing digital, que descobriu no ecommerce um mundo a ser explorado!"}]}},"_links":{"self":[{"href":"https:\/\/lojaintegrada.com.br/hub\/wp-json\/wp\/v2\/posts\/35383","targetHints":{"allow":["GET"]}}],"collection":[{"href":"https:\/\/lojaintegrada.com.br/hub\/wp-json\/wp\/v2\/posts"}],"about":[{"href":"https:\/\/lojaintegrada.com.br/hub\/wp-json\/wp\/v2\/types\/post"}],"author":[{"embeddable":true,"href":"https:\/\/lojaintegrada.com.br/hub\/wp-json\/wp\/v2\/users\/77"}],"replies":[{"embeddable":true,"href":"https:\/\/lojaintegrada.com.br/hub\/wp-json\/wp\/v2\/comments?post=35383"}],"version-history":[{"count":0,"href":"https:\/\/lojaintegrada.com.br/hub\/wp-json\/wp\/v2\/posts\/35383\/revisions"}],"wp:featuredmedia":[{"embeddable":true,"href":"https:\/\/lojaintegrada.com.br/hub\/wp-json\/wp\/v2\/media\/35388"}],"wp:attachment":[{"href":"https:\/\/lojaintegrada.com.br/hub\/wp-json\/wp\/v2\/media?parent=35383"}],"wp:term":[{"taxonomy":"category","embeddable":true,"href":"https:\/\/lojaintegrada.com.br/hub\/wp-json\/wp\/v2\/categories?post=35383"},{"taxonomy":"post_tag","embeddable":true,"href":"https:\/\/lojaintegrada.com.br/hub\/wp-json\/wp\/v2\/tags?post=35383"}],"curies":[{"name":"wp","href":"https:\/\/api.w.org\/{rel}","templated":true}]}}