{"id":35183,"date":"2021-10-13T18:07:22","date_gmt":"2021-10-13T21:07:22","guid":{"rendered":"https:\/\/lojaintegrada.com.br/hub\/\/?p=35183"},"modified":"2022-06-16T17:30:22","modified_gmt":"2022-06-16T20:30:22","slug":"pessoa-fisica-ou-juridica","status":"publish","type":"post","link":"https:\/\/lojaintegrada.com.br/hub\/pessoa-fisica-ou-juridica\/","title":{"rendered":"O que \u00e9 melhor pro ecommerce: ser pessoa f\u00edsica ou jur\u00eddica?"},"content":{"rendered":"\n<h4 class=\"wp-block-heading\">Conhe\u00e7a as diferen\u00e7as entre ter uma loja virtual como pessoa f\u00edsica e jur\u00eddica!<\/h4>\n\n\n\n<p>Vender seus produtos pela internet \u00e9 t\u00e3o f\u00e1cil que basta cadastrar seu CPF em uma plataforma pra come\u00e7ar as vendas. Mas, quem quer realmente ter uma loja virtual de sucesso precisa pensar um pouco al\u00e9m e avaliar as possibilidades.<\/p>\n\n\n\n<p>Ter um ecommerce com seu CPF pode n\u00e3o ser a melhor op\u00e7\u00e3o se voc\u00ea quer crescer. <strong>A <\/strong><a href=\"https:\/\/lojaintegrada.com.br/hub\/\/cnpj-para-loja-virtual\/\"><strong>abertura de um CNPJ<\/strong><\/a><strong> \u00e9 o caminho mais indicado<\/strong> \u2014 mesmo que, inicialmente, possa parecer intimidador ou burocr\u00e1tico. Por isso, fizemos este post para te ajudar a enfrentar esses poss\u00edveis medos. Pega na minha m\u00e3o virtual e vem comigo!<\/p>\n\n\n\n<h2 class=\"wp-block-heading\" id=\"h-loja-virtual-pessoa-f-sica-ou-jur-dica\">Loja virtual: pessoa f\u00edsica ou jur\u00eddica?<\/h2>\n\n\n\n<p>O CNPJ \u00e9 o Cadastro Nacional de Pessoa Jur\u00eddica e funciona como se fosse o n\u00famero de identidade de uma empresa.<\/p>\n\n\n\n<p>Mesmo que seja poss\u00edvel se cadastrar em uma plataforma de vendas, como a Loja Integrada, apenas com seu CPF, todo neg\u00f3cio precisa estar registrado como pessoa jur\u00eddica. E, ao contr\u00e1rio do que muitos pensam, isso n\u00e3o significa necessariamente mais impostos ou burocracia. Pelo contr\u00e1rio! Como pessoa f\u00edsica operando um neg\u00f3cio, \u00e9 poss\u00edvel que voc\u00ea acabe pagando mais imposto do que como uma pessoa jur\u00eddica, sabia?<\/p>\n\n\n\n<p>Al\u00e9m disso, existem alguns <strong>regimes tribut\u00e1rios especiais e dispon\u00edveis pros pequenos empreendedores<\/strong>, que facilitam o recolhimento dos impostos e possuem carga tribut\u00e1ria reduzida. Isso estimula a formaliza\u00e7\u00e3o do com\u00e9rcio. Tamb\u00e9m vale mencionar que <strong>abrir uma empresa proporciona mais profissionalismo e seriedade ao seu neg\u00f3cio<\/strong>, fazendo com que voc\u00ea tenha melhores chances de negocia\u00e7\u00e3o com fornecedores e acabe aumentando a confian\u00e7a do p\u00fablico. Bom, n\u00e9??<\/p>\n\n\n\n<h2 class=\"wp-block-heading\" id=\"h-como-registrar-minha-loja-virtual\">Como registrar minha loja virtual?<\/h2>\n\n\n\n<p>Registrar sua loja virtual e abrir seu CNPJ \u00e9 mais simples do que parece. Como um empreendedor individual iniciante, voc\u00ea ter\u00e1 duas op\u00e7\u00f5es de enquadramento tribut\u00e1rio, sendo:<\/p>\n\n\n\n<blockquote class=\"wp-block-quote is-layout-flow wp-block-quote-is-layout-flow\"><p><strong>MEI (Microempreendedor Individual):<\/strong> op\u00e7\u00e3o pra quem tem faturamento anual de at\u00e9 R$ 81 mil. O MEI est\u00e1 isento de pagar PIS e COFINS, e tem seu recolhimento simplificado em uma contribui\u00e7\u00e3o mensal (DAS). O MEI pode ser aberto pela internet no <a href=\"https:\/\/www.gov.br\/empresas-e-negocios\/pt-br\/empreendedor\" target=\"_blank\" rel=\"noreferrer noopener\">Portal do Empreendedor do Governo Federal<\/a>;<br><\/p><p><strong>ME (Microempresa):<\/strong> com faturamento anual at\u00e9 R$ 360 mil, o empreendedor deve se cadastrar como microempresa, contratar um contador e definir seu regime tribut\u00e1rio: Simples Nacional, Lucro Real ou Lucro Presumido.<\/p><\/blockquote>\n\n\n\n<p>Feita a escolha, a pessoa lojista deve registrar a empresa na Junta Comercial da sua cidade. Nesse momento, ser\u00e1 preciso apresentar Contrato Social e registro de nascimento da empresa, que cont\u00eam todas as informa\u00e7\u00f5es sobre a atividade da sua loja virtual.<\/p>\n\n\n\n<p>No caso do <strong>MEI<\/strong>, esse processo \u00e9 feito pelo <strong><a href=\"https:\/\/www.gov.br\/empresas-e-negocios\/pt-br\/empreendedor\/quero-ser-mei\" target=\"_blank\" rel=\"noreferrer noopener\">Portal do Empreendedor<\/a><\/strong>. O Contrato Social informa, por exemplo, o seu ramo de atividade definido por meio dos c\u00f3digos da Classifica\u00e7\u00e3o Nacional de Atividades Econ\u00f4mica (CNAE). Eles indicam o que sua loja pode ou n\u00e3o pode fazer.<\/p>\n\n\n\n<p>Consulte quais s\u00e3o os seus c\u00f3digos, pois essa atividade s\u00f3 poder\u00e1 ser alterada em um pedido formal \u00e0 Junta Comercial. Em ambos os casos, voc\u00ea pode solicitar ou contratar uma consultoria especializada pra te ajudar com o processo. Algumas empresas de contabilidade oferecem a abertura de microempresa de forma gratuita, e o <a href=\"https:\/\/www.sebrae.com.br\/sites\/PortalSebrae\/ufs\/sp\/cursos_eventos\/faca-consultoria-com-os-especialistas-do-sebrae-de-sao-paulo,0c1cf938b2149510VgnVCM1000004c00210aRCRD\" target=\"_blank\" rel=\"noreferrer noopener\"><strong>Sebrae<\/strong><\/a><strong> costuma oferecer consultorias e cursos gratuitos e pagos<\/strong>.<\/p>\n\n\n\n<h2 class=\"wp-block-heading\" id=\"h-quais-s-o-as-vantagens-de-ser-pessoa-jur-dica\">Quais s\u00e3o as vantagens de ser pessoa jur\u00eddica?<\/h2>\n\n\n\n<div class=\"wp-block-image\"><figure class=\"aligncenter size-large\"><img decoding=\"async\" src=\"https:\/\/media.giphy.com\/media\/6EsDfVy42Eiscq0ix2\/giphy.gif\" alt=\"\"\/><\/figure><\/div>\n\n\n\n<p>Se voc\u00ea ainda est\u00e1 na d\u00favida sobre como abrir sua loja virtual, sendo pessoa f\u00edsica ou jur\u00eddica, vamos contar j\u00e1 j\u00e1 as vantagens de ter sua loja com um CNPJ.<\/p>\n\n\n\n<h3 class=\"wp-block-heading\">Menos impostos<\/h3>\n\n\n\n<p>A al\u00edquota do IRPF (imposto para pessoas f\u00edsicas) \u00e9 maior do que aquela pra pessoas jur\u00eddicas. Por exemplo, caso voc\u00ea tenha um faturamento com seu CPF de R$ 10 mil mensais, teria que pagar uma al\u00edquota de 27,5% de IRPF, enquanto uma empresa com essa renda adepta ao Simples Nacional na categoria Com\u00e9rcio pagaria uma al\u00edquota de apenas 4% no IRPJ;<br><\/p>\n\n\n\n<h3 class=\"wp-block-heading\">Mais credibilidade<\/h3>\n\n\n\n<p>O consumidor online \u00e9 mais desconfiado e costuma pesquisar bem sobre uma empresa antes de fazer uma compra. Ter seu pr\u00f3prio CNPJ transmite maior credibilidade aos clientes, deixando-os mais confort\u00e1veis pra fazer uma primeira compra no seu ecommerce<\/p>\n\n\n\n<p><\/p>\n\n\n\n<h3 class=\"wp-block-heading\">Mais cr\u00e9dito e recursos<\/h3>\n\n\n\n<p>Um CNPJ tamb\u00e9m abre portas pra op\u00e7\u00f5es de cr\u00e9dito e outros recursos que sua loja virtual pode precisar para crescer. Isso tamb\u00e9m inclui o acesso a fornecedores que, muitas vezes, podem fazer neg\u00f3cios apenas com outras empresas.<\/p>\n\n\n\n<p><\/p>\n\n\n\n<h2 class=\"wp-block-heading\">Posso usar a Loja Integrada com CPF?<\/h2>\n\n\n\n<p>Sim, voc\u00ea pode <strong>abrir uma loja virtual na Loja Integrada com CPF<\/strong>, mas como comentei ao longo do texto, por mais que voc\u00ea comece seu ecommerce sem CNPJ quando as vendas come\u00e7arem a crescer, voc\u00ea vai precisar registrar sua empresa. <\/p>\n\n\n\n<p>Ent\u00e3o, mesmo que alguns marketplaces ou plataformas permitam que voc\u00ea fa\u00e7a vendas com seu CPF, isso pode limitar o crescimento do seu neg\u00f3cio. <a href=\"https:\/\/lojaintegrada.com.br/hub\/\/do-fisico-para-o-online-criacao-de-loja-virtual-e-primeira-venda-online-em-2-semanas\/\" target=\"_blank\" rel=\"noreferrer noopener\">Abrir seu pr\u00f3prio site de ecommerce<\/a> \u00e9 um \u00f3timo caminho pra ter uma empresa reconhecida e com alto volume de vendas. <strong>E a <\/strong><a href=\"http:\/\/lojaintegrada.com.br\/\" target=\"_blank\" rel=\"noreferrer noopener\"><strong>Loja Integrada<\/strong><\/a><strong> pode te ajudar com isso. Conhe\u00e7a como funcionam <\/strong><a href=\"http:\/\/lojaintegrada.com.br\/planos\/\" target=\"_blank\" rel=\"noreferrer noopener\"><strong>nossos planos<\/strong><\/a><strong> e nossa plataforma!<\/strong><\/p>\n","protected":false},"excerpt":{"rendered":"<p>Conhe\u00e7a as diferen\u00e7as entre ter uma loja virtual como pessoa f\u00edsica e jur\u00eddica! Vender seus produtos pela internet \u00e9 t\u00e3o f\u00e1cil que basta cadastrar seu CPF em uma plataforma pra come\u00e7ar as vendas. Mas, quem quer realmente ter uma loja virtual de sucesso precisa pensar um pouco al\u00e9m e avaliar as possibilidades. Ter um ecommerce [&hellip;]<\/p>\n","protected":false},"author":77,"featured_media":35185,"comment_status":"open","ping_status":"open","sticky":false,"template":"","format":"standard","meta":{"content-type":"","two_page_speed":[],"footnotes":""},"categories":[2815,2816],"tags":[324,81,167],"class_list":["post-35183","post","type-post","status-publish","format-standard","has-post-thumbnail","hentry","category-administracao-e-gestao","category-criacao-e-operacao","tag-artigo","tag-cnpj-para-loja-virtual","tag-primeiros-passos-no-ecommerce"],"yoast_head":"<!-- This site is optimized with the Yoast SEO plugin v23.9 - https:\/\/yoast.com\/wordpress\/plugins\/seo\/ -->\n<title>O que \u00e9 melhor pro ecommerce: ser pessoa f\u00edsica ou jur\u00eddica?<\/title>\n<meta name=\"description\" content=\"Voc\u00ea quer abrir um ecommerce ou j\u00e1 tem loja virtual, mas est\u00e1 na d\u00favida se \u00e9 melhor ser pessoa f\u00edsica ou jur\u00eddica? Tire suas d\u00favidas aqui!\" \/>\n<meta name=\"robots\" content=\"index, follow, max-snippet:-1, max-image-preview:large, max-video-preview:-1\" \/>\n<link rel=\"canonical\" href=\"https:\/\/lojaintegrada.com.br/hub\/pessoa-fisica-ou-juridica\/\" \/>\n<meta property=\"og:locale\" content=\"pt_BR\" \/>\n<meta property=\"og:type\" content=\"article\" \/>\n<meta property=\"og:title\" content=\"O que \u00e9 melhor pro ecommerce: ser pessoa f\u00edsica ou jur\u00eddica?\" \/>\n<meta property=\"og:description\" content=\"Voc\u00ea quer abrir um ecommerce ou j\u00e1 tem loja virtual, mas est\u00e1 na d\u00favida se \u00e9 melhor ser pessoa f\u00edsica ou jur\u00eddica? Tire suas d\u00favidas aqui!\" \/>\n<meta property=\"og:url\" content=\"https:\/\/lojaintegrada.com.br/hub\/pessoa-fisica-ou-juridica\/\" \/>\n<meta property=\"og:site_name\" content=\"Blog da Loja Integrada\" \/>\n<meta property=\"article:published_time\" content=\"2021-10-13T21:07:22+00:00\" \/>\n<meta property=\"article:modified_time\" content=\"2022-06-16T20:30:22+00:00\" \/>\n<meta property=\"og:image\" content=\"https:\/\/lojaintegrada.com.br/hub\/wp-content\/uploads\/2021\/10\/pessoa-fisica-ou-juridica.png\" \/>\n\t<meta property=\"og:image:width\" content=\"650\" \/>\n\t<meta property=\"og:image:height\" content=\"350\" \/>\n\t<meta property=\"og:image:type\" content=\"image\/png\" \/>\n<meta name=\"author\" content=\"Thalita Sigler\" \/>\n<meta name=\"twitter:card\" content=\"summary_large_image\" \/>\n<meta name=\"twitter:label1\" content=\"Escrito por\" \/>\n\t<meta name=\"twitter:data1\" content=\"Thalita Sigler\" \/>\n\t<meta name=\"twitter:label2\" content=\"Est. tempo de leitura\" \/>\n\t<meta name=\"twitter:data2\" content=\"5 minutos\" \/>\n<script type=\"application\/ld+json\" class=\"yoast-schema-graph\">{\"@context\":\"https:\/\/schema.org\",\"@graph\":[{\"@type\":[\"Article\",\"BlogPosting\"],\"@id\":\"https:\/\/lojaintegrada.com.br/hub\/pessoa-fisica-ou-juridica\/#article\",\"isPartOf\":{\"@id\":\"https:\/\/lojaintegrada.com.br/hub\/pessoa-fisica-ou-juridica\/\"},\"author\":{\"name\":\"Thalita Sigler\",\"@id\":\"https:\/\/lojaintegrada.com.br/hub\/#\/schema\/person\/61729458b3bdc9637f499acc6de9df17\"},\"headline\":\"O que \u00e9 melhor pro ecommerce: ser pessoa f\u00edsica ou jur\u00eddica?\",\"datePublished\":\"2021-10-13T21:07:22+00:00\",\"dateModified\":\"2022-06-16T20:30:22+00:00\",\"mainEntityOfPage\":{\"@id\":\"https:\/\/lojaintegrada.com.br/hub\/pessoa-fisica-ou-juridica\/\"},\"wordCount\":884,\"commentCount\":0,\"publisher\":{\"@id\":\"https:\/\/lojaintegrada.com.br/hub\/#organization\"},\"image\":{\"@id\":\"https:\/\/lojaintegrada.com.br/hub\/pessoa-fisica-ou-juridica\/#primaryimage\"},\"thumbnailUrl\":\"https:\/\/lojaintegrada.com.br/hub\/wp-content\/uploads\/2021\/10\/pessoa-fisica-ou-juridica.png\",\"keywords\":[\"Artigo\",\"CNPJ para loja virtual\",\"Primeiros passos no ecommerce\"],\"articleSection\":[\"Administra\u00e7\u00e3o e Gest\u00e3o\",\"Cria\u00e7\u00e3o e Opera\u00e7\u00e3o\"],\"inLanguage\":\"pt-BR\",\"potentialAction\":[{\"@type\":\"CommentAction\",\"name\":\"Comment\",\"target\":[\"https:\/\/lojaintegrada.com.br/hub\/pessoa-fisica-ou-juridica\/#respond\"]}]},{\"@type\":\"WebPage\",\"@id\":\"https:\/\/lojaintegrada.com.br/hub\/pessoa-fisica-ou-juridica\/\",\"url\":\"https:\/\/lojaintegrada.com.br/hub\/pessoa-fisica-ou-juridica\/\",\"name\":\"O que \u00e9 melhor pro ecommerce: ser pessoa f\u00edsica ou jur\u00eddica?\",\"isPartOf\":{\"@id\":\"https:\/\/lojaintegrada.com.br/hub\/#website\"},\"primaryImageOfPage\":{\"@id\":\"https:\/\/lojaintegrada.com.br/hub\/pessoa-fisica-ou-juridica\/#primaryimage\"},\"image\":{\"@id\":\"https:\/\/lojaintegrada.com.br/hub\/pessoa-fisica-ou-juridica\/#primaryimage\"},\"thumbnailUrl\":\"https:\/\/lojaintegrada.com.br/hub\/wp-content\/uploads\/2021\/10\/pessoa-fisica-ou-juridica.png\",\"datePublished\":\"2021-10-13T21:07:22+00:00\",\"dateModified\":\"2022-06-16T20:30:22+00:00\",\"description\":\"Voc\u00ea quer abrir um ecommerce ou j\u00e1 tem loja virtual, mas est\u00e1 na d\u00favida se \u00e9 melhor ser pessoa f\u00edsica ou jur\u00eddica? Tire suas d\u00favidas aqui!\",\"breadcrumb\":{\"@id\":\"https:\/\/lojaintegrada.com.br/hub\/pessoa-fisica-ou-juridica\/#breadcrumb\"},\"inLanguage\":\"pt-BR\",\"potentialAction\":[{\"@type\":\"ReadAction\",\"target\":[\"https:\/\/lojaintegrada.com.br/hub\/pessoa-fisica-ou-juridica\/\"]}]},{\"@type\":\"ImageObject\",\"inLanguage\":\"pt-BR\",\"@id\":\"https:\/\/lojaintegrada.com.br/hub\/pessoa-fisica-ou-juridica\/#primaryimage\",\"url\":\"https:\/\/lojaintegrada.com.br/hub\/wp-content\/uploads\/2021\/10\/pessoa-fisica-ou-juridica.png\",\"contentUrl\":\"https:\/\/lojaintegrada.com.br/hub\/wp-content\/uploads\/2021\/10\/pessoa-fisica-ou-juridica.png\",\"width\":650,\"height\":350,\"caption\":\"pessoa f\u00edsica ou jur\u00eddica\"},{\"@type\":\"BreadcrumbList\",\"@id\":\"https:\/\/lojaintegrada.com.br/hub\/pessoa-fisica-ou-juridica\/#breadcrumb\",\"itemListElement\":[{\"@type\":\"ListItem\",\"position\":1,\"name\":\"In\u00edcio\",\"item\":\"https:\/\/lojaintegrada.com.br/hub\/\"},{\"@type\":\"ListItem\",\"position\":2,\"name\":\"O que \u00e9 melhor pro ecommerce: ser pessoa f\u00edsica ou jur\u00eddica?\"}]},{\"@type\":\"WebSite\",\"@id\":\"https:\/\/lojaintegrada.com.br/hub\/#website\",\"url\":\"https:\/\/lojaintegrada.com.br/hub\/\",\"name\":\"Blog da Loja Integrada\",\"description\":\"Conte\u00fado para ecommerce\",\"publisher\":{\"@id\":\"https:\/\/lojaintegrada.com.br/hub\/#organization\"},\"potentialAction\":[{\"@type\":\"SearchAction\",\"target\":{\"@type\":\"EntryPoint\",\"urlTemplate\":\"https:\/\/lojaintegrada.com.br/hub\/?s={search_term_string}\"},\"query-input\":{\"@type\":\"PropertyValueSpecification\",\"valueRequired\":true,\"valueName\":\"search_term_string\"}}],\"inLanguage\":\"pt-BR\"},{\"@type\":\"Organization\",\"@id\":\"https:\/\/lojaintegrada.com.br/hub\/#organization\",\"name\":\"Loja Integrada\",\"url\":\"https:\/\/lojaintegrada.com.br/hub\/\",\"logo\":{\"@type\":\"ImageObject\",\"inLanguage\":\"pt-BR\",\"@id\":\"https:\/\/lojaintegrada.com.br/hub\/#\/schema\/logo\/image\/\",\"url\":\"https:\/\/lojaintegrada.com.br/hub\/wp-content\/uploads\/2022\/05\/Loja-Integrada-RGB-Flat-Fundo-Branco-LOGO.png\",\"contentUrl\":\"https:\/\/lojaintegrada.com.br/hub\/wp-content\/uploads\/2022\/05\/Loja-Integrada-RGB-Flat-Fundo-Branco-LOGO.png\",\"width\":1394,\"height\":209,\"caption\":\"Loja Integrada\"},\"image\":{\"@id\":\"https:\/\/lojaintegrada.com.br/hub\/#\/schema\/logo\/image\/\"}},{\"@type\":\"Person\",\"@id\":\"https:\/\/lojaintegrada.com.br/hub\/#\/schema\/person\/61729458b3bdc9637f499acc6de9df17\",\"name\":\"Thalita Sigler\",\"image\":{\"@type\":\"ImageObject\",\"inLanguage\":\"pt-BR\",\"@id\":\"https:\/\/lojaintegrada.com.br/hub\/#\/schema\/person\/image\/\",\"url\":\"https:\/\/secure.gravatar.com\/avatar\/1e1d246952810fe582a3b878cb90972ea9e54848cf531fefc6185a5c03f6d8a8?s=96&d=mm&r=g\",\"contentUrl\":\"https:\/\/secure.gravatar.com\/avatar\/1e1d246952810fe582a3b878cb90972ea9e54848cf531fefc6185a5c03f6d8a8?s=96&d=mm&r=g\",\"caption\":\"Thalita Sigler\"},\"description\":\"Comunic\u00f3loga, especialista em marketing digital, que descobriu no ecommerce um mundo a ser explorado!\"}]}<\/script>\n<!-- \/ Yoast SEO plugin. -->","yoast_head_json":{"title":"O que \u00e9 melhor pro ecommerce: ser pessoa f\u00edsica ou jur\u00eddica?","description":"Voc\u00ea quer abrir um ecommerce ou j\u00e1 tem loja virtual, mas est\u00e1 na d\u00favida se \u00e9 melhor ser pessoa f\u00edsica ou jur\u00eddica? Tire suas d\u00favidas aqui!","robots":{"index":"index","follow":"follow","max-snippet":"max-snippet:-1","max-image-preview":"max-image-preview:large","max-video-preview":"max-video-preview:-1"},"canonical":"https:\/\/lojaintegrada.com.br/hub\/pessoa-fisica-ou-juridica\/","og_locale":"pt_BR","og_type":"article","og_title":"O que \u00e9 melhor pro ecommerce: ser pessoa f\u00edsica ou jur\u00eddica?","og_description":"Voc\u00ea quer abrir um ecommerce ou j\u00e1 tem loja virtual, mas est\u00e1 na d\u00favida se \u00e9 melhor ser pessoa f\u00edsica ou jur\u00eddica? Tire suas d\u00favidas aqui!","og_url":"https:\/\/lojaintegrada.com.br/hub\/pessoa-fisica-ou-juridica\/","og_site_name":"Blog da Loja Integrada","article_published_time":"2021-10-13T21:07:22+00:00","article_modified_time":"2022-06-16T20:30:22+00:00","og_image":[{"width":650,"height":350,"url":"https:\/\/lojaintegrada.com.br/hub\/wp-content\/uploads\/2021\/10\/pessoa-fisica-ou-juridica.png","type":"image\/png"}],"author":"Thalita Sigler","twitter_card":"summary_large_image","twitter_misc":{"Escrito por":"Thalita Sigler","Est. tempo de leitura":"5 minutos"},"schema":{"@context":"https:\/\/schema.org","@graph":[{"@type":["Article","BlogPosting"],"@id":"https:\/\/lojaintegrada.com.br/hub\/pessoa-fisica-ou-juridica\/#article","isPartOf":{"@id":"https:\/\/lojaintegrada.com.br/hub\/pessoa-fisica-ou-juridica\/"},"author":{"name":"Thalita Sigler","@id":"https:\/\/lojaintegrada.com.br/hub\/#\/schema\/person\/61729458b3bdc9637f499acc6de9df17"},"headline":"O que \u00e9 melhor pro ecommerce: ser pessoa f\u00edsica ou jur\u00eddica?","datePublished":"2021-10-13T21:07:22+00:00","dateModified":"2022-06-16T20:30:22+00:00","mainEntityOfPage":{"@id":"https:\/\/lojaintegrada.com.br/hub\/pessoa-fisica-ou-juridica\/"},"wordCount":884,"commentCount":0,"publisher":{"@id":"https:\/\/lojaintegrada.com.br/hub\/#organization"},"image":{"@id":"https:\/\/lojaintegrada.com.br/hub\/pessoa-fisica-ou-juridica\/#primaryimage"},"thumbnailUrl":"https:\/\/lojaintegrada.com.br/hub\/wp-content\/uploads\/2021\/10\/pessoa-fisica-ou-juridica.png","keywords":["Artigo","CNPJ para loja virtual","Primeiros passos no ecommerce"],"articleSection":["Administra\u00e7\u00e3o e Gest\u00e3o","Cria\u00e7\u00e3o e Opera\u00e7\u00e3o"],"inLanguage":"pt-BR","potentialAction":[{"@type":"CommentAction","name":"Comment","target":["https:\/\/lojaintegrada.com.br/hub\/pessoa-fisica-ou-juridica\/#respond"]}]},{"@type":"WebPage","@id":"https:\/\/lojaintegrada.com.br/hub\/pessoa-fisica-ou-juridica\/","url":"https:\/\/lojaintegrada.com.br/hub\/pessoa-fisica-ou-juridica\/","name":"O que \u00e9 melhor pro ecommerce: ser pessoa f\u00edsica ou jur\u00eddica?","isPartOf":{"@id":"https:\/\/lojaintegrada.com.br/hub\/#website"},"primaryImageOfPage":{"@id":"https:\/\/lojaintegrada.com.br/hub\/pessoa-fisica-ou-juridica\/#primaryimage"},"image":{"@id":"https:\/\/lojaintegrada.com.br/hub\/pessoa-fisica-ou-juridica\/#primaryimage"},"thumbnailUrl":"https:\/\/lojaintegrada.com.br/hub\/wp-content\/uploads\/2021\/10\/pessoa-fisica-ou-juridica.png","datePublished":"2021-10-13T21:07:22+00:00","dateModified":"2022-06-16T20:30:22+00:00","description":"Voc\u00ea quer abrir um ecommerce ou j\u00e1 tem loja virtual, mas est\u00e1 na d\u00favida se \u00e9 melhor ser pessoa f\u00edsica ou jur\u00eddica? Tire suas d\u00favidas aqui!","breadcrumb":{"@id":"https:\/\/lojaintegrada.com.br/hub\/pessoa-fisica-ou-juridica\/#breadcrumb"},"inLanguage":"pt-BR","potentialAction":[{"@type":"ReadAction","target":["https:\/\/lojaintegrada.com.br/hub\/pessoa-fisica-ou-juridica\/"]}]},{"@type":"ImageObject","inLanguage":"pt-BR","@id":"https:\/\/lojaintegrada.com.br/hub\/pessoa-fisica-ou-juridica\/#primaryimage","url":"https:\/\/lojaintegrada.com.br/hub\/wp-content\/uploads\/2021\/10\/pessoa-fisica-ou-juridica.png","contentUrl":"https:\/\/lojaintegrada.com.br/hub\/wp-content\/uploads\/2021\/10\/pessoa-fisica-ou-juridica.png","width":650,"height":350,"caption":"pessoa f\u00edsica ou jur\u00eddica"},{"@type":"BreadcrumbList","@id":"https:\/\/lojaintegrada.com.br/hub\/pessoa-fisica-ou-juridica\/#breadcrumb","itemListElement":[{"@type":"ListItem","position":1,"name":"In\u00edcio","item":"https:\/\/lojaintegrada.com.br/hub\/"},{"@type":"ListItem","position":2,"name":"O que \u00e9 melhor pro ecommerce: ser pessoa f\u00edsica ou jur\u00eddica?"}]},{"@type":"WebSite","@id":"https:\/\/lojaintegrada.com.br/hub\/#website","url":"https:\/\/lojaintegrada.com.br/hub\/","name":"Blog da Loja Integrada","description":"Conte\u00fado para ecommerce","publisher":{"@id":"https:\/\/lojaintegrada.com.br/hub\/#organization"},"potentialAction":[{"@type":"SearchAction","target":{"@type":"EntryPoint","urlTemplate":"https:\/\/lojaintegrada.com.br/hub\/?s={search_term_string}"},"query-input":{"@type":"PropertyValueSpecification","valueRequired":true,"valueName":"search_term_string"}}],"inLanguage":"pt-BR"},{"@type":"Organization","@id":"https:\/\/lojaintegrada.com.br/hub\/#organization","name":"Loja Integrada","url":"https:\/\/lojaintegrada.com.br/hub\/","logo":{"@type":"ImageObject","inLanguage":"pt-BR","@id":"https:\/\/lojaintegrada.com.br/hub\/#\/schema\/logo\/image\/","url":"https:\/\/lojaintegrada.com.br/hub\/wp-content\/uploads\/2022\/05\/Loja-Integrada-RGB-Flat-Fundo-Branco-LOGO.png","contentUrl":"https:\/\/lojaintegrada.com.br/hub\/wp-content\/uploads\/2022\/05\/Loja-Integrada-RGB-Flat-Fundo-Branco-LOGO.png","width":1394,"height":209,"caption":"Loja Integrada"},"image":{"@id":"https:\/\/lojaintegrada.com.br/hub\/#\/schema\/logo\/image\/"}},{"@type":"Person","@id":"https:\/\/lojaintegrada.com.br/hub\/#\/schema\/person\/61729458b3bdc9637f499acc6de9df17","name":"Thalita Sigler","image":{"@type":"ImageObject","inLanguage":"pt-BR","@id":"https:\/\/lojaintegrada.com.br/hub\/#\/schema\/person\/image\/","url":"https:\/\/secure.gravatar.com\/avatar\/1e1d246952810fe582a3b878cb90972ea9e54848cf531fefc6185a5c03f6d8a8?s=96&d=mm&r=g","contentUrl":"https:\/\/secure.gravatar.com\/avatar\/1e1d246952810fe582a3b878cb90972ea9e54848cf531fefc6185a5c03f6d8a8?s=96&d=mm&r=g","caption":"Thalita Sigler"},"description":"Comunic\u00f3loga, especialista em marketing digital, que descobriu no ecommerce um mundo a ser explorado!"}]}},"_links":{"self":[{"href":"https:\/\/lojaintegrada.com.br/hub\/wp-json\/wp\/v2\/posts\/35183","targetHints":{"allow":["GET"]}}],"collection":[{"href":"https:\/\/lojaintegrada.com.br/hub\/wp-json\/wp\/v2\/posts"}],"about":[{"href":"https:\/\/lojaintegrada.com.br/hub\/wp-json\/wp\/v2\/types\/post"}],"author":[{"embeddable":true,"href":"https:\/\/lojaintegrada.com.br/hub\/wp-json\/wp\/v2\/users\/77"}],"replies":[{"embeddable":true,"href":"https:\/\/lojaintegrada.com.br/hub\/wp-json\/wp\/v2\/comments?post=35183"}],"version-history":[{"count":0,"href":"https:\/\/lojaintegrada.com.br/hub\/wp-json\/wp\/v2\/posts\/35183\/revisions"}],"wp:featuredmedia":[{"embeddable":true,"href":"https:\/\/lojaintegrada.com.br/hub\/wp-json\/wp\/v2\/media\/35185"}],"wp:attachment":[{"href":"https:\/\/lojaintegrada.com.br/hub\/wp-json\/wp\/v2\/media?parent=35183"}],"wp:term":[{"taxonomy":"category","embeddable":true,"href":"https:\/\/lojaintegrada.com.br/hub\/wp-json\/wp\/v2\/categories?post=35183"},{"taxonomy":"post_tag","embeddable":true,"href":"https:\/\/lojaintegrada.com.br/hub\/wp-json\/wp\/v2\/tags?post=35183"}],"curies":[{"name":"wp","href":"https:\/\/api.w.org\/{rel}","templated":true}]}}