{"id":31202,"date":"2021-08-05T11:11:00","date_gmt":"2021-08-05T14:11:00","guid":{"rendered":"https:\/\/lojaintegrada.com.br/hub\/\/?p=31202"},"modified":"2025-05-16T16:56:34","modified_gmt":"2025-05-16T19:56:34","slug":"planos-loja-integrada","status":"publish","type":"post","link":"https:\/\/lojaintegrada.com.br/hub\/planos-loja-integrada\/","title":{"rendered":"Seja lojista na Loja Integrada e tenha recursos para crescer"},"content":{"rendered":"\n<p>Muitos empreendedores que decidem transformar uma ideia em realidade e <strong>abrir uma loja virtual <\/strong>come\u00e7am essa jornada sozinhos. Eles assumem todas as responsabilidades do neg\u00f3cio, desde o cadastro de produtos at\u00e9 o atendimento p\u00f3s-venda. Nessas horas, contar com uma ajuda especializada pode fazer toda a diferen\u00e7a. Pensando nisso, a <strong>Loja Integrada<\/strong> oferece uma <a href=\"https:\/\/lojaintegrada.com.br\/planos\/\">variedade de planos<\/a> que acompanham o crescimento do seu neg\u00f3cio. <\/p>\n\n\n\n<p>Desde op\u00e7\u00f5es gratuitas para quem est\u00e1 come\u00e7ando at\u00e9 planos mais completos para quem busca expandir suas opera\u00e7\u00f5es, todos contam com recursos f\u00e1ceis de usar e que otimizam o dia a dia de quem tem um e-commerce.<\/p>\n\n\n\n<p>Ou seja, al\u00e9m de ser moleza montar uma loja virtual na Loja Integrada, a plataforma tamb\u00e9m oferece recursos e integra\u00e7\u00f5es que ajudam a turbinar os seus resultados.&nbsp;<\/p>\n\n\n\n<p>Ah, e vale lembrar que a Loja Integrada tem um monte de ag\u00eancias parceiras e empresas de tecnologia certificadas que te oferecem mais de mil servi\u00e7os adicionais &#8211; mas s\u00f3 os que voc\u00ea quiser! Esses, sim, s\u00e3o pagos \u00e0 parte pra cada uma dessas empresas, t\u00e1?<\/p>\n\n\n\n<p>Outro ponto importante, caso voc\u00ea n\u00e3o se sinta confort\u00e1vel ainda pra ter um plano pago mais robusto, o plano gr\u00e1tis n\u00e3o tem prazo pra terminar &#8211; voc\u00ea escolhe um plano pago s\u00f3 quando quiser ter acesso a todas as vantagens adicionais. ?<\/p>\n\n\n<div class=\"wp-block-image\">\n<figure class=\"aligncenter size-large\"><img decoding=\"async\" src=\"https:\/\/media.giphy.com\/media\/DZZS4rGy4blDtY3ccN\/giphy.gif\" alt=\"\"\/><\/figure>\n<\/div>\n\n\n<h2 class=\"wp-block-heading\"> <br><strong>Benef\u00edcios em contratar um plano da Loja Integrada<\/strong><\/h2>\n\n\n\n<p>Abrir uma loja virtual com a Loja Integrada \u00e9 come\u00e7ar com o p\u00e9 direito. Nossa plataforma foi feita para simplificar a jornada de quem quer vender online, com recursos que acompanham o seu crescimento \u2014 do primeiro clique at\u00e9 a consolida\u00e7\u00e3o do neg\u00f3cio.<\/p>\n\n\n\n<h3 class=\"wp-block-heading\"><strong>Variedade de planos para diferentes perfis<\/strong><\/h3>\n\n\n\n<p>Voc\u00ea pode come\u00e7ar com um plano gratuito e, conforme sua loja cresce, migrar para uma op\u00e7\u00e3o mais completa. Todos os planos oferecem estrutura profissional e o mesmo painel intuitivo \u2014 o que muda s\u00e3o os recursos que se adaptam ao momento do seu neg\u00f3cio.<\/p>\n\n\n\n<ul class=\"wp-block-list\">\n<li>Plano gratuito para quem est\u00e1 come\u00e7ando;<\/li>\n\n\n\n<li>Planos pagos com mais recursos para acelerar o crescimento;<\/li>\n\n\n\n<li>Pre\u00e7o fixo mensal, sem cobran\u00e7a por venda realizada.<\/li>\n<\/ul>\n\n\n\n<h3 class=\"wp-block-heading\"><strong>Ferramentas que facilitam o dia a dia<\/strong><\/h3>\n\n\n\n<p>Com a Loja Integrada, voc\u00ea tem acesso a uma s\u00e9rie de recursos que automatizam tarefas e economizam tempo.<\/p>\n\n\n\n<ul class=\"wp-block-list\">\n<li>Cadastro r\u00e1pido de produtos;<\/li>\n\n\n\n<li>Emiss\u00e3o de pedidos e controle de estoque no painel;<\/li>\n\n\n\n<li>Op\u00e7\u00f5es de pagamento e c\u00e1lculo de frete integrados;<\/li>\n\n\n\n<li>Possibilidade de integrar com marketplaces, apps e ferramentas externas.<\/li>\n<\/ul>\n\n\n\n<blockquote class=\"wp-block-quote is-layout-flow wp-block-quote-is-layout-flow\">\n<p><a class=\"\" href=\"https:\/\/lojaintegrada.com.br\/hub\/dados-e-automacao-no-e-commerce\/\">Confira mais sobre nossos recursos de automa\u00e7\u00e3o<\/a><\/p>\n<\/blockquote>\n\n\n\n<h3 class=\"wp-block-heading\"><strong>Plataforma feita para evoluir com o seu neg\u00f3cio<\/strong><\/h3>\n\n\n\n<p>Ao contratar um plano da Loja Integrada, voc\u00ea n\u00e3o est\u00e1 apenas criando uma loja: est\u00e1 escolhendo uma plataforma que cresce com voc\u00ea.<\/p>\n\n\n\n<ul class=\"wp-block-list\">\n<li>Painel simples e intuitivo, f\u00e1cil de usar;<\/li>\n\n\n\n<li>Recursos avan\u00e7ados nos planos superiores;<\/li>\n\n\n\n<li>Atualiza\u00e7\u00f5es constantes e melhorias na plataforma.<\/li>\n<\/ul>\n\n\n\n<h3 class=\"wp-block-heading\"><strong>Suporte e comunidade ao seu lado<\/strong><\/h3>\n\n\n\n<p>Independentemente do plano, voc\u00ea n\u00e3o est\u00e1 sozinho. A Loja Integrada oferece suporte, conte\u00fados educativos e uma comunidade ativa para te ajudar.<\/p>\n\n\n\n<ul class=\"wp-block-list\">\n<li>Acesso \u00e0 Central de Ajuda e \u00e0 Comunidade de lojistas;<\/li>\n\n\n\n<li>Conte\u00fados sobre ecommerce para aprender sempre;<\/li>\n\n\n\n<li>Suporte t\u00e9cnico dispon\u00edvel nos planos pagos.<\/li>\n<\/ul>\n\n\n<div class=\"wp-block-image\">\n<figure class=\"aligncenter size-full is-resized\"><a href=\"https:\/\/lojaintegrada.com.br/hub\/\/wp-content\/uploads\/2021\/08\/Bannerplanos.gif\"><img fetchpriority=\"high\" decoding=\"async\" width=\"800\" height=\"300\" src=\"https:\/\/lojaintegrada.com.br/hub\/\/wp-content\/uploads\/2021\/08\/Bannerplanos.gif\" alt=\"\" class=\"wp-image-34707\" style=\"width:800px;height:300px\" srcset=\"https:\/\/lojaintegrada.com.br/hub\/wp-content\/uploads\/2021\/08\/Bannerplanos.gif 800w, https:\/\/lojaintegrada.com.br/hub\/wp-content\/uploads\/2021\/08\/Bannerplanos-768x288.gif 768w\" sizes=\"(max-width: 800px) 100vw, 800px\" \/><\/a><\/figure>\n<\/div>\n\n\n<h3 class=\"wp-block-heading\"><strong>Como saber qual o melhor plano para meu neg\u00f3cio<\/strong><\/h3>\n\n\n\n<p>Escolher o plano ideal para sua loja virtual depende do est\u00e1gio do seu neg\u00f3cio, das suas necessidades atuais e dos seus objetivos de crescimento. Para facilitar, veja algumas dicas para entender qual plano pode ser o mais adequado para voc\u00ea:<\/p>\n\n\n\n<ul class=\"wp-block-list\">\n<li><strong>Se voc\u00ea est\u00e1 come\u00e7ando agora:<\/strong> O <strong>plano gratuito<\/strong> \u00e9 uma \u00f3tima porta de entrada. Ele oferece todos os recursos b\u00e1sicos para criar sua loja, cadastrar produtos e come\u00e7ar a vender sem custos fixos. Ideal para testar o mercado e aprender na pr\u00e1tica.<br><br><\/li>\n\n\n\n<li><strong>Se voc\u00ea quer expandir suas vendas:<\/strong> Os <strong>planos pagos<\/strong> oferecem ferramentas que ajudam a automatizar processos, criar promo\u00e7\u00f5es, integrar meios de pagamento e oferecer uma experi\u00eancia melhor para seus clientes. Se sua loja j\u00e1 tem movimento e voc\u00ea quer crescer, \u00e9 hora de considerar um plano com mais funcionalidades.<br><br><\/li>\n\n\n\n<li><strong>Se voc\u00ea precisa de mais controle e personaliza\u00e7\u00e3o:<\/strong> <strong>Planos superiores<\/strong> possibilitam acesso a integra\u00e7\u00f5es avan\u00e7adas, mais usu\u00e1rios para gerenciar a loja, relat\u00f3rios detalhados e recursos que tornam a gest\u00e3o do neg\u00f3cio mais eficiente.<br><br><\/li>\n\n\n\n<li><strong>Avalie o custo-benef\u00edcio:<\/strong> Lembre-se que nossos planos t\u00eam pre\u00e7o fixo mensal, sem cobran\u00e7a sobre as vendas. Isso significa que o investimento \u00e9 previs\u00edvel e voc\u00ea pode planejar o crescimento do seu neg\u00f3cio com tranquilidade.<\/li>\n<\/ul>\n\n\n\n<p>Se ainda tiver d\u00favidas, nossa equipe est\u00e1 pronta para ajudar voc\u00ea a escolher o plano que mais faz sentido para o seu projeto!<\/p>\n\n\n<div class=\"wp-block-image\">\n<figure class=\"aligncenter size-large is-resized\"><a href=\"https:\/\/lojaintegrada.com.br\/planos\/\"><img decoding=\"async\" src=\"https:\/\/lojaintegrada.com.br/hub\/\/wp-content\/uploads\/2021\/08\/image-2-1024x137.png\" alt=\"\" class=\"wp-image-34708\" style=\"width:768px;height:103px\"\/><\/a><\/figure>\n<\/div>\n\n\n<h2 class=\"wp-block-heading\">Como ser lojista na Loja Integrada?<\/h2>\n\n\n\n<p>Agora que voc\u00ea j\u00e1 conhece os <strong>principais benef\u00edcios de abrir sua loja virtual<\/strong> com a Loja Integrada, saiba que se tornar um lojista na nossa plataforma \u00e9 simples e r\u00e1pido.<\/p>\n\n\n\n<p>Voc\u00ea pode come\u00e7ar com o plano gratuito e, conforme sua loja cresce, escolher um dos planos pagos que mais se encaixam nas suas necessidades. Todos os planos oferecem uma plataforma intuitiva, com recursos que facilitam o dia a dia, desde o cadastro de produtos at\u00e9 a gest\u00e3o de vendas e estoque.<\/p>\n\n\n\n<p>Al\u00e9m disso, a Loja Integrada oferece <a href=\"https:\/\/landing.lojaintegrada.com.br\/escolha-dados-e-automacao\">ferramentas de automa\u00e7\u00e3o<\/a> que ajudam voc\u00ea a economizar tempo e ganhar efici\u00eancia \u2014 como integra\u00e7\u00e3o com meios de pagamento, c\u00e1lculo autom\u00e1tico de frete, controle de pedidos, entre outros.<\/p>\n\n\n\n<p>Para <strong><em>contratar um plano<\/em><\/strong>, aceitamos cart\u00e3o de cr\u00e9dito e boleto banc\u00e1rio, com cobran\u00e7a recorrente mensal para garantir a tranquilidade no pagamento.<\/p>\n\n\n\n<p>Pronto! \u00c9 s\u00f3 acessar o <a href=\"https:\/\/app.lojaintegrada.com.br\/painel\/login?next=%2Fpainel%2Ffaturamento%2Fmeu_plano\">painel da sua loja<\/a>, escolher o plano ideal para o seu neg\u00f3cio e come\u00e7ar a vender online com todo o suporte da Loja Integrada!<\/p>\n\n\n\n<p>&nbsp;<\/p>\n","protected":false},"excerpt":{"rendered":"<p>Muitos empreendedores que decidem transformar uma ideia em realidade e abrir uma loja virtual come\u00e7am essa jornada sozinhos. Eles assumem todas as responsabilidades do neg\u00f3cio, desde o cadastro de produtos at\u00e9 o atendimento p\u00f3s-venda. Nessas horas, contar com uma ajuda especializada pode fazer toda a diferen\u00e7a. Pensando nisso, a Loja Integrada oferece uma variedade de [&hellip;]<\/p>\n","protected":false},"author":65,"featured_media":34709,"comment_status":"open","ping_status":"open","sticky":false,"template":"","format":"standard","meta":{"content-type":"","two_page_speed":[],"footnotes":""},"categories":[2822],"tags":[],"class_list":["post-31202","post","type-post","status-publish","format-standard","has-post-thumbnail","hentry","category-institucional"],"yoast_head":"<!-- This site is optimized with the Yoast SEO plugin v23.9 - https:\/\/yoast.com\/wordpress\/plugins\/seo\/ -->\n<title>Seja lojista na Loja Integrada e tenha recursos para crescer<\/title>\n<meta name=\"description\" content=\"Conhe\u00e7a os Planos da Loja Integrada e saiba como os recursos e ferramentas podem alavancar suaas vendas. Seja lojista na Loja Integrada!\" \/>\n<meta name=\"robots\" content=\"index, follow, max-snippet:-1, max-image-preview:large, max-video-preview:-1\" \/>\n<link rel=\"canonical\" href=\"https:\/\/lojaintegrada.com.br/hub\/planos-loja-integrada\/\" \/>\n<meta property=\"og:locale\" content=\"pt_BR\" \/>\n<meta property=\"og:type\" content=\"article\" \/>\n<meta property=\"og:title\" content=\"Seja lojista na Loja Integrada e tenha recursos para crescer\" \/>\n<meta property=\"og:description\" content=\"Conhe\u00e7a os Planos da Loja Integrada e saiba como os recursos e ferramentas podem alavancar suaas vendas. Seja lojista na Loja Integrada!\" \/>\n<meta property=\"og:url\" content=\"https:\/\/lojaintegrada.com.br/hub\/planos-loja-integrada\/\" \/>\n<meta property=\"og:site_name\" content=\"Blog da Loja Integrada\" \/>\n<meta property=\"article:published_time\" content=\"2021-08-05T14:11:00+00:00\" \/>\n<meta property=\"article:modified_time\" content=\"2025-05-16T19:56:34+00:00\" \/>\n<meta property=\"og:image\" content=\"https:\/\/lojaintegrada.com.br/hub\/wp-content\/uploads\/2017\/07\/18-scaled-1.jpg\" \/>\n\t<meta property=\"og:image:width\" content=\"1920\" \/>\n\t<meta property=\"og:image:height\" content=\"1280\" \/>\n\t<meta property=\"og:image:type\" content=\"image\/jpeg\" \/>\n<meta name=\"author\" content=\"Gabriel Melo\" \/>\n<meta name=\"twitter:card\" content=\"summary_large_image\" \/>\n<meta name=\"twitter:label1\" content=\"Escrito por\" \/>\n\t<meta name=\"twitter:data1\" content=\"Gabriel Melo\" \/>\n\t<meta name=\"twitter:label2\" content=\"Est. tempo de leitura\" \/>\n\t<meta name=\"twitter:data2\" content=\"8 minutos\" \/>\n<script type=\"application\/ld+json\" class=\"yoast-schema-graph\">{\"@context\":\"https:\/\/schema.org\",\"@graph\":[{\"@type\":[\"Article\",\"BlogPosting\"],\"@id\":\"https:\/\/lojaintegrada.com.br/hub\/planos-loja-integrada\/#article\",\"isPartOf\":{\"@id\":\"https:\/\/lojaintegrada.com.br/hub\/planos-loja-integrada\/\"},\"author\":{\"name\":\"Gabriel Melo\",\"@id\":\"https:\/\/lojaintegrada.com.br/hub\/#\/schema\/person\/c79ea037d2c2e5bf998b0ec429f0c58c\"},\"headline\":\"Seja lojista na Loja Integrada e tenha recursos para crescer\",\"datePublished\":\"2021-08-05T14:11:00+00:00\",\"dateModified\":\"2025-05-16T19:56:34+00:00\",\"mainEntityOfPage\":{\"@id\":\"https:\/\/lojaintegrada.com.br/hub\/planos-loja-integrada\/\"},\"wordCount\":982,\"commentCount\":4,\"publisher\":{\"@id\":\"https:\/\/lojaintegrada.com.br/hub\/#organization\"},\"image\":{\"@id\":\"https:\/\/lojaintegrada.com.br/hub\/planos-loja-integrada\/#primaryimage\"},\"thumbnailUrl\":\"https:\/\/lojaintegrada.com.br/hub\/wp-content\/uploads\/2017\/07\/18-scaled-1.jpg\",\"articleSection\":[\"Institucional\"],\"inLanguage\":\"pt-BR\",\"potentialAction\":[{\"@type\":\"CommentAction\",\"name\":\"Comment\",\"target\":[\"https:\/\/lojaintegrada.com.br/hub\/planos-loja-integrada\/#respond\"]}]},{\"@type\":\"WebPage\",\"@id\":\"https:\/\/lojaintegrada.com.br/hub\/planos-loja-integrada\/\",\"url\":\"https:\/\/lojaintegrada.com.br/hub\/planos-loja-integrada\/\",\"name\":\"Seja lojista na Loja Integrada e tenha recursos para crescer\",\"isPartOf\":{\"@id\":\"https:\/\/lojaintegrada.com.br/hub\/#website\"},\"primaryImageOfPage\":{\"@id\":\"https:\/\/lojaintegrada.com.br/hub\/planos-loja-integrada\/#primaryimage\"},\"image\":{\"@id\":\"https:\/\/lojaintegrada.com.br/hub\/planos-loja-integrada\/#primaryimage\"},\"thumbnailUrl\":\"https:\/\/lojaintegrada.com.br/hub\/wp-content\/uploads\/2017\/07\/18-scaled-1.jpg\",\"datePublished\":\"2021-08-05T14:11:00+00:00\",\"dateModified\":\"2025-05-16T19:56:34+00:00\",\"description\":\"Conhe\u00e7a os Planos da Loja Integrada e saiba como os recursos e ferramentas podem alavancar suaas vendas. Seja lojista na Loja Integrada!\",\"breadcrumb\":{\"@id\":\"https:\/\/lojaintegrada.com.br/hub\/planos-loja-integrada\/#breadcrumb\"},\"inLanguage\":\"pt-BR\",\"potentialAction\":[{\"@type\":\"ReadAction\",\"target\":[\"https:\/\/lojaintegrada.com.br/hub\/planos-loja-integrada\/\"]}]},{\"@type\":\"ImageObject\",\"inLanguage\":\"pt-BR\",\"@id\":\"https:\/\/lojaintegrada.com.br/hub\/planos-loja-integrada\/#primaryimage\",\"url\":\"https:\/\/lojaintegrada.com.br/hub\/wp-content\/uploads\/2017\/07\/18-scaled-1.jpg\",\"contentUrl\":\"https:\/\/lojaintegrada.com.br/hub\/wp-content\/uploads\/2017\/07\/18-scaled-1.jpg\",\"width\":1920,\"height\":1280,\"caption\":\"Seja lojista PRO e tenha acesso a ainda mais recursos\"},{\"@type\":\"BreadcrumbList\",\"@id\":\"https:\/\/lojaintegrada.com.br/hub\/planos-loja-integrada\/#breadcrumb\",\"itemListElement\":[{\"@type\":\"ListItem\",\"position\":1,\"name\":\"In\u00edcio\",\"item\":\"https:\/\/lojaintegrada.com.br/hub\/\"},{\"@type\":\"ListItem\",\"position\":2,\"name\":\"Seja lojista na Loja Integrada e tenha recursos para crescer\"}]},{\"@type\":\"WebSite\",\"@id\":\"https:\/\/lojaintegrada.com.br/hub\/#website\",\"url\":\"https:\/\/lojaintegrada.com.br/hub\/\",\"name\":\"Blog da Loja Integrada\",\"description\":\"Conte\u00fado para ecommerce\",\"publisher\":{\"@id\":\"https:\/\/lojaintegrada.com.br/hub\/#organization\"},\"potentialAction\":[{\"@type\":\"SearchAction\",\"target\":{\"@type\":\"EntryPoint\",\"urlTemplate\":\"https:\/\/lojaintegrada.com.br/hub\/?s={search_term_string}\"},\"query-input\":{\"@type\":\"PropertyValueSpecification\",\"valueRequired\":true,\"valueName\":\"search_term_string\"}}],\"inLanguage\":\"pt-BR\"},{\"@type\":\"Organization\",\"@id\":\"https:\/\/lojaintegrada.com.br/hub\/#organization\",\"name\":\"Loja Integrada\",\"url\":\"https:\/\/lojaintegrada.com.br/hub\/\",\"logo\":{\"@type\":\"ImageObject\",\"inLanguage\":\"pt-BR\",\"@id\":\"https:\/\/lojaintegrada.com.br/hub\/#\/schema\/logo\/image\/\",\"url\":\"https:\/\/lojaintegrada.com.br/hub\/wp-content\/uploads\/2022\/05\/Loja-Integrada-RGB-Flat-Fundo-Branco-LOGO.png\",\"contentUrl\":\"https:\/\/lojaintegrada.com.br/hub\/wp-content\/uploads\/2022\/05\/Loja-Integrada-RGB-Flat-Fundo-Branco-LOGO.png\",\"width\":1394,\"height\":209,\"caption\":\"Loja Integrada\"},\"image\":{\"@id\":\"https:\/\/lojaintegrada.com.br/hub\/#\/schema\/logo\/image\/\"}},{\"@type\":\"Person\",\"@id\":\"https:\/\/lojaintegrada.com.br/hub\/#\/schema\/person\/c79ea037d2c2e5bf998b0ec429f0c58c\",\"name\":\"Gabriel Melo\",\"image\":{\"@type\":\"ImageObject\",\"inLanguage\":\"pt-BR\",\"@id\":\"https:\/\/lojaintegrada.com.br/hub\/#\/schema\/person\/image\/\",\"url\":\"https:\/\/secure.gravatar.com\/avatar\/24bc8fb89176abd49ed271e80392591455b1986d3b9e2e64a918c9a2ea087010?s=96&d=mm&r=g\",\"contentUrl\":\"https:\/\/secure.gravatar.com\/avatar\/24bc8fb89176abd49ed271e80392591455b1986d3b9e2e64a918c9a2ea087010?s=96&d=mm&r=g\",\"caption\":\"Gabriel Melo\"},\"description\":\"Product Marketing Manager da Loja Integrada - Especialista em fazer ideias e construir o futuro das vendas digitais na Loja Integrada.\"}]}<\/script>\n<!-- \/ Yoast SEO plugin. -->","yoast_head_json":{"title":"Seja lojista na Loja Integrada e tenha recursos para crescer","description":"Conhe\u00e7a os Planos da Loja Integrada e saiba como os recursos e ferramentas podem alavancar suaas vendas. Seja lojista na Loja Integrada!","robots":{"index":"index","follow":"follow","max-snippet":"max-snippet:-1","max-image-preview":"max-image-preview:large","max-video-preview":"max-video-preview:-1"},"canonical":"https:\/\/lojaintegrada.com.br/hub\/planos-loja-integrada\/","og_locale":"pt_BR","og_type":"article","og_title":"Seja lojista na Loja Integrada e tenha recursos para crescer","og_description":"Conhe\u00e7a os Planos da Loja Integrada e saiba como os recursos e ferramentas podem alavancar suaas vendas. Seja lojista na Loja Integrada!","og_url":"https:\/\/lojaintegrada.com.br/hub\/planos-loja-integrada\/","og_site_name":"Blog da Loja Integrada","article_published_time":"2021-08-05T14:11:00+00:00","article_modified_time":"2025-05-16T19:56:34+00:00","og_image":[{"width":1920,"height":1280,"url":"https:\/\/lojaintegrada.com.br/hub\/wp-content\/uploads\/2017\/07\/18-scaled-1.jpg","type":"image\/jpeg"}],"author":"Gabriel Melo","twitter_card":"summary_large_image","twitter_misc":{"Escrito por":"Gabriel Melo","Est. tempo de leitura":"8 minutos"},"schema":{"@context":"https:\/\/schema.org","@graph":[{"@type":["Article","BlogPosting"],"@id":"https:\/\/lojaintegrada.com.br/hub\/planos-loja-integrada\/#article","isPartOf":{"@id":"https:\/\/lojaintegrada.com.br/hub\/planos-loja-integrada\/"},"author":{"name":"Gabriel Melo","@id":"https:\/\/lojaintegrada.com.br/hub\/#\/schema\/person\/c79ea037d2c2e5bf998b0ec429f0c58c"},"headline":"Seja lojista na Loja Integrada e tenha recursos para crescer","datePublished":"2021-08-05T14:11:00+00:00","dateModified":"2025-05-16T19:56:34+00:00","mainEntityOfPage":{"@id":"https:\/\/lojaintegrada.com.br/hub\/planos-loja-integrada\/"},"wordCount":982,"commentCount":4,"publisher":{"@id":"https:\/\/lojaintegrada.com.br/hub\/#organization"},"image":{"@id":"https:\/\/lojaintegrada.com.br/hub\/planos-loja-integrada\/#primaryimage"},"thumbnailUrl":"https:\/\/lojaintegrada.com.br/hub\/wp-content\/uploads\/2017\/07\/18-scaled-1.jpg","articleSection":["Institucional"],"inLanguage":"pt-BR","potentialAction":[{"@type":"CommentAction","name":"Comment","target":["https:\/\/lojaintegrada.com.br/hub\/planos-loja-integrada\/#respond"]}]},{"@type":"WebPage","@id":"https:\/\/lojaintegrada.com.br/hub\/planos-loja-integrada\/","url":"https:\/\/lojaintegrada.com.br/hub\/planos-loja-integrada\/","name":"Seja lojista na Loja Integrada e tenha recursos para crescer","isPartOf":{"@id":"https:\/\/lojaintegrada.com.br/hub\/#website"},"primaryImageOfPage":{"@id":"https:\/\/lojaintegrada.com.br/hub\/planos-loja-integrada\/#primaryimage"},"image":{"@id":"https:\/\/lojaintegrada.com.br/hub\/planos-loja-integrada\/#primaryimage"},"thumbnailUrl":"https:\/\/lojaintegrada.com.br/hub\/wp-content\/uploads\/2017\/07\/18-scaled-1.jpg","datePublished":"2021-08-05T14:11:00+00:00","dateModified":"2025-05-16T19:56:34+00:00","description":"Conhe\u00e7a os Planos da Loja Integrada e saiba como os recursos e ferramentas podem alavancar suaas vendas. Seja lojista na Loja Integrada!","breadcrumb":{"@id":"https:\/\/lojaintegrada.com.br/hub\/planos-loja-integrada\/#breadcrumb"},"inLanguage":"pt-BR","potentialAction":[{"@type":"ReadAction","target":["https:\/\/lojaintegrada.com.br/hub\/planos-loja-integrada\/"]}]},{"@type":"ImageObject","inLanguage":"pt-BR","@id":"https:\/\/lojaintegrada.com.br/hub\/planos-loja-integrada\/#primaryimage","url":"https:\/\/lojaintegrada.com.br/hub\/wp-content\/uploads\/2017\/07\/18-scaled-1.jpg","contentUrl":"https:\/\/lojaintegrada.com.br/hub\/wp-content\/uploads\/2017\/07\/18-scaled-1.jpg","width":1920,"height":1280,"caption":"Seja lojista PRO e tenha acesso a ainda mais recursos"},{"@type":"BreadcrumbList","@id":"https:\/\/lojaintegrada.com.br/hub\/planos-loja-integrada\/#breadcrumb","itemListElement":[{"@type":"ListItem","position":1,"name":"In\u00edcio","item":"https:\/\/lojaintegrada.com.br/hub\/"},{"@type":"ListItem","position":2,"name":"Seja lojista na Loja Integrada e tenha recursos para crescer"}]},{"@type":"WebSite","@id":"https:\/\/lojaintegrada.com.br/hub\/#website","url":"https:\/\/lojaintegrada.com.br/hub\/","name":"Blog da Loja Integrada","description":"Conte\u00fado para ecommerce","publisher":{"@id":"https:\/\/lojaintegrada.com.br/hub\/#organization"},"potentialAction":[{"@type":"SearchAction","target":{"@type":"EntryPoint","urlTemplate":"https:\/\/lojaintegrada.com.br/hub\/?s={search_term_string}"},"query-input":{"@type":"PropertyValueSpecification","valueRequired":true,"valueName":"search_term_string"}}],"inLanguage":"pt-BR"},{"@type":"Organization","@id":"https:\/\/lojaintegrada.com.br/hub\/#organization","name":"Loja Integrada","url":"https:\/\/lojaintegrada.com.br/hub\/","logo":{"@type":"ImageObject","inLanguage":"pt-BR","@id":"https:\/\/lojaintegrada.com.br/hub\/#\/schema\/logo\/image\/","url":"https:\/\/lojaintegrada.com.br/hub\/wp-content\/uploads\/2022\/05\/Loja-Integrada-RGB-Flat-Fundo-Branco-LOGO.png","contentUrl":"https:\/\/lojaintegrada.com.br/hub\/wp-content\/uploads\/2022\/05\/Loja-Integrada-RGB-Flat-Fundo-Branco-LOGO.png","width":1394,"height":209,"caption":"Loja Integrada"},"image":{"@id":"https:\/\/lojaintegrada.com.br/hub\/#\/schema\/logo\/image\/"}},{"@type":"Person","@id":"https:\/\/lojaintegrada.com.br/hub\/#\/schema\/person\/c79ea037d2c2e5bf998b0ec429f0c58c","name":"Gabriel Melo","image":{"@type":"ImageObject","inLanguage":"pt-BR","@id":"https:\/\/lojaintegrada.com.br/hub\/#\/schema\/person\/image\/","url":"https:\/\/secure.gravatar.com\/avatar\/24bc8fb89176abd49ed271e80392591455b1986d3b9e2e64a918c9a2ea087010?s=96&d=mm&r=g","contentUrl":"https:\/\/secure.gravatar.com\/avatar\/24bc8fb89176abd49ed271e80392591455b1986d3b9e2e64a918c9a2ea087010?s=96&d=mm&r=g","caption":"Gabriel Melo"},"description":"Product Marketing Manager da Loja Integrada - Especialista em fazer ideias e construir o futuro das vendas digitais na Loja Integrada."}]}},"_links":{"self":[{"href":"https:\/\/lojaintegrada.com.br/hub\/wp-json\/wp\/v2\/posts\/31202","targetHints":{"allow":["GET"]}}],"collection":[{"href":"https:\/\/lojaintegrada.com.br/hub\/wp-json\/wp\/v2\/posts"}],"about":[{"href":"https:\/\/lojaintegrada.com.br/hub\/wp-json\/wp\/v2\/types\/post"}],"author":[{"embeddable":true,"href":"https:\/\/lojaintegrada.com.br/hub\/wp-json\/wp\/v2\/users\/65"}],"replies":[{"embeddable":true,"href":"https:\/\/lojaintegrada.com.br/hub\/wp-json\/wp\/v2\/comments?post=31202"}],"version-history":[{"count":0,"href":"https:\/\/lojaintegrada.com.br/hub\/wp-json\/wp\/v2\/posts\/31202\/revisions"}],"wp:featuredmedia":[{"embeddable":true,"href":"https:\/\/lojaintegrada.com.br/hub\/wp-json\/wp\/v2\/media\/34709"}],"wp:attachment":[{"href":"https:\/\/lojaintegrada.com.br/hub\/wp-json\/wp\/v2\/media?parent=31202"}],"wp:term":[{"taxonomy":"category","embeddable":true,"href":"https:\/\/lojaintegrada.com.br/hub\/wp-json\/wp\/v2\/categories?post=31202"},{"taxonomy":"post_tag","embeddable":true,"href":"https:\/\/lojaintegrada.com.br/hub\/wp-json\/wp\/v2\/tags?post=31202"}],"curies":[{"name":"wp","href":"https:\/\/api.w.org\/{rel}","templated":true}]}}